{"id":2153,"date":"2019-02-05T18:18:41","date_gmt":"2019-02-05T16:18:41","guid":{"rendered":"https:\/\/fiaf.net\/regioni\/puglia\/?p=2153"},"modified":"2019-02-05T18:18:41","modified_gmt":"2019-02-05T16:18:41","slug":"rain-i-colori-dellinverno","status":"publish","type":"post","link":"https:\/\/fiaf.net\/puglia\/rain-i-colori-dellinverno\/","title":{"rendered":"RAIN I colori dell&#039;inverno"},"content":{"rendered":"<div data-block=\"true\" data-editor=\"4s2sn\" data-offset-key=\"6s89e-0-0\">\n<div data-offset-key=\"6s89e-0-0\"><span style=\"color: #000000\"><strong>&#8220;RAIN &#8211; I colori dell&#8217;inverno&#8221;<\/strong><\/span><\/div>\n<\/div>\n<div data-block=\"true\" data-editor=\"4s2sn\" data-offset-key=\"5rrnm-0-0\">\n<div data-offset-key=\"5rrnm-0-0\"><span style=\"color: #000000\"><strong>Mostra Fotografica personale di\u00a0\u00a0<\/strong><strong>Daniele Ficarelli<\/strong><\/span><\/div>\n<\/div>\n<div data-block=\"true\" data-editor=\"4s2sn\" data-offset-key=\"empvn-0-0\">\n<div data-offset-key=\"empvn-0-0\"><span style=\"color: #000000\">presso gli spazi espositivi<strong> del\u00a0<b>FotoCineClub di Foggi<\/b>a\u00a0 \u00a0<\/strong>via Ester Lojodice, 1\u00a0<\/span><\/div>\n<\/div>\n<div data-block=\"true\" data-editor=\"4s2sn\" data-offset-key=\"9n0pq-0-0\">\n<div data-offset-key=\"9n0pq-0-0\"><span style=\"color: #000000\"><strong>\u00a0<\/strong><\/span><\/div>\n<\/div>\n<div data-block=\"true\" data-editor=\"4s2sn\" data-offset-key=\"4da49-0-0\">\n<div data-offset-key=\"4da49-0-0\"><span style=\"color: #000000\"><strong>Vernissage 8 febbraio 2018 &#8211; h 19,30<br \/>\n<\/strong>La mostra \u00e8 visitabile tutti i giorni dal luned\u00ec al venerd\u00ec dalle 19.00 alle 20,30 fino al 28 febbraio.<br \/>\n<\/span><span style=\"color: #000000\">Ingresso libero.<\/span><br \/>\n<span style=\"color: #000000\"> ____________<\/span><\/div>\n<div data-offset-key=\"4da49-0-0\">\n<span style=\"color: #000000\">RAIN di Daniele Ficarelli\u00a0 &#8211; Sinossi<\/span><br \/>\n<span style=\"color: #000000\">La pioggia, per la gente comune, \u00e8 l\u2019equivalente del cattivo tempo, \u00e8 sinonimo di tristezza ed \u00e8 causa di fastidi.<\/span><br \/>\n<span style=\"color: #000000\"><b>Daniele Ficarelli<\/b> nella sua personale <b>\u201cRain\u201d &#8211; i colori dell\u2019inverno &#8211;<\/b> prova ad invertire questa idea con una serie di istantanee colte qui e l\u00e0 per la citt\u00e0 mostrando una vivacit\u00e0 di approccio ed una composizione originale che portano lo spettatore a vedere il lato colorato della situazione se non addirittura il lato allegro.<\/span><br \/>\n<span style=\"color: #000000\">Ombre e luci si alternano negli attraversamenti delle strade, ombrelli di tutte le fattezze fuggono da una parte all\u2019altra in cerca di riparo, tutto si muove in funzione della pioggia che costringe le persone ad affrettarsi e a non guardarsi attorno con un unico scopo, raggiungere la meta e mettersi al riparo.<\/span><br \/>\n<span style=\"color: #000000\">Daniele osserva sornione questo andirivieni e scopre cos\u00ec la vulnerabilit\u00e0 della gente, il suo preoccuparsi, se non addirittura la sua ansia. Figure necessariamente anonime, indistinguibili e furtive si mostrano solo attraverso le loro sagome arricchite da ombrelli e copricapi\u00a0 multicolori. Le gocce di pioggia che si poggiano sui vetri amplificano e deformano queste figure fino a farle diventare irreali e fumettistici personaggi, tutto si colora e assume una veste nuova.<\/span><br \/>\n<span style=\"color: #000000\">Daniele Ficarelli pluripremiato fotografo, ha pi\u00f9 volte scelto la strada quale meta preferita per cercare spunto e creare le sue immagini, ora lo fa con un piglio ed una consapevolezza autoriale che pu\u00f2 sembrare ai pi\u00f9 un gioco, ma che in realt\u00e0 nasconde una grande capacit\u00e0 osservativa e di sintesi della realt\u00e0.<\/span><br \/>\n<span style=\"color: #000000\">Daniele Ficarelli ha voluto donare questa anteprima al FotoCineClub di Foggia che quest\u2019anno festeggia i suoi 50 anni di attivit\u00e0 a dimostrazione del suo legame con questo sodalizio che lo annovera da tempo tra i suoi soci e di cui da qualche anno \u00e8 membro del Consiglio Direttivo.<\/span><br \/>\n<span style=\"color: #000000\">.<\/span>\n<\/div>\n<div data-offset-key=\"4da49-0-0\"><a href=\"https:\/\/fiaf.net\/puglia\/wp-content\/uploads\/sites\/18\/2019\/02\/ficarelli.jpg\"><img loading=\"lazy\" decoding=\"async\" class=\"alignnone size-medium wp-image-2154\" alt=\"ficarelli\" src=\"https:\/\/fiaf.net\/puglia\/wp-content\/uploads\/sites\/18\/2019\/02\/ficarelli-215x300.jpg\" width=\"215\" height=\"300\" srcset=\"https:\/\/fiaf.net\/puglia\/wp-content\/uploads\/sites\/18\/2019\/02\/ficarelli-215x300.jpg 215w, https:\/\/fiaf.net\/puglia\/wp-content\/uploads\/sites\/18\/2019\/02\/ficarelli.jpg 689w\" sizes=\"auto, (max-width: 215px) 100vw, 215px\" \/><\/a><\/div>\n<\/div>\n\n    <div class=\"xs_social_share_widget xs_share_url after_content \t\tmain_content  wslu-style-1 wslu-share-box-shaped wslu-fill-colored wslu-none wslu-share-horizontal wslu-theme-font-no wslu-main_content\">\n\n\t\t\n        <ul>\n\t\t\t        <\/ul>\n    <\/div> \n","protected":false},"excerpt":{"rendered":"<p>&#8220;RAIN &#8211; I colori dell&#8217;inverno&#8221; Mostra Fotografica personale di\u00a0\u00a0Daniele Ficarelli presso gli spazi espositivi del\u00a0FotoCineClub di Foggia\u00a0 \u00a0via Ester Lojodice, &hellip;<\/p>\n","protected":false},"author":8,"featured_media":2154,"comment_status":"closed","ping_status":"closed","sticky":false,"template":"","format":"standard","meta":{"_acf_changed":false,"footnotes":""},"categories":[12],"tags":[],"class_list":["post-2153","post","type-post","status-publish","format-standard","has-post-thumbnail","hentry","category-mostre"],"acf":[],"_links":{"self":[{"href":"https:\/\/fiaf.net\/puglia\/wp-json\/wp\/v2\/posts\/2153","targetHints":{"allow":["GET"]}}],"collection":[{"href":"https:\/\/fiaf.net\/puglia\/wp-json\/wp\/v2\/posts"}],"about":[{"href":"https:\/\/fiaf.net\/puglia\/wp-json\/wp\/v2\/types\/post"}],"author":[{"embeddable":true,"href":"https:\/\/fiaf.net\/puglia\/wp-json\/wp\/v2\/users\/8"}],"replies":[{"embeddable":true,"href":"https:\/\/fiaf.net\/puglia\/wp-json\/wp\/v2\/comments?post=2153"}],"version-history":[{"count":0,"href":"https:\/\/fiaf.net\/puglia\/wp-json\/wp\/v2\/posts\/2153\/revisions"}],"wp:featuredmedia":[{"embeddable":true,"href":"https:\/\/fiaf.net\/puglia\/wp-json\/wp\/v2\/media\/2154"}],"wp:attachment":[{"href":"https:\/\/fiaf.net\/puglia\/wp-json\/wp\/v2\/media?parent=2153"}],"wp:term":[{"taxonomy":"category","embeddable":true,"href":"https:\/\/fiaf.net\/puglia\/wp-json\/wp\/v2\/categories?post=2153"},{"taxonomy":"post_tag","embeddable":true,"href":"https:\/\/fiaf.net\/puglia\/wp-json\/wp\/v2\/tags?post=2153"}],"curies":[{"name":"wp","href":"https:\/\/api.w.org\/{rel}","templated":true}]}}