{"id":3015,"date":"2022-03-23T01:38:23","date_gmt":"2022-03-23T00:38:23","guid":{"rendered":"https:\/\/fiaf.net\/puglia\/?p=3015"},"modified":"2022-03-27T12:11:07","modified_gmt":"2022-03-27T10:11:07","slug":"parigi-e-le-donne-2","status":"publish","type":"post","link":"https:\/\/fiaf.net\/puglia\/parigi-e-le-donne-2\/","title":{"rendered":"&#8220;Parigi e le donne&#8221; &#8211; Mostra fotografica di Teresa d&#8217;Agnessa"},"content":{"rendered":"<p class=\"western\" align=\"center\"><span style=\"font-family: Calibri, sans-serif;color: #000000\"><span style=\"font-size: large\"><span lang=\"fr-FR\"><b>Mostra fotografica &#8220;Parigi e le donne&#8221; <\/b><\/span><\/span><\/span><\/p>\n<p class=\"western\" align=\"center\"><span style=\"color: #000000\"><span style=\"font-family: Calibri, sans-serif\"><span style=\"font-size: large\"><span lang=\"fr-FR\">di <\/span><\/span><\/span><span style=\"font-family: Calibri, sans-serif\"><span style=\"font-size: large\"><span lang=\"fr-FR\"><b>Teresa d&#8217;Agnessa<\/b><\/span><\/span><\/span><\/span><\/p>\n<p class=\"western\" align=\"left\"><span style=\"color: #000000\"><em><span style=\"font-family: Calibri, sans-serif\"><span style=\"font-size: large\"><span lang=\"fr-FR\"> Sono insegnante, da anni socia del FotoCineClub di Foggia, che ha gi\u00e0 ospitato alcune mie mostre. Ho iniziato ad organizzare mostre fotografiche quando sono andata in pensione. <\/span><\/span><\/span><\/em><\/span><\/p>\n<p class=\"western\"><span style=\"color: #000000\"><em><span style=\"font-family: Calibri, sans-serif\"><span style=\"font-size: large\"> La mostra fotografica<\/span><\/span><\/em> <em><span style=\"font-family: Calibri, sans-serif\"><span style=\"font-size: large\"><span lang=\"fr-FR\">&#8220;Parigi e le donne&#8221;<\/span><\/span><\/span><\/em><b> <\/b><em><span style=\"font-family: Calibri, sans-serif\"><span style=\"font-size: large\">vuole essere un <\/span><\/span><\/em><em><span style=\"font-family: Calibri, sans-serif\"><span style=\"font-size: large\">omaggio<\/span><\/span><\/em><em><span style=\"font-family: Calibri, sans-serif\"><span style=\"font-size: large\"> alle donne di tutto il mondo, oltre che un&#8217;opera di sensibilizzazione e di divulgazione e una denuncia contro le violenze.<\/span><\/span><\/em><\/span><\/p>\n<p class=\"western\"><span style=\"color: #000000\"><em><span style=\"font-family: Calibri, sans-serif\"><span style=\"font-size: large\"><span lang=\"fr-FR\"> Ho iniziato a fotografare camminando per le strade di Parigi come faccio sempre, un po&#8217; per caso, perch\u00e9 riprendo quello che mi interessa, che mi parla e attira il mio sguardo. <\/span><\/span><\/span><\/em><\/span><\/p>\n<p class=\"western\"><span style=\"color: #000000\"><em><span style=\"font-family: Calibri, sans-serif\"><span style=\"font-size: large\"><span lang=\"fr-FR\"> Cos\u00ec, un poco alla volta ho scoperto e fotografato strade, piazze, stazioni di metropolitana e di tram con nomi di donne, opere di artiste e artisti di street art. <\/span><\/span><\/span><\/em><\/span><\/p>\n<p class=\"western\"><span style=\"color: #000000\"><em><span style=\"font-family: Calibri, sans-serif\"><span style=\"font-size: large\"><span lang=\"fr-FR\">Le fotografie della mostra, a colori, <\/span><\/span><\/span><\/em><em><span style=\"font-family: Calibri, sans-serif\"><span style=\"font-size: large\"><span lang=\"fr-FR\">evidenziano l&#8217;attenzione e l&#8217;omaggio <\/span><\/span><\/span><\/em><em><span style=\"font-family: Calibri, sans-serif\"><span style=\"font-size: large\"><span lang=\"fr-FR\">che, in particolare in questi ultimi anni, l&#8217;amministrazione di Parigi, le associazioni femminili, artiste ed artisti di street art rivolgono alle donne, aumentando la loro visibilit\u00e0 negli spazi pubblici.<\/span><\/span><\/span><\/em><\/span><\/p>\n<p class=\"western\"><span style=\"color: #000000\"><em><span style=\"font-family: Calibri, sans-serif\"><span style=\"font-size: large\"><span lang=\"fr-FR\"> Un po&#8217; alla volta mi \u00e8 nata l&#8217;idea di completare la ricerca per farne una mostra. C<\/span><\/span><\/span><\/em><em><span style=\"font-family: Calibri, sans-serif\"><span style=\"font-size: large\"><span lang=\"fr-FR\">os\u00ec, ho cercato altre testimonianze in vari quartieri della citt\u00e0. <\/span><\/span><\/span><\/em><\/span><\/p>\n<p class=\"western\"><span style=\"color: #000000\"><em><span style=\"font-family: Calibri, sans-serif\"><span style=\"font-size: large\"><span lang=\"fr-FR\"> La mostra \u00e8 visitabile dal 17 al 25 marzo 2022 dalle 18 alle 20 presso La Camera del Lavoro di Foggia in Via della Repubblica, 68.<\/span><\/span><\/span><\/em><\/span><\/p>\n<p>&nbsp;<\/p>\n<p>&nbsp;<\/p>\n<p><img loading=\"lazy\" decoding=\"async\" class=\"alignnone size-medium wp-image-3016\" src=\"https:\/\/fiaf.net\/puglia\/wp-content\/uploads\/sites\/18\/2022\/03\/Teresa-dAgnessa-Locandina-Parigi-e-le-Donne-212x300.jpg\" alt=\"\" width=\"212\" height=\"300\" srcset=\"https:\/\/fiaf.net\/puglia\/wp-content\/uploads\/sites\/18\/2022\/03\/Teresa-dAgnessa-Locandina-Parigi-e-le-Donne-212x300.jpg 212w, https:\/\/fiaf.net\/puglia\/wp-content\/uploads\/sites\/18\/2022\/03\/Teresa-dAgnessa-Locandina-Parigi-e-le-Donne-724x1024.jpg 724w, https:\/\/fiaf.net\/puglia\/wp-content\/uploads\/sites\/18\/2022\/03\/Teresa-dAgnessa-Locandina-Parigi-e-le-Donne-768x1086.jpg 768w, https:\/\/fiaf.net\/puglia\/wp-content\/uploads\/sites\/18\/2022\/03\/Teresa-dAgnessa-Locandina-Parigi-e-le-Donne-1086x1536.jpg 1086w, https:\/\/fiaf.net\/puglia\/wp-content\/uploads\/sites\/18\/2022\/03\/Teresa-dAgnessa-Locandina-Parigi-e-le-Donne-1448x2048.jpg 1448w, https:\/\/fiaf.net\/puglia\/wp-content\/uploads\/sites\/18\/2022\/03\/Teresa-dAgnessa-Locandina-Parigi-e-le-Donne-scaled.jpg 1810w\" sizes=\"auto, (max-width: 212px) 100vw, 212px\" \/>\u00a0 \u00a0 \u00a0 \u00a0 \u00a0 \u00a0 \u00a0 \u00a0 \u00a0 \u00a0 \u00a0 \u00a0 \u00a0 \u00a0 <img loading=\"lazy\" decoding=\"async\" class=\"alignnone size-medium wp-image-3017\" src=\"https:\/\/fiaf.net\/puglia\/wp-content\/uploads\/sites\/18\/2022\/03\/aaaaaaagg-300x228.jpg\" alt=\"\" width=\"300\" height=\"228\" \/><\/p>\n<p>&nbsp;<\/p>\n<p>&nbsp;<\/p>\n<p>&nbsp;<\/p>\n<p class=\"western\" lang=\"en-US\"><span style=\"font-family: Calibri, sans-serif\"><span style=\"font-size: large\"><span lang=\"fr-FR\">Note biografiche di <\/span><\/span><\/span><span style=\"font-family: Calibri, sans-serif\"><span style=\"font-size: large\"><span lang=\"fr-FR\"><b>TERESA d&#8217;AGNESSA<\/b><\/span><\/span><\/span><\/p>\n<p lang=\"en-US\"><span style=\"font-family: Calibri, sans-serif\"><span style=\"font-size: large\">Nata a Foggia, insegnante per professione, Teresa d&#8217;Agnessa \u00e8 fotografa per passione.<\/span><\/span><\/p>\n<p lang=\"en-US\"><span style=\"font-family: Calibri, sans-serif\"><span style=\"font-size: large\"> Ha contribuito alla promozione della lingua e della cultura francese impegnandosi presso il \u201cPalazzetto dell&#8217;Arte di Foggia Andrea Pazienza<\/span><\/span><span style=\"font-family: Calibri, sans-serif\"><span style=\"font-size: large\"><span lang=\"fr-FR\">\u201d<\/span><\/span><\/span><span style=\"font-family: Calibri, sans-serif\"><span style=\"font-size: large\">, sede per molti anni dell&#8217;Associazione Culturale Internazionale \u201cAlliance Fran\u00e7aise<\/span><\/span><span style=\"font-family: Calibri, sans-serif\"><span style=\"font-size: large\"><span lang=\"fr-FR\">\u201d<\/span><\/span><\/span><span style=\"font-family: Calibri, sans-serif\"><span style=\"font-size: large\">. <\/span><\/span><\/p>\n<p lang=\"en-US\"><span style=\"font-family: Calibri, sans-serif\"><span style=\"font-size: large\"> Autodidatta, si interessa alla fotografia da molti anni. \u00c8 socia del FotoCineClubFoggia BFI (Benemerito della Fotografia Italiana), EFI (Encomiabile della Fotografia Italiana), e della FIAF (Federazione Italiana Associazioni Fotografiche).<\/span><\/span><\/p>\n<p lang=\"en-US\"><span style=\"font-family: Calibri, sans-serif\"><span style=\"font-size: large\"> Ha viaggiato in vari Paesi del mondo ed ha esposto &#8220;scatti&#8221; relativi a diversi temi, in relazione ai suoi molteplici interessi. Con le sue foto coglie la variet\u00e0 delle persone e dei luoghi, esprime sensazioni ed emozioni. <\/span><\/span><\/p>\n<p lang=\"en-US\" align=\"center\"><span style=\"font-family: Calibri, sans-serif\"><span style=\"font-size: large\"><b>MOSTRE FOTOGRAFICHE PERSONALI<\/b><\/span><\/span><\/p>\n<p lang=\"en-US\"><span style=\"font-family: Calibri, sans-serif\"><span style=\"font-size: large\">2022: \u201cParigi e le donne\u201d <\/span><\/span><span style=\"font-family: Calibri, sans-serif\"><span style=\"font-size: large\"><span lang=\"fr-FR\"><i>Camera del Lavoro CGIL<\/i><\/span><\/span><\/span> <span style=\"font-family: Calibri, sans-serif\"><span style=\"font-size: large\"><span lang=\"fr-FR\">Foggia;<\/span><\/span><\/span><\/p>\n<p lang=\"en-US\"><span style=\"font-family: Calibri, sans-serif\"><span style=\"font-size: large\">2020: \u201cParigi e le donne\u201d <\/span><\/span><span style=\"font-family: Calibri, sans-serif\"><span style=\"font-size: large\"><span lang=\"fr-FR\">Associazione Culturale \u201c<\/span><\/span><\/span><span style=\"font-family: Calibri, sans-serif\"><span style=\"font-size: large\"><span lang=\"fr-FR\"><i>La Merlettaia\u201d<\/i><\/span><\/span><\/span> <span style=\"font-family: Calibri, sans-serif\"><span style=\"font-size: large\"><span lang=\"fr-FR\">Foggia- <\/span><\/span><\/span><\/p>\n<p lang=\"en-US\"><span style=\"font-family: Calibri, sans-serif\"><span style=\"font-size: large\"><span lang=\"fr-FR\">Riconoscimento FIAF;<\/span><\/span><\/span><\/p>\n<p lang=\"en-US\"><span style=\"font-family: Calibri, sans-serif\"><span style=\"font-size: large\">2019: \u201cRegarde le ciel\u201d<\/span><\/span><i><b> <\/b><\/i><span style=\"font-family: Calibri, sans-serif\"><span style=\"font-size: large\"><span lang=\"fr-FR\"><i>ParcoCitt\u00e0<\/i><\/span><\/span><\/span><i><b> <\/b><\/i><span style=\"font-family: Calibri, sans-serif\"><span style=\"font-size: large\"><span lang=\"fr-FR\"><i>Foggia<\/i><\/span><\/span><\/span> <span style=\"font-family: Calibri, sans-serif\"><span style=\"font-size: large\"><span lang=\"fr-FR\">&#8211;<\/span><\/span><\/span><b> <\/b><span style=\"font-family: Calibri, sans-serif\"><span style=\"font-size: large\"><span lang=\"fr-FR\">Riconoscimento FIAF;<\/span><\/span><\/span><\/p>\n<p lang=\"en-US\"><span style=\"font-family: Calibri, sans-serif\"><span style=\"font-size: large\">2018: <\/span><\/span><span style=\"font-family: Calibri, sans-serif\"><span style=\"font-size: large\"><span lang=\"fr-FR\">\u201cI muri di Foggia \u2026 parlano\u201d<\/span><\/span><\/span><b> <\/b><span style=\"font-family: Calibri, sans-serif\"><span style=\"font-size: large\"><span lang=\"fr-FR\"><i>ParcoCitt\u00e0 <\/i><\/span><\/span><\/span><span style=\"font-family: Calibri, sans-serif\"><span style=\"font-size: large\"><span lang=\"fr-FR\">Foggia<\/span><\/span><\/span> <span style=\"font-family: Calibri, sans-serif\"><span style=\"font-size: large\"><span lang=\"fr-FR\">&#8211; Riconoscimento FIAF; <\/span><\/span><\/span><\/p>\n<p lang=\"en-US\">\u201c<span style=\"font-family: Calibri, sans-serif\"><span style=\"font-size: large\"><span lang=\"fr-FR\">In Siria 2007 &#8211; 2008 Omaggio al popolo siriano\u201d &#8211; <\/span><\/span><\/span><span style=\"font-family: Calibri, sans-serif\"><span style=\"font-size: large\"><span lang=\"fr-FR\"><i>FotoCineClubFoggia <\/i><\/span><\/span><\/span><span style=\"font-family: Calibri, sans-serif\"><span style=\"font-size: large\"><span lang=\"fr-FR\">BFI, EFI <\/span><\/span><\/span><\/p>\n<p lang=\"en-US\"><span style=\"font-family: Calibri, sans-serif\"><span style=\"font-size: large\"><span lang=\"fr-FR\">Riconoscimento FIAF; <\/span><\/span><\/span><\/p>\n<p lang=\"en-US\"><span style=\"font-family: Calibri, sans-serif\"><span style=\"font-size: large\"><span lang=\"fr-FR\">2016: \u201cObiettivo Musica\u201d, <\/span><\/span><\/span><span style=\"font-family: Calibri, sans-serif\"><span style=\"font-size: large\"><span lang=\"fr-FR\"><i>Fondazione Banchi Uniti di <\/i><\/span><\/span><\/span><span style=\"font-family: Calibri, sans-serif\"><span style=\"font-size: large\"><span lang=\"fr-FR\"><i>Foggia<\/i><\/span><\/span><\/span><span style=\"font-family: Calibri, sans-serif\"><span style=\"font-size: large\"><span lang=\"fr-FR\"> &#8211; Riconoscimento FIAF; <\/span><\/span><\/span><\/p>\n<p lang=\"en-US\">\u201c<span style=\"font-family: Calibri, sans-serif\"><span style=\"font-size: large\"><span lang=\"fr-FR\">Marcovaldo &#8211; Citt\u00e0 e Natura\u201d, <\/span><\/span><\/span><span style=\"font-family: Calibri, sans-serif\"><span style=\"font-size: large\"><span lang=\"fr-FR\"><i>LUC <\/i><\/span><\/span><\/span><span style=\"font-family: Calibri, sans-serif\"><span style=\"font-size: large\"><span lang=\"fr-FR\">Manfredonia &#8211; Riconoscimento FIAF;<\/span><\/span><\/span><\/p>\n<p lang=\"en-US\">\u201c<span style=\"font-family: Calibri, sans-serif\"><span style=\"font-size: large\"><span lang=\"fr-FR\">Marcovaldo a Foggia &#8211; Citt\u00e0 e Natura<\/span><\/span><\/span><span style=\"font-family: Calibri, sans-serif\"><span style=\"font-size: large\"><span lang=\"fr-FR\"><b>\u201d<\/b><\/span><\/span><\/span> <span style=\"font-family: Calibri, sans-serif\"><span style=\"font-size: large\"><span lang=\"fr-FR\">&#8211; <\/span><\/span><\/span><span style=\"font-family: Calibri, sans-serif\"><span style=\"font-size: large\"><span lang=\"fr-FR\"><i>Palazzetto dell\u2019Arte <\/i><\/span><\/span><\/span><span style=\"font-family: Calibri, sans-serif\"><span style=\"font-size: large\"><span lang=\"fr-FR\">Foggia &#8211; <\/span><\/span><\/span><\/p>\n<p lang=\"en-US\"><span style=\"font-family: Calibri, sans-serif\"><span style=\"font-size: large\"><span lang=\"fr-FR\">Riconoscimento FIAF<\/span><\/span><\/span> <span style=\"font-family: Calibri, sans-serif\"><span style=\"font-size: large\"><span lang=\"fr-FR\">&#8211; Patrocinio T.C.I. <\/span><\/span><\/span><\/p>\n<p lang=\"en-US\"><span style=\"font-family: Calibri, sans-serif\"><span style=\"font-size: large\"><span lang=\"fr-FR\">2015: \u201cMondo Donna\u201d- <\/span><\/span><\/span><span style=\"font-family: Calibri, sans-serif\"><span style=\"font-size: large\"><span lang=\"fr-FR\"><i>AUSER-CGIL <\/i><\/span><\/span><\/span><span style=\"font-family: Calibri, sans-serif\"><span style=\"font-size: large\"><span lang=\"fr-FR\">Foggia;<\/span><\/span><\/span><\/p>\n<p lang=\"en-US\"><span style=\"font-family: Calibri, sans-serif\"><span style=\"font-size: large\"><span lang=\"fr-FR\">2014: \u201cNote \u2026 di viaggi\u201d- <\/span><\/span><\/span><span style=\"font-family: Calibri, sans-serif\"><span style=\"font-size: large\"><span lang=\"fr-FR\"><i>Fondazione \u201cTonino Gottarelli\u201d<\/i><\/span><\/span><\/span><i> <\/i><span style=\"font-family: Calibri, sans-serif\"><span style=\"font-size: large\"><span lang=\"fr-FR\">Imola; <\/span><\/span><\/span><\/p>\n<p lang=\"en-US\">\u201c<span style=\"font-family: Calibri, sans-serif\"><span style=\"font-size: large\"><span lang=\"fr-FR\">Donne dal Mondo 2\u201d &#8211; <\/span><\/span><\/span><span style=\"font-family: Calibri, sans-serif\"><span style=\"font-size: large\"><span lang=\"fr-FR\"><i>FotoCineClubFoggia <\/i><\/span><\/span><\/span><span style=\"font-family: Calibri, sans-serif\"><span style=\"font-size: large\"><span lang=\"fr-FR\">BFI, EFI &#8211;<\/span><\/span><\/span><b> <\/b><span style=\"font-family: Calibri, sans-serif\"><span style=\"font-size: large\"><span lang=\"fr-FR\">Riconoscimento FIAF; <\/span><\/span><\/span><\/p>\n<p lang=\"en-US\">\u201c<span style=\"font-family: Calibri, sans-serif\"><span style=\"font-size: large\"><span lang=\"fr-FR\">Donne dal Mondo\u201d- Associazione Culturale \u201c<\/span><\/span><\/span><span style=\"font-family: Calibri, sans-serif\"><span style=\"font-size: large\"><span lang=\"fr-FR\"><i>La Merlettaia\u201d<\/i><\/span><\/span><\/span> <span style=\"font-family: Calibri, sans-serif\"><span style=\"font-size: large\"><span lang=\"fr-FR\">Foggia;<\/span><\/span><\/span><\/p>\n<p lang=\"en-US\"><span style=\"font-family: Calibri, sans-serif\"><span style=\"font-size: large\"><span lang=\"fr-FR\">2008: \u201cSuggestioni &#8211; Viaggio tra le culture del mondo\u201d- <\/span><\/span><\/span><span style=\"font-family: Calibri, sans-serif\"><span style=\"font-size: large\"><span lang=\"fr-FR\"><i>Biblioteca Provinciale<\/i><\/span><\/span><\/span> <span style=\"font-family: Calibri, sans-serif\"><span style=\"font-size: large\"><span lang=\"fr-FR\"><i>La Magna<\/i><\/span><\/span><\/span><\/p>\n<p lang=\"en-US\"><span style=\"font-family: Calibri, sans-serif\"><span style=\"font-size: large\"><span lang=\"fr-FR\"><i>Capitana<\/i><\/span><\/span><\/span><span style=\"font-family: Calibri, sans-serif\"><span style=\"font-size: large\"><span lang=\"fr-FR\">, Foggia.<\/span><\/span><\/span><\/p>\n<p lang=\"en-US\" align=\"center\"><span style=\"font-family: Calibri, sans-serif\"><span style=\"font-size: large\"><b>MOSTRE FOTOGRAFICHE COLLETTIVE <\/b><\/span><\/span><\/p>\n<p lang=\"en-US\"><span style=\"color: #000000\"><span style=\"font-family: Calibri, sans-serif\"><span style=\"font-size: large\"><span lang=\"fr-FR\">2022: <\/span><\/span><\/span><\/span><span style=\"color: #000000\"><span style=\"font-family: Calibri, sans-serif\"><span style=\"font-size: large\"><span lang=\"fr-FR\">\u201cFoggia Fotografia &#8211; La Puglia senza confini\u201d<\/span><\/span><\/span><\/span> <span style=\"color: #000000\"><span style=\"font-family: Calibri, sans-serif\"><span style=\"font-size: large\"><span lang=\"fr-FR\"><i>FotoCineClubFoggia <\/i><\/span><\/span><\/span><\/span><span style=\"color: #000000\"><span style=\"font-family: Calibri, sans-serif\"><span style=\"font-size: large\"><span lang=\"fr-FR\">BFI, EFI;<\/span><\/span><\/span><\/span><\/p>\n<p lang=\"en-US\"><span style=\"color: #000000\"><span style=\"font-family: Calibri, sans-serif\"><span style=\"font-size: large\"><span lang=\"fr-FR\">2021: <\/span><\/span><\/span><\/span><span style=\"font-family: Calibri, sans-serif\"><span style=\"font-size: large\"><span lang=\"fr-FR\">\u201c<\/span><\/span><\/span><span style=\"font-family: Calibri, sans-serif\"><span style=\"font-size: large\">Foggia Fotografia &#8211; La Puglia senza confini<\/span><\/span><span style=\"font-family: Calibri, sans-serif\"><span style=\"font-size: large\"><span lang=\"fr-FR\">\u201d<\/span><\/span><\/span> <span style=\"font-family: Calibri, sans-serif\"><span style=\"font-size: large\"><i>FotoCineClubFoggia <\/i><\/span><\/span><span style=\"font-family: Calibri, sans-serif\"><span style=\"font-size: large\">BFI, EFI;<\/span><\/span><\/p>\n<p lang=\"en-US\"><span style=\"color: #000000\">\u201c<span style=\"font-family: Calibri, sans-serif\"><span style=\"font-size: large\"><span lang=\"fr-FR\">Rigenerazione\u201d Mail Art a cura dell&#8217;Associazione Culturale \u201c<\/span><\/span><\/span><\/span><span style=\"color: #000000\"><span style=\"font-family: Calibri, sans-serif\"><span style=\"font-size: large\"><span lang=\"fr-FR\"><i>La Merlettaia\u201d<\/i><\/span><\/span><\/span><\/span><span style=\"color: #000000\"><span style=\"font-family: Calibri, sans-serif\"><span style=\"font-size: large\"><span lang=\"fr-FR\"> Foggia;<\/span><\/span><\/span><\/span><\/p>\n<p lang=\"en-US\"><span style=\"color: #000000\">\u201c<span style=\"font-family: Calibri, sans-serif\"><span style=\"font-size: large\"><span lang=\"fr-FR\">Il Virus nella Fotografia\u201d <\/span><\/span><\/span><\/span><span style=\"color: #000000\"><span style=\"font-family: Calibri, sans-serif\"><span style=\"font-size: large\"><span lang=\"fr-FR\"><i>Fondazione dei Monti Uniti<\/i><\/span><\/span><\/span><\/span><span style=\"color: #000000\"><span style=\"font-family: Calibri, sans-serif\"><span style=\"font-size: large\"><span lang=\"fr-FR\"> Foggia e<\/span><\/span><\/span><\/span><\/p>\n<p lang=\"en-US\"><span style=\"color: #000000\"><span style=\"font-family: Calibri, sans-serif\"><span style=\"font-size: large\"><span lang=\"fr-FR\"><i>FotoCineClubFoggia <\/i><\/span><\/span><\/span><\/span><span style=\"color: #000000\"><span style=\"font-family: Calibri, sans-serif\"><span style=\"font-size: large\"><span lang=\"fr-FR\">BFI, EF I- Foggia; <\/span><\/span><\/span><\/span><\/p>\n<p lang=\"en-US\"><span style=\"color: #000000\"><span style=\"font-family: Calibri, sans-serif\"><span style=\"font-size: large\"><span lang=\"fr-FR\">2019: <\/span><\/span><\/span><\/span><span style=\"color: #000000\"><span style=\"font-family: Calibri, sans-serif\"><span style=\"font-size: large\"><span lang=\"fr-FR\">\u201cEx-voto\u201d<\/span><\/span><\/span><\/span><b> <\/b><span style=\"font-family: Calibri, sans-serif\"><span style=\"font-size: large\"><span lang=\"fr-FR\"><i>Aps Creo<\/i><\/span><\/span><\/span><span style=\"font-family: Calibri, sans-serif\"><span style=\"font-size: large\"><span lang=\"fr-FR\"> &#8211; Foggia;<\/span><\/span><\/span><\/p>\n<p lang=\"en-US\"><span style=\"color: #000000\"><span style=\"font-family: Calibri, sans-serif\"><span style=\"font-size: large\"><span lang=\"fr-FR\">\u201c<\/span><\/span><\/span><\/span><span style=\"color: #000000\"><span style=\"font-family: Calibri, sans-serif\"><span style=\"font-size: large\"><span lang=\"fr-FR\">50 anni del <\/span><\/span><\/span><\/span><span style=\"font-family: Calibri, sans-serif\"><span style=\"font-size: large\">FotoCineClubFoggia BFI, EFI<\/span><\/span><span style=\"color: #000000\"><span style=\"font-family: Calibri, sans-serif\"><span style=\"font-size: large\"><span lang=\"fr-FR\">\u201d<\/span><\/span><\/span><\/span><b> <\/b><span style=\"color: #000000\"><span style=\"font-family: Calibri, sans-serif\"><span style=\"font-size: large\"><span lang=\"fr-FR\"><i>Fondazione dei Monti Uniti<\/i><\/span><\/span><\/span><\/span><span style=\"color: #000000\"><span style=\"font-family: Calibri, sans-serif\"><span style=\"font-size: large\"><span lang=\"fr-FR\"> Foggia<\/span><\/span><\/span><\/span><\/p>\n<p lang=\"en-US\"><span style=\"color: #000000\"><span style=\"font-family: Calibri, sans-serif\"><span style=\"font-size: large\"><span lang=\"fr-FR\">e <\/span><\/span><\/span><\/span><span style=\"font-family: Calibri, sans-serif\"><span style=\"font-size: large\"><i>FotoCineClubFoggia <\/i><\/span><\/span><span style=\"font-family: Calibri, sans-serif\"><span style=\"font-size: large\">BFI, EF I- Foggia<\/span><\/span><span style=\"color: #000000\"><span style=\"font-family: Calibri, sans-serif\"><span style=\"font-size: large\"><span lang=\"fr-FR\">;<\/span><\/span><\/span><\/span><\/p>\n<p lang=\"en-US\"><span style=\"color: #000000\"><span style=\"font-family: Calibri, sans-serif\"><span style=\"font-size: large\"><span lang=\"fr-FR\">\u201cJaune\u201d<\/span><\/span><\/span><\/span><b> <\/b><span style=\"color: #000000\"><span style=\"font-family: Calibri, sans-serif\"><span style=\"font-size: large\"><span lang=\"fr-FR\">Concours-exposition \u201cReflets 2019<\/span><\/span><\/span><\/span><span style=\"color: #000000\"><span style=\"font-family: Calibri, sans-serif\"><span style=\"font-size: large\"><span lang=\"fr-FR\"><i>\u201d<\/i><\/span><\/span><\/span><\/span> <span style=\"color: #000000\"><span style=\"font-family: Calibri, sans-serif\"><span style=\"font-size: large\"><i>Salons Anatole France<\/i><\/span><\/span><\/span><span style=\"color: #000000\"><span style=\"font-family: Calibri, sans-serif\"><span style=\"font-size: large\"> &#8211;<\/span><\/span><\/span><\/p>\n<p lang=\"en-US\"><span style=\"color: #000000\"><span style=\"font-family: Calibri, sans-serif\"><span style=\"font-size: large\">Levallois (Paris);<\/span><\/span><\/span><\/p>\n<p lang=\"en-US\">\u201c<span style=\"font-family: Calibri, sans-serif\"><span style=\"font-size: large\">Foggia Fotografia &#8211; La Puglia senza confini<\/span><\/span><span style=\"font-family: Calibri, sans-serif\"><span style=\"font-size: large\"><span lang=\"fr-FR\">\u201d<\/span><\/span><\/span> <span style=\"font-family: Calibri, sans-serif\"><span style=\"font-size: large\"><i>FotoCineClubFoggia <\/i><\/span><\/span><span style=\"font-family: Calibri, sans-serif\"><span style=\"font-size: large\">BFI, EFI;<\/span><\/span><\/p>\n<p lang=\"en-US\"><span style=\"font-family: Calibri, sans-serif\"><span style=\"font-size: large\"><span lang=\"fr-FR\">2018: <\/span><\/span><\/span><span style=\"font-family: Calibri, sans-serif\"><span style=\"font-size: large\"><span lang=\"fr-FR\">\u201c<\/span><\/span><\/span><span style=\"font-family: Calibri, sans-serif\"><span style=\"font-size: large\">Foggia Fotografia &#8211; La Puglia senza confini<\/span><\/span><span style=\"font-family: Calibri, sans-serif\"><span style=\"font-size: large\"><span lang=\"fr-FR\">\u201d<\/span><\/span><\/span> <span style=\"font-family: Calibri, sans-serif\"><span style=\"font-size: large\"><i>FotoCineClubFoggia <\/i><\/span><\/span><span style=\"font-family: Calibri, sans-serif\"><span style=\"font-size: large\">BFI, EFI;<\/span><\/span><\/p>\n<p lang=\"en-US\"><span style=\"font-family: Calibri, sans-serif\"><span style=\"font-size: large\"><span lang=\"fr-FR\">2017: <\/span><\/span><\/span><span style=\"font-family: Calibri, sans-serif\"><span style=\"font-size: large\">\u201cIl nostro territorio &#8211; Foggia Fotografia &#8211; La Puglia senza confini<\/span><\/span><span style=\"font-family: Calibri, sans-serif\"><span style=\"font-size: large\"><span lang=\"fr-FR\">\u201d<\/span><\/span><\/span><\/p>\n<p lang=\"en-US\"><span style=\"font-family: Calibri, sans-serif\"><span style=\"font-size: large\"><i>FotoCineClubFoggia <\/i><\/span><\/span><span style=\"font-family: Calibri, sans-serif\"><span style=\"font-size: large\">BFI, EFI;<\/span><\/span><\/p>\n<p lang=\"en-US\">\u201c<span style=\"font-family: Calibri, sans-serif\"><span style=\"font-size: large\">Nel blu dipinto di blu<\/span><\/span><span style=\"font-family: Calibri, sans-serif\"><span style=\"font-size: large\"><span lang=\"fr-FR\">\u201d<\/span><\/span><\/span> <span style=\"font-family: Calibri, sans-serif\"><span style=\"font-size: large\"><span lang=\"fr-FR\"><i>Aps Creo<\/i><\/span><\/span><\/span><span style=\"font-family: Calibri, sans-serif\"><span style=\"font-size: large\"><span lang=\"fr-FR\"> &#8211; Foggia;<\/span><\/span><\/span><\/p>\n<p lang=\"en-US\">\u201c<span style=\"font-family: Calibri, sans-serif\"><span style=\"font-size: large\">Mon endroit pr\u00e9f\u00e9r\u00e9<\/span><\/span><span style=\"font-family: Calibri, sans-serif\"><span style=\"font-size: large\"><span lang=\"fr-FR\">\u201d<\/span><\/span><\/span><span style=\"font-family: Calibri, sans-serif\"><span style=\"font-size: large\"><span lang=\"fr-FR\"> Galerie d\u2019art contemporain <\/span><\/span><\/span><span style=\"font-family: Calibri, sans-serif\"><span style=\"font-size: large\"><span lang=\"fr-FR\"><i>Espace Christiane Peugeot &#8211;<\/i><\/span><\/span><\/span><\/p>\n<p lang=\"en-US\"><span style=\"font-family: Calibri, sans-serif\"><span style=\"font-size: large\"><span lang=\"fr-FR\">Paris;<\/span><\/span><\/span><\/p>\n<p lang=\"en-US\">\u201c<span style=\"font-family: Calibri, sans-serif\"><span style=\"font-size: large\"><span lang=\"fr-FR\">Metti una foto a cena\u201d<\/span><\/span><\/span> <span style=\"font-family: Calibri, sans-serif\"><span style=\"font-size: large\"><i>FotoCineClubFoggia <\/i><\/span><\/span><span style=\"font-family: Calibri, sans-serif\"><span style=\"font-size: large\">BFI, EFI;<\/span><\/span><\/p>\n<p lang=\"en-US\">\u201c<span style=\"font-family: Calibri, sans-serif\"><span style=\"font-size: large\"><span lang=\"fr-FR\">Fragments de Bretagne\u201d<\/span><\/span><\/span><span style=\"font-family: Calibri, sans-serif\"><span style=\"font-size: large\"><span lang=\"fr-FR\">, <\/span><\/span><\/span><span style=\"color: #000000\"><span style=\"font-family: Calibri, sans-serif\"><span style=\"font-size: large\"><span lang=\"fr-FR\">con Denise Moreau &#8211; <\/span><\/span><\/span><\/span><span style=\"font-family: Calibri, sans-serif\"><span style=\"font-size: large\"><span lang=\"fr-FR\"><i>Galerie Chapleau<\/i><\/span><\/span><\/span><span style=\"font-family: Calibri, sans-serif\"><span style=\"font-size: large\"><span lang=\"fr-FR\"> &#8211; <\/span><\/span><\/span><\/p>\n<p lang=\"en-US\"><span style=\"font-family: Calibri, sans-serif\"><span style=\"font-size: large\"><span lang=\"fr-FR\">Le Croisic \u2013 Bretagna <\/span><\/span><\/span><\/p>\n<p lang=\"en-US\"><span style=\"font-family: Calibri, sans-serif\"><span style=\"font-size: large\"><span lang=\"fr-FR\">2016: <\/span><\/span><\/span><span style=\"font-family: Calibri, sans-serif\"><span style=\"font-size: large\"><span lang=\"fr-FR\">\u201c<\/span><\/span><\/span><span style=\"font-family: Calibri, sans-serif\"><span style=\"font-size: large\">Foggia Fotografia &#8211; La Puglia senza confini<\/span><\/span><span style=\"font-family: Calibri, sans-serif\"><span style=\"font-size: large\"><span lang=\"fr-FR\">\u201d<\/span><\/span><\/span> <span style=\"font-family: Calibri, sans-serif\"><span style=\"font-size: large\"><i>FotoCineClubFoggia <\/i><\/span><\/span><span style=\"font-family: Calibri, sans-serif\"><span style=\"font-size: large\">BFI, EFI;<\/span><\/span><\/p>\n<p lang=\"en-US\">\u201c<span style=\"font-family: Calibri, sans-serif\"><span style=\"font-size: large\"><span lang=\"fr-FR\">Silhouette\u201d<\/span><\/span><\/span><span style=\"font-family: Calibri, sans-serif\"><span style=\"font-size: large\"><span lang=\"fr-FR\"> Galerie d\u2019art contemporain <\/span><\/span><\/span><span style=\"font-family: Calibri, sans-serif\"><span style=\"font-size: large\"><span lang=\"fr-FR\"><i>Espace Christiane Peugeot &#8211; <\/i><\/span><\/span><\/span><span style=\"font-family: Calibri, sans-serif\"><span style=\"font-size: large\"><span lang=\"fr-FR\">Paris <\/span><\/span><\/span><\/p>\n<p lang=\"en-US\"><span style=\"font-family: Calibri, sans-serif\"><span style=\"font-size: large\"><span lang=\"fr-FR\">Premio del pubblico; <\/span><\/span><\/span><\/p>\n<p lang=\"en-US\">\u201c<span style=\"font-family: Calibri, sans-serif\"><span style=\"font-size: large\"><span lang=\"fr-FR\">Reflets\u201d<\/span><\/span><\/span><span style=\"font-family: Calibri, sans-serif\"><span style=\"font-size: large\"><span lang=\"fr-FR\"> Galerie d\u2019art contemporain <\/span><\/span><\/span><span style=\"font-family: Calibri, sans-serif\"><span style=\"font-size: large\"><span lang=\"fr-FR\"><i>Espace Christiane Peugeot &#8211; <\/i><\/span><\/span><\/span><span style=\"font-family: Calibri, sans-serif\"><span style=\"font-size: large\"><span lang=\"fr-FR\">Paris <\/span><\/span><\/span><\/p>\n<p lang=\"en-US\"><span style=\"font-family: Calibri, sans-serif\"><span style=\"font-size: large\"><span lang=\"fr-FR\">Premio del pubblico;<\/span><\/span><\/span><\/p>\n<p lang=\"en-US\"><span style=\"font-family: Calibri, sans-serif\"><span style=\"font-size: large\"><span lang=\"fr-FR\">2015: <\/span><\/span><\/span><span style=\"font-family: Calibri, sans-serif\"><span style=\"font-size: large\"><span lang=\"fr-FR\">\u201c<\/span><\/span><\/span><span style=\"font-family: Calibri, sans-serif\"><span style=\"font-size: large\">La Luce &#8211; Foggia Fotografia &#8211; La Puglia senza confini<\/span><\/span><span style=\"font-family: Calibri, sans-serif\"><span style=\"font-size: large\"><span lang=\"fr-FR\">\u201d<\/span><\/span><\/span> <span style=\"font-family: Calibri, sans-serif\"><span style=\"font-size: large\"><i>FotoCineClubFoggia <\/i><\/span><\/span><span style=\"font-family: Calibri, sans-serif\"><span style=\"font-size: large\">BFI, EFI;<\/span><\/span><\/p>\n<p lang=\"en-US\">\u201c<span style=\"font-family: Calibri, sans-serif\"><span style=\"font-size: large\">Frammenti di Bretagna\u201d<\/span><\/span> <span style=\"color: #000000\"><span style=\"font-family: Calibri, sans-serif\"><span style=\"font-size: large\">con Denise Moreau &#8211; <\/span><\/span><\/span><span style=\"color: #000000\"><span style=\"font-family: Calibri, sans-serif\"><span style=\"font-size: large\"><i>ARCI Don Chisciotte<\/i><\/span><\/span><\/span><span style=\"color: #000000\"><span style=\"font-family: Calibri, sans-serif\"><span style=\"font-size: large\"> &#8211; Foggia;<\/span><\/span><\/span><\/p>\n<p lang=\"en-US\">\u201c<span style=\"font-family: Calibri, sans-serif\"><span style=\"font-size: large\">Spirito libero\u02ba<\/span><\/span><span style=\"font-family: Calibri, sans-serif\"><span style=\"font-size: large\"> &#8211; <\/span><\/span><span style=\"font-family: Calibri, sans-serif\"><span style=\"font-size: large\"><i>FotoCineClubFoggia <\/i><\/span><\/span><span style=\"font-family: Calibri, sans-serif\"><span style=\"font-size: large\">BFI, EFI;<\/span><\/span><\/p>\n<p lang=\"en-US\">\u201c<span style=\"font-family: Calibri, sans-serif\"><span style=\"font-size: large\">L&#8217;arte in Capitanata\u201d<\/span><\/span><span style=\"font-family: Calibri, sans-serif\"><span style=\"font-size: large\"> &#8211; <\/span><\/span><span style=\"color: #000000\"><span style=\"font-family: Calibri, sans-serif\"><span style=\"font-size: large\"><i>ARCI Don Chisciotte &#8211; <\/i><\/span><\/span><\/span><span style=\"font-family: Calibri, sans-serif\"><span style=\"font-size: large\">Foggia.<\/span><\/span><\/p>\n<p lang=\"en-US\" align=\"center\"><span style=\"font-family: Calibri, sans-serif\"><span style=\"font-size: large\"><b>ESPOSIZIONI PER MANIFESTAZIONI CULTURALI<\/b><\/span><\/span><\/p>\n<p lang=\"en-US\"><span style=\"font-family: Calibri, sans-serif\"><span style=\"font-size: large\"><span lang=\"fr-FR\">2019: <\/span><\/span><\/span><span style=\"font-family: Calibri, sans-serif\"><span style=\"font-size: large\"><span lang=\"fr-FR\">\u201cOvunque musica\u201d<\/span><\/span><\/span><span style=\"font-family: Calibri, sans-serif\"><span style=\"font-size: large\"><span lang=\"fr-FR\"> esposte in occasione dell&#8217;esibizione del gruppo musicale<\/span><\/span><\/span><\/p>\n<p lang=\"en-US\">\u201c<span style=\"font-family: Calibri, sans-serif\"><span style=\"font-size: large\"><span lang=\"fr-FR\">La Moresca\u201d- AUSER Foggia;<\/span><\/span><\/span><\/p>\n<p lang=\"en-US\"><span style=\"font-family: Calibri, sans-serif\"><span style=\"font-size: large\"><span lang=\"fr-FR\">2018: <\/span><\/span><\/span><span style=\"font-family: Calibri, sans-serif\"><span style=\"font-size: large\"><span lang=\"fr-FR\">\u201cM<\/span><\/span><\/span><span style=\"font-family: Calibri, sans-serif\"><span style=\"font-size: large\">anifestazione a Parigi contro la violenza alle donne<\/span><\/span><span style=\"font-family: Calibri, sans-serif\"><span style=\"font-size: large\"><span lang=\"fr-FR\">\u201d <\/span><\/span><\/span><span style=\"font-family: Calibri, sans-serif\"><span style=\"font-size: large\"><span lang=\"fr-FR\">esposte<\/span><\/span><\/span><span style=\"font-family: Calibri, sans-serif\"><span style=\"font-size: large\"> in occasione <\/span><\/span><\/p>\n<p lang=\"en-US\"><span style=\"font-family: Calibri, sans-serif\"><span style=\"font-size: large\">del monologo di Saviana Scalfi<\/span><\/span><span style=\"font-family: Calibri, sans-serif\"><span style=\"font-size: large\"><span lang=\"fr-FR\"> \u201c<\/span><\/span><\/span><span style=\"font-family: Calibri, sans-serif\"><span style=\"font-size: large\">Stupri impuniti &#8230; ma non per sempre<\/span><\/span><span style=\"font-family: Calibri, sans-serif\"><span style=\"font-size: large\">\u201dpresso<\/span><\/span><\/p>\n<p lang=\"en-US\"><span style=\"font-family: Calibri, sans-serif\"><span style=\"font-size: large\">ParcoCitt\u00e0 Foggia &#8211;<\/span><\/span><span style=\"font-family: Calibri, sans-serif\"><span style=\"font-size: large\"><span lang=\"fr-FR\"> organizzazione dell\u2019 Associazione Culturale \u201c<\/span><\/span><\/span><span style=\"font-family: Calibri, sans-serif\"><span style=\"font-size: large\"><span lang=\"fr-FR\"><i>La Merlettaia\u201d <\/i><\/span><\/span><\/span><\/p>\n<p lang=\"en-US\"><span style=\"font-family: Calibri, sans-serif\"><span style=\"font-size: large\"><span lang=\"fr-FR\">Foggia<\/span><\/span><\/span><span style=\"font-family: Calibri, sans-serif\"><span style=\"font-size: large\">;<\/span><\/span><\/p>\n<p lang=\"en-US\"><span style=\"font-family: Calibri, sans-serif\"><span style=\"font-size: large\"><span lang=\"fr-FR\">2014: <\/span><\/span><\/span><span style=\"font-family: Calibri, sans-serif\"><span style=\"font-size: large\"><span lang=\"fr-FR\">\u201cSerata per la Siria\u201d<\/span><\/span><\/span><span style=\"font-family: Calibri, sans-serif\"><span style=\"font-size: large\"><span lang=\"fr-FR\">, \u201c<\/span><\/span><\/span><span style=\"font-family: Calibri, sans-serif\"><span style=\"font-size: large\"><span lang=\"fr-FR\"><i>Collettivo ChamS<\/i><\/span><\/span><\/span><span style=\"font-family: Calibri, sans-serif\"><span style=\"font-size: large\"><span lang=\"fr-FR\">\u201d <\/span><\/span><\/span><span style=\"font-family: Calibri, sans-serif\"><span style=\"font-size: large\"><span lang=\"fr-FR\"><i>Maison de la jeunesse<\/i><\/span><\/span><\/span><span style=\"font-family: Calibri, sans-serif\"><span style=\"font-size: large\"><span lang=\"fr-FR\"> Saint-Denis (Paris);<\/span><\/span><\/span><\/p>\n<p lang=\"en-US\"><span style=\"font-family: Calibri, sans-serif\"><span style=\"font-size: large\"><span lang=\"fr-FR\">2008: <\/span><\/span><\/span><span style=\"font-family: Calibri, sans-serif\"><span style=\"font-size: large\"><span lang=\"fr-FR\">Dibattito su <\/span><\/span><\/span><span style=\"font-family: Calibri, sans-serif\"><span style=\"font-size: large\">\u201c<\/span><\/span><span style=\"font-family: Calibri, sans-serif\"><span style=\"font-size: large\"><span lang=\"fr-FR\">Islam e laicit\u00e0\u201d<\/span><\/span><\/span><span style=\"font-family: Calibri, sans-serif\"><span style=\"font-size: large\"><span lang=\"fr-FR\">, Associazione Culturale \u201c<\/span><\/span><\/span><span style=\"font-family: Calibri, sans-serif\"><span style=\"font-size: large\"><span lang=\"fr-FR\"><i>La Merlettaia<\/i><\/span><\/span><\/span><span style=\"font-family: Calibri, sans-serif\"><span style=\"font-size: large\"><span lang=\"fr-FR\">\u201d Foggia;<\/span><\/span><\/span><\/p>\n<p lang=\"en-US\">\u201c<span style=\"font-family: Calibri, sans-serif\"><span style=\"font-size: large\"><span lang=\"fr-FR\">La citt\u00e0 che desideriamo\u201d<\/span><\/span><\/span><span style=\"font-family: Calibri, sans-serif\"><span style=\"font-size: large\"><span lang=\"fr-FR\">, Manifestazione pubblica Piazza Giordano Foggia;<\/span><\/span><\/span><\/p>\n<p lang=\"en-US\"><span style=\"font-family: Calibri, sans-serif\"><span style=\"font-size: large\"><span lang=\"fr-FR\">2007: <\/span><\/span><\/span><span style=\"font-family: Calibri, sans-serif\"><span style=\"font-size: large\"><span lang=\"fr-FR\">\u201cL\u2019arte e la memoria\u201d<\/span><\/span><\/span><span style=\"font-family: Calibri, sans-serif\"><span style=\"font-size: large\"><span lang=\"fr-FR\">, <\/span><\/span><\/span><span style=\"font-family: Calibri, sans-serif\"><span style=\"font-size: large\"><span lang=\"fr-FR\"><i>Archeoclub<\/i><\/span><\/span><\/span><span style=\"font-family: Calibri, sans-serif\"><span style=\"font-size: large\"><span lang=\"fr-FR\"> Foggia<\/span><\/span><\/span><\/p>\n<p lang=\"en-US\" align=\"center\"><span style=\"color: #000080\"><span lang=\"zxx\"><span style=\"color: #000000\"><span style=\"font-family: Calibri, sans-serif\"><span style=\"font-size: large\"><b>CONCORSI<\/b><\/span><\/span><\/span><\/span><\/span><\/p>\n<p lang=\"en-US\"><span style=\"color: #000080\"><span lang=\"zxx\"><span style=\"color: #000000\"><span style=\"font-family: Calibri, sans-serif\"><span style=\"font-size: large\">2020 : <\/span><\/span><\/span><\/span><\/span><span style=\"color: #000080\"><span lang=\"zxx\"><span style=\"color: #000000\"><span style=\"font-family: Calibri, sans-serif\"><span style=\"font-size: large\"><span lang=\"fr-FR\">\u201c<\/span><\/span><\/span><\/span><\/span><\/span><strong><span style=\"font-family: Calibri, sans-serif\"><span style=\"font-size: large\">Trofeo la Montagna dell&#8217;Angelo<\/span><\/span><\/strong><strong><span style=\"font-family: Calibri, sans-serif\"><span style=\"font-size: large\"><span lang=\"fr-FR\">\u201d<\/span><\/span><\/span><\/strong><span style=\"color: #000080\"><span lang=\"zxx\"><span style=\"color: #000000\"><span style=\"font-family: Calibri, sans-serif\"><span style=\"font-size: large\"> &#8211; 5\u00b0 Concorso Fotografico Internazionale &#8211; <\/span><\/span><\/span><\/span><\/span><\/p>\n<p lang=\"en-US\"><span style=\"color: #000080\"><span lang=\"zxx\"><span style=\"color: #000000\"><span style=\"font-family: Calibri, sans-serif\"><span style=\"font-size: large\">Monte Sant&#8217;Angelo (Foggia) &#8211; Foto Ammessa : <\/span><\/span><\/span><\/span><\/span><span style=\"color: #000080\"><span lang=\"zxx\"><span style=\"color: #000000\"><span style=\"font-family: Calibri, sans-serif\"><span style=\"font-size: large\"><span lang=\"fr-FR\">\u201c<\/span><\/span><\/span><\/span><\/span><\/span><span style=\"color: #000080\"><span lang=\"zxx\"><span style=\"color: #000000\"><span style=\"font-family: Calibri, sans-serif\"><span style=\"font-size: large\">Brasile<\/span><\/span><\/span><\/span><\/span><span style=\"color: #000080\"><span lang=\"zxx\"><span style=\"color: #000000\"><span style=\"font-family: Calibri, sans-serif\"><span style=\"font-size: large\"><span lang=\"fr-FR\">\u201c<\/span><\/span><\/span><\/span><\/span><\/span><\/p>\n<p lang=\"en-US\">\u201c<span style=\"color: #000000\"><span style=\"font-family: Calibri, sans-serif\"><span style=\"font-size: large\"><span lang=\"fr-FR\">Il Virus nella Fotografia\u201d<\/span><\/span><\/span><\/span><span style=\"color: #000000\"><span style=\"font-family: Calibri, sans-serif\"><span style=\"font-size: large\"><span lang=\"fr-FR\"> &#8211; Concorso fotografico digitale del <\/span><\/span><\/span><\/span><span style=\"color: #000000\"><span style=\"font-family: Calibri, sans-serif\"><span style=\"font-size: large\"><span lang=\"fr-FR\"><i>FotoCineClubFoggia <\/i><\/span><\/span><\/span><\/span><\/p>\n<p lang=\"en-US\"><span style=\"color: #000000\"><span style=\"font-family: Calibri, sans-serif\"><span style=\"font-size: large\"><span lang=\"fr-FR\"><i>BFI, EFI &#8211; <\/i><\/span><\/span><\/span><\/span><span style=\"color: #000080\"><span lang=\"zxx\"><span style=\"color: #000000\"><span style=\"font-family: Calibri, sans-serif\"><span style=\"font-size: large\">Foto Ammessa : <\/span><\/span><\/span><\/span><\/span><span style=\"color: #000080\"><span lang=\"zxx\"><span style=\"color: #000000\"><span style=\"font-family: Calibri, sans-serif\"><span style=\"font-size: large\"><span lang=\"fr-FR\">\u201c<\/span><\/span><\/span><\/span><\/span><\/span><span style=\"color: #000080\"><span lang=\"zxx\"><span style=\"color: #000000\"><span style=\"font-family: Calibri, sans-serif\"><span style=\"font-size: large\">Al telefono con la mascherina<\/span><\/span><\/span><\/span><\/span><span style=\"color: #000080\"><span lang=\"zxx\"><span style=\"color: #000000\"><span style=\"font-family: Calibri, sans-serif\"><span style=\"font-size: large\"><span lang=\"fr-FR\"><i>\u201d <\/i><\/span><\/span><\/span><\/span><\/span><\/span><\/p>\n\n    <div class=\"xs_social_share_widget xs_share_url after_content \t\tmain_content  wslu-style-1 wslu-share-box-shaped wslu-fill-colored wslu-none wslu-share-horizontal wslu-theme-font-no wslu-main_content\">\n\n\t\t\n        <ul>\n\t\t\t        <\/ul>\n    <\/div> \n","protected":false},"excerpt":{"rendered":"<p>Mostra fotografica &#8220;Parigi e le donne&#8221; di Teresa d&#8217;Agnessa Sono insegnante, da anni socia del FotoCineClub di Foggia, che ha &hellip;<\/p>\n","protected":false},"author":8,"featured_media":3016,"comment_status":"closed","ping_status":"closed","sticky":false,"template":"","format":"standard","meta":{"_acf_changed":false,"footnotes":""},"categories":[12],"tags":[],"class_list":["post-3015","post","type-post","status-publish","format-standard","has-post-thumbnail","hentry","category-mostre"],"acf":[],"_links":{"self":[{"href":"https:\/\/fiaf.net\/puglia\/wp-json\/wp\/v2\/posts\/3015","targetHints":{"allow":["GET"]}}],"collection":[{"href":"https:\/\/fiaf.net\/puglia\/wp-json\/wp\/v2\/posts"}],"about":[{"href":"https:\/\/fiaf.net\/puglia\/wp-json\/wp\/v2\/types\/post"}],"author":[{"embeddable":true,"href":"https:\/\/fiaf.net\/puglia\/wp-json\/wp\/v2\/users\/8"}],"replies":[{"embeddable":true,"href":"https:\/\/fiaf.net\/puglia\/wp-json\/wp\/v2\/comments?post=3015"}],"version-history":[{"count":2,"href":"https:\/\/fiaf.net\/puglia\/wp-json\/wp\/v2\/posts\/3015\/revisions"}],"predecessor-version":[{"id":3019,"href":"https:\/\/fiaf.net\/puglia\/wp-json\/wp\/v2\/posts\/3015\/revisions\/3019"}],"wp:featuredmedia":[{"embeddable":true,"href":"https:\/\/fiaf.net\/puglia\/wp-json\/wp\/v2\/media\/3016"}],"wp:attachment":[{"href":"https:\/\/fiaf.net\/puglia\/wp-json\/wp\/v2\/media?parent=3015"}],"wp:term":[{"taxonomy":"category","embeddable":true,"href":"https:\/\/fiaf.net\/puglia\/wp-json\/wp\/v2\/categories?post=3015"},{"taxonomy":"post_tag","embeddable":true,"href":"https:\/\/fiaf.net\/puglia\/wp-json\/wp\/v2\/tags?post=3015"}],"curies":[{"name":"wp","href":"https:\/\/api.w.org\/{rel}","templated":true}]}}