{"id":3133,"date":"2022-08-28T12:34:02","date_gmt":"2022-08-28T10:34:02","guid":{"rendered":"https:\/\/fiaf.net\/puglia\/?p=3133"},"modified":"2022-08-28T12:34:02","modified_gmt":"2022-08-28T10:34:02","slug":"trasposizione-storica-dei-simulacri-dei-santi-medici","status":"publish","type":"post","link":"https:\/\/fiaf.net\/puglia\/trasposizione-storica-dei-simulacri-dei-santi-medici\/","title":{"rendered":"TRASPOSIZIONE STORICA DEI SIMULACRI DEI SANTI MEDICI"},"content":{"rendered":"<div class=\"page\" title=\"Page 1\">\n<div class=\"layoutArea\">\n<div class=\"column\">\n<p>Passa il tempo, passano le generazioni. Ognuno trasmette ad altri le proprie conoscenze. \u00c8 certo che questa generazione, come le precedenti, trasmetter\u00e0 alle generazioni future la devozione dei Santi Medici. Nel desiderio di novit\u00e0 e di miglioramento, gli anni futuri vedranno certamente &#8220;<em>la festa<\/em>&#8221; in una veste sempre pi\u00f9 bella e attraente.<\/p>\n<p>Ci troviamo ad Alberobello, quest\u2019anno cade la 386ma edizione della festa patronale dei santi medici Cosma e Damiano voluta da Giangirolamo II, Conte di Conversano.<\/p>\n<p>In tutti questi anni un particolare \u00e8 rimasto sconosciuto a molti; si tratta della trasposizione storica dei simulacri dei Santi Medici dalla grande teca, sita nel transetto sinistro della basilica di Alberobello, alla nuova allocazione dietro l\u2019altare maggiore. Dal 2004 questa operazione viene effettuata tramite una piccola processione alla presenza dei fedeli, mentre negli anni precedenti era richiesto l\u2019intervento di maestranze specializzate in quanto i simulacri venivano smontati, trasportati a dorso d\u2019uomo e rimontati. Tale trasposizione \u00e8 detta storica per distinguerla da quelle svoltesi negli anni successivi al 2003. Con l\u2019insediamento del nuovo arciprete don Giovanni Martellotta (1989\u20102012) il periodo di tempo dell\u2019esposizione dei simulacri dietro l\u2019altare \u00e8 stato stabilizzato in due mesi, dal 1\u00b0 settembre, giorno in cui avveniva il montaggio dietro l\u2019altare, al 31 ottobre, giorno dell\u2019allocazione nella grande teca. Le foto in oggetto riguardano le operazioni della trasposizione storica.<\/p>\n<p>&#8220;<em>Questa estate, durante un\u2019operazione di backup, ho ritrovato i files delle foto scattate nel 2003. Si tratta di un ricordo indelebile, i miei primi scatti con una fotocamera digitale. La tecnologia digitale in quel periodo era ancora agli albori per cui, dopo un buon lavoro di editing, ho analizzato le foto in un lavoro di post\u2010 produzione e successivamente convertite in bianco e nero (B&amp;N). Il motivo della scelta del B&amp;N sta nel suo fascino e perch\u00e9 rende in modo pi\u00f9 efficace il messaggio che si vuole trasmettere<\/em>&#8221; &#8211; ha dichiarato l&#8217;autore delle fotografie, <strong>Francesco Pinto<\/strong>, Presidente del locale Photoclub Alberobello &#8211; &#8220;<em>Come \u00e8 noto tra gli addetti ai lavori una fotografia in B&amp;N \u00e8 vicina alla poesia perch\u00e9, non essendo attratto dai colori che vede, porta l\u2019osservatore ad andare in profondit\u00e0 a esplorare i minimi particolari, parla, racconta, sussurra qualcosa che supera l\u2019immagine stessa. La luce assoluta e la totale assenza di luce sono i due estremi della tavolozza del fotografo in B&amp;N e all\u2019interno un\u2019infinit\u00e0 di sfumature di grigio. Il bianco si ottiene dalla somma di tutti i colori dello spettro elettromagnetico, psicologicamente rappresenta la purezza e d\u00e0 una sensazione di pace, di luce e di positivit\u00e0 ma anche di silenzio e di vuoto. Il nero \u00e8 la totale assenza di colore, assorbe tutti i colori dello spettro ed \u00e8 generalmente associato a fattori negativi, paura, senso dell\u2019ignoto, ma \u00e8 anche il colore dell\u2019eleganza che trasmette un senso di autorit\u00e0 e di sicurezza. Tra questi due confini si sviluppa la scala dei grigi che creano infinite sfumature e che rendono le immagini interessanti, piacevoli e altamente nostalgiche, arrivano a toccare i sentimenti pi\u00f9 profondi<\/em>&#8220;.<\/p>\n<p>La mostra sar\u00e0 inaugurata presso il Museo del Territorio ad Alberobello il 18 Settembre alle ore 18 e rester\u00e0 aperta dal 19 al 30 Settembre (orario: 10:00\u201012:00; 17:00\u201020:00).<\/p>\n<\/div>\n<p><img loading=\"lazy\" decoding=\"async\" class=\"size-medium wp-image-3135 aligncenter\" src=\"https:\/\/fiaf.net\/puglia\/wp-content\/uploads\/sites\/18\/2022\/08\/WhatsApp-Image-2022-08-25-at-13.20.19-1-282x300.jpeg\" alt=\"\" width=\"282\" height=\"300\" srcset=\"https:\/\/fiaf.net\/puglia\/wp-content\/uploads\/sites\/18\/2022\/08\/WhatsApp-Image-2022-08-25-at-13.20.19-1-282x300.jpeg 282w, https:\/\/fiaf.net\/puglia\/wp-content\/uploads\/sites\/18\/2022\/08\/WhatsApp-Image-2022-08-25-at-13.20.19-1-962x1024.jpeg 962w, https:\/\/fiaf.net\/puglia\/wp-content\/uploads\/sites\/18\/2022\/08\/WhatsApp-Image-2022-08-25-at-13.20.19-1-768x818.jpeg 768w, https:\/\/fiaf.net\/puglia\/wp-content\/uploads\/sites\/18\/2022\/08\/WhatsApp-Image-2022-08-25-at-13.20.19-1-1443x1536.jpeg 1443w, https:\/\/fiaf.net\/puglia\/wp-content\/uploads\/sites\/18\/2022\/08\/WhatsApp-Image-2022-08-25-at-13.20.19-1.jpeg 1503w\" sizes=\"auto, (max-width: 282px) 100vw, 282px\" \/><\/p>\n<\/div>\n<\/div>\n\n    <div class=\"xs_social_share_widget xs_share_url after_content \t\tmain_content  wslu-style-1 wslu-share-box-shaped wslu-fill-colored wslu-none wslu-share-horizontal wslu-theme-font-no wslu-main_content\">\n\n\t\t\n        <ul>\n\t\t\t        <\/ul>\n    <\/div> \n","protected":false},"excerpt":{"rendered":"<p>Passa il tempo, passano le generazioni. Ognuno trasmette ad altri le proprie conoscenze. \u00c8 certo che questa generazione, come le &hellip;<\/p>\n","protected":false},"author":97,"featured_media":3134,"comment_status":"closed","ping_status":"closed","sticky":false,"template":"","format":"standard","meta":{"_acf_changed":false,"footnotes":""},"categories":[12],"tags":[31,32,33,34],"class_list":["post-3133","post","type-post","status-publish","format-standard","has-post-thumbnail","hentry","category-mostre","tag-francesco-pinto","tag-alberobello","tag-photoclub-alberobello","tag-santi-medici"],"acf":[],"_links":{"self":[{"href":"https:\/\/fiaf.net\/puglia\/wp-json\/wp\/v2\/posts\/3133","targetHints":{"allow":["GET"]}}],"collection":[{"href":"https:\/\/fiaf.net\/puglia\/wp-json\/wp\/v2\/posts"}],"about":[{"href":"https:\/\/fiaf.net\/puglia\/wp-json\/wp\/v2\/types\/post"}],"author":[{"embeddable":true,"href":"https:\/\/fiaf.net\/puglia\/wp-json\/wp\/v2\/users\/97"}],"replies":[{"embeddable":true,"href":"https:\/\/fiaf.net\/puglia\/wp-json\/wp\/v2\/comments?post=3133"}],"version-history":[{"count":1,"href":"https:\/\/fiaf.net\/puglia\/wp-json\/wp\/v2\/posts\/3133\/revisions"}],"predecessor-version":[{"id":3136,"href":"https:\/\/fiaf.net\/puglia\/wp-json\/wp\/v2\/posts\/3133\/revisions\/3136"}],"wp:featuredmedia":[{"embeddable":true,"href":"https:\/\/fiaf.net\/puglia\/wp-json\/wp\/v2\/media\/3134"}],"wp:attachment":[{"href":"https:\/\/fiaf.net\/puglia\/wp-json\/wp\/v2\/media?parent=3133"}],"wp:term":[{"taxonomy":"category","embeddable":true,"href":"https:\/\/fiaf.net\/puglia\/wp-json\/wp\/v2\/categories?post=3133"},{"taxonomy":"post_tag","embeddable":true,"href":"https:\/\/fiaf.net\/puglia\/wp-json\/wp\/v2\/tags?post=3133"}],"curies":[{"name":"wp","href":"https:\/\/api.w.org\/{rel}","templated":true}]}}