{"id":3170,"date":"2022-09-23T23:12:50","date_gmt":"2022-09-23T21:12:50","guid":{"rendered":"https:\/\/fiaf.net\/puglia\/?p=3170"},"modified":"2022-09-23T23:12:50","modified_gmt":"2022-09-23T21:12:50","slug":"fotoarte-mostre-2022","status":"publish","type":"post","link":"https:\/\/fiaf.net\/puglia\/fotoarte-mostre-2022\/","title":{"rendered":"FotoArte Taranto 2022"},"content":{"rendered":"<p><main id=\"content\" class=\"neve-main\"><\/p>\n<div class=\"container single-page-container\">\n<div class=\"row\">\n<div class=\"nv-single-page-wrap col\">\n<div class=\"nv-page-title-wrap nv-big-title\">\n<div class=\"nv-page-title \">\n<p>Il Circolo Fotografico \u201cIl Castello\u201d organizza il festival annuale di FotoArteTaranto 2022, giunto alla sua 19\u00aa edizione e finalmente tornato in presenza.<\/p>\n<p class=\"p3\">In questa terra storicamente assetata di acqua e al contempo di vita, di cultura, di conoscenza, FotoArte \u00e8 diventato promotore della creazione di un network e di momenti di socialit\u00e0, di esperienze positive di crescita e di interazione.<\/p>\n<h1>Mostre<\/h1>\n<\/div>\n<\/div>\n<div class=\"nv-content-wrap entry-content\">\n<h2>Ilaria Sagaria vincitrice Portfolio Italia 2021 con il portfolio \u201cPiena di grazia\u201d<\/h2>\n<h5>dal 24 Settembre al 30 Settembre presso la Galleria Comunale del Castello (orari di apertura 9.00 \u2013 13.00 17.00 \u2013 20.00)<\/h5>\n<figure class=\"wp-block-image size-large is-resized\"><img loading=\"lazy\" decoding=\"async\" class=\"wp-image-163\" src=\"https:\/\/www.fotoartetaranto.it\/wp-content\/uploads\/2022\/09\/Ilaria-Sagaria-Piena-di-grazia-03-1024x683.jpg\" alt=\"\" width=\"877\" height=\"585\" \/><\/figure>\n<p>\u201cQuello che colpisce nelle fotografie di Ilaria \u00e8 la loro\u00a0capacit\u00e0 di trasportarci in un tempo antico dove misticismo e spiritualit\u00e0 trovano forma nel corpo femminile\u00a0che accoglie o respinge, che talvolta si nasconde. Siamo in un tempo che potrebbe essere il nostro.\u00a0Siamo nel tempo del sogno, della realt\u00e0, dell\u2019arte e della fotografia. Siamo nel tempo di Ilaria che narra con la voce calma di Penelope, timorosa di Pandora, disperata di Antigone, appassionata di Circe, furiosa di Medea, e piena di grazia di Maria. Ora, semplicemente, tocca a noi ascoltarle\u201d.<\/p>\n<div class=\"wp-block-spacer\" aria-hidden=\"true\"><\/div>\n<h2>Collettiva AFNI \u2013 \u201cDi Pietra e di Luce\u201d<\/h2>\n<h5>dal 24 Settembre al 30 Settembre presso la Galleria Comunale del Castello (orari di apertura 9.00 \u2013 13.00 17.00 \u2013 20.00)<\/h5>\n<figure class=\"wp-block-image size-large is-resized\"><img loading=\"lazy\" decoding=\"async\" class=\"wp-image-168\" src=\"https:\/\/www.fotoartetaranto.it\/wp-content\/uploads\/2022\/09\/WhatsApp-Image-2022-09-12-at-09.59.51-1024x684.jpeg\" alt=\"\" width=\"830\" height=\"554\" \/><\/figure>\n<p>La natura in Puglia merita di essere esplorata e conosciuta perch\u00e9 custodisce tesori ambientali e paesaggistici di grande rilevo, intrecciati spesso a tanti siti di notevole interesse storico, archeologico e paleontologico. Scomparsi o ridotti a piccoli residui preziosi i grandi boschi, che hanno fatto nei secoli spazio agli immensi pascoli e alle esigenze di un\u2019economia rurale divoratrice di territorio, la Puglia del terzo millennio \u00e8 ancora una delle regioni a pi\u00f9 alto indice di biodiversit\u00e0 vegetale e animale.<br \/>\nSvelare la peculiarit\u00e0 della Puglia come territorio da conoscere e tutelare \u00e8 uno dei temi costanti nei progetti fotografici dei soci dell\u2019AFNI Puglia. Amanti di una dimensione locale di cui sanno cogliere il fascino e l\u2019interesse, impreziosiscono i loro soggetti naturalistici con le sobrie ricchezze che questa regione sa offrire a profusione a chi sa cercare: scatti di flora e di fauna, ma anche scatti di pietra e di luce.<\/p>\n<div class=\"wp-block-spacer\" aria-hidden=\"true\"><\/div>\n<h2>Valentina Spagnulo \u2013 \u201cTaras\u201d Miglior Portfolio Under 30 al Festival di Fotografia Europea di Reggio Emilia<\/h2>\n<h5>dal 24 Settembre al 2 Ottobre presso il centro San Gaetano<\/h5>\n<p>Orari di apertura:<br \/>\nsabato 24\/9: dalle 10.00 alle 12.30 e dalle 16.00 alle 18.00<br \/>\ndomenica 25\/9: dalle 10.00 alle 12.30<br \/>\ndomenica 26\/9: CHIUSO<br \/>\nda marted\u00ec 27\/9 a venerd\u00ec 30\/9: dalle 18.00 alle 20.00<br \/>\nsabato 1\/10 e domenica 2\/10: dalle 10:00 alle 12:00 e dalle 18.00 alle 20.00<\/p>\n<figure class=\"wp-block-image size-large is-resized\"><img loading=\"lazy\" decoding=\"async\" class=\"wp-image-165\" src=\"https:\/\/www.fotoartetaranto.it\/wp-content\/uploads\/2022\/09\/taras-1024x683.jpg\" alt=\"\" width=\"858\" height=\"572\" \/><\/figure>\n<p>La grande industria alle porte di Taranto fu inaugurata nel 1965 e rappresentava il progresso. Il prezzo per questo \u201cprogresso\u201d, la citt\u00e0 lo ha pagato e lo sta pagando ancora oggi. La fotografia di Valentina Spagnulo \u00e8 artisticamente contaminata da altri media come audio, testi, video, ed \u00e8 corredata da supporti tattili inediti, per rendere la sua ricerca documentaristica e artistica un\u2019esperienza a 360\u00ba.<\/p>\n<div class=\"wp-block-spacer\" aria-hidden=\"true\"><\/div>\n<h2>Collettiva \u201cSguardi diversi\u201d<\/h2>\n<h5>dal 24 Settembre al 2 Ottobre presso il centro San Gaetano<\/h5>\n<p>Orari di apertura:<br \/>\nsabato 24\/9: dalle 10.00 alle 12.30 e dalle 16.00 alle 18.00<br \/>\ndomenica 25\/9: dalle 10.00 alle 12.30<br \/>\ndomenica 26\/9: CHIUSO<br \/>\nda marted\u00ec 27\/9 a venerd\u00ec 30\/9: dalle 18.00 alle 20.00<br \/>\nsabato 1\/10 e domenica 2\/10: dalle 10:00 alle 12:00 e dalle 18.00 alle 20.00<\/p>\n<figure class=\"wp-block-image size-large is-resized\"><img loading=\"lazy\" decoding=\"async\" class=\"wp-image-175\" src=\"https:\/\/www.fotoartetaranto.it\/wp-content\/uploads\/2022\/09\/Sguardi-diversi-1024x683.jpg\" alt=\"\" width=\"846\" height=\"564\" \/><\/figure>\n<p>Nel corso degli anni molti sono stati i fotografi ospiti di FotoArte. Molti di questi, affascinati dalla bellezza di questa citt\u00e0, sono andati in giro a fotografarla. Queste foto mostrano un punto di vista diverso di gente abituata a vedere e a raccontare. Le foto in mostra sono di: Giorgio Ciardo, Alessandro Cirillo, Giulio Di Meo, Carlo Garzia, Uliano Lucas, Alex Mezzenga, Franco Sortini, Giuseppe Tangorra.<\/p>\n<p>La foto \u00e8 di Franco Sortini.<\/p>\n<div class=\"wp-block-spacer\" aria-hidden=\"true\"><\/div>\n<h2>Angelo Greco \u2013 40\u00b029\u2019N 17\u00b018\u2019E<br \/>\nObiettivo su Taranto. Coordinate e visioni prospettiche.<\/h2>\n<h5>dal 24 Settembre al 2 Ottobre presso il centro San Gaetano<\/h5>\n<p>Orari di apertura:<br \/>\nsabato 24\/9: dalle 10.00 alle 12.30 e dalle 16.00 alle 18.00<br \/>\ndomenica 25\/9: dalle 10.00 alle 12.30<br \/>\ndomenica 26\/9: CHIUSO<br \/>\nda marted\u00ec 27\/9 a venerd\u00ec 30\/9: dalle 18.00 alle 20.00<br \/>\nsabato 1\/10 e domenica 2\/10: dalle 10:00 alle 12:00 e dalle 18.00 alle 20.00<\/p>\n<figure class=\"wp-block-image size-large is-resized\"><img loading=\"lazy\" decoding=\"async\" class=\"wp-image-171\" src=\"https:\/\/www.fotoartetaranto.it\/wp-content\/uploads\/2022\/09\/Angelo_Greco_M008-1-1024x1024.jpg\" alt=\"\" width=\"795\" height=\"795\" \/><\/figure>\n<p>40\u00b0 29\u2032 N 17\u00b0 18\u2032 E \u2013 sono le coordinate GPS di un punto nel mezzo del seno pi\u00f9 interno del Mar Piccolo, quello pi\u00f9 intimo di un mare che sembra un lago per la conformazione e per le acque piatte e calme. Un itinerario che fissa i passi necessari per raggiungere Taranto dall\u2019entroterra, partendo dalle campagne. Percorre castelli e masserie, ulivi secolari e gravine, attraverso profumi di timo e rosmarino, raggiunge il mare. Da qui un viaggio in barca, tra miticoltori e citri, con la citt\u00e0 di Taranto all\u2019orizzonte.<\/p>\n<div class=\"wp-block-spacer\" aria-hidden=\"true\"><\/div>\n<h2>Collettiva Soci CF Il Castello \u201cTaranto \u2013 I Quartieri\u201d<\/h2>\n<h5>dal 24 Settembre al 2 Ottobre presso il centro San Gaetano<\/h5>\n<p>Orari di apertura:<br \/>\nsabato 24\/9: dalle 10.00 alle 12.30 e dalle 16.00 alle 18.00<br \/>\ndomenica 25\/9: dalle 10.00 alle 12.30<br \/>\ndomenica 26\/9: CHIUSO<br \/>\nda marted\u00ec 27\/9 a venerd\u00ec 30\/9: dalle 18.00 alle 20.00<br \/>\nsabato 1\/10 e domenica 2\/10: dalle 10:00 alle 12:00 e dalle 18.00 alle 20.00<\/p>\n<figure class=\"wp-block-image size-large is-resized\"><img loading=\"lazy\" decoding=\"async\" class=\"wp-image-172\" src=\"https:\/\/www.fotoartetaranto.it\/wp-content\/uploads\/2022\/09\/mostra-soci-683x1024.jpg\" alt=\"\" width=\"564\" height=\"845\" \/><\/figure>\n<div class=\"wp-container-2 wp-block-group\">\n<div class=\"wp-block-group__inner-container\">\n<div class=\"wp-container-1 wp-block-group\">\n<div class=\"wp-block-group__inner-container\">\n<p>Il circolo fotografico Il Castello \u00e8 nato nel 1992, e quindi quest\u2019anno compie trent\u2019anni.<br \/>\nNel suo DNA ha sempre avuto una particolare propensione a raccontare i luoghi dove risiede.<br \/>\nQuesta attitudine l\u2019hanno voluta confermare in questo progetto che prevede di raccontare la citt\u00e0 attraverso i suoi quartieri.<br \/>\nQuartieri come ambiente, paesaggio e territorio. Al progetto che copre tutti i quartieri della citt\u00e0 hanno partecipato:<br \/>\nAlessandra Angeletti \u2013 Ezio Bruno \u2013 Francesco Cacciuttolo \u2013 Paolo De Mandato \u2013 Enzo Ferrari \u2013 Valentina Funetta \u2013 Fabio Guarini\u00a0 \u2013 Letizia Lo Prete \u2013 Doriana Lo Scialpo \u2013 Pierluca Lubello \u2013 Antonio Monaco \u2013 Raimondo Musolino \u2013 Bonaventura Novellino \u2013 Arsida Paraspuari \u2013 Lillo Palumbo \u2013 Tommaso Petrosino \u2013 Tiziana Ruggiero \u2013 Nicoletta Spinelli \u2013 Paola Valentini \u2013 Viviana Zito.<br \/>\nLa foto della mostra soci \u00e8 di Ezio Bruno.<\/p>\n<p><img loading=\"lazy\" decoding=\"async\" class=\"alignnone size-medium wp-image-3171\" src=\"https:\/\/fiaf.net\/puglia\/wp-content\/uploads\/sites\/18\/2022\/09\/mostre-300x169.jpeg\" alt=\"\" width=\"300\" height=\"169\" srcset=\"https:\/\/fiaf.net\/puglia\/wp-content\/uploads\/sites\/18\/2022\/09\/mostre-300x169.jpeg 300w, https:\/\/fiaf.net\/puglia\/wp-content\/uploads\/sites\/18\/2022\/09\/mostre-1024x576.jpeg 1024w, https:\/\/fiaf.net\/puglia\/wp-content\/uploads\/sites\/18\/2022\/09\/mostre-768x432.jpeg 768w, https:\/\/fiaf.net\/puglia\/wp-content\/uploads\/sites\/18\/2022\/09\/mostre-1536x864.jpeg 1536w, https:\/\/fiaf.net\/puglia\/wp-content\/uploads\/sites\/18\/2022\/09\/mostre-390x220.jpeg 390w, https:\/\/fiaf.net\/puglia\/wp-content\/uploads\/sites\/18\/2022\/09\/mostre.jpeg 2048w\" sizes=\"auto, (max-width: 300px) 100vw, 300px\" \/><\/p>\n<\/div>\n<\/div>\n<\/div>\n<\/div>\n<\/div>\n<\/div>\n<\/div>\n<\/div>\n<p><\/main><\/p>\n<footer id=\"site-footer\" class=\"site-footer\">\n<div class=\"hfg_footer\">\n<div id=\"cb-row--footer-top\" class=\"footer--row footer-top layout-full-contained\" data-row-id=\"top\" data-show-on=\"desktop\">\n<div class=\"footer--row-inner footer-top-inner footer-content-wrap\">\n<div class=\"container\">\n<div class=\"hfg-grid nv-footer-content hfg-grid-top row--wrapper row \" data-section=\"hfg_footer_layout_top\">\n<div class=\"hfg-slot left\">\n<div class=\"builder-item desktop-left tablet-left mobile-left\">\n<div class=\"item--inner builder-item--footer-one-widgets\" data-section=\"neve_sidebar-widgets-footer-one-widgets\" data-item-id=\"footer-one-widgets\">\n<div class=\"widget-area\">\n<div id=\"block-27\" class=\"widget widget_block\"><\/div>\n<\/div>\n<\/div>\n<\/div>\n<\/div>\n<\/div>\n<\/div>\n<\/div>\n<\/div>\n<\/div>\n<\/footer>\n\n    <div class=\"xs_social_share_widget xs_share_url after_content \t\tmain_content  wslu-style-1 wslu-share-box-shaped wslu-fill-colored wslu-none wslu-share-horizontal wslu-theme-font-no wslu-main_content\">\n\n\t\t\n        <ul>\n\t\t\t        <\/ul>\n    <\/div> \n","protected":false},"excerpt":{"rendered":"<p>Il Circolo Fotografico \u201cIl Castello\u201d organizza il festival annuale di FotoArteTaranto 2022, giunto alla sua 19\u00aa edizione e finalmente tornato &hellip;<\/p>\n","protected":false},"author":8,"featured_media":3171,"comment_status":"closed","ping_status":"closed","sticky":false,"template":"","format":"standard","meta":{"_acf_changed":false,"footnotes":""},"categories":[12],"tags":[],"class_list":["post-3170","post","type-post","status-publish","format-standard","has-post-thumbnail","hentry","category-mostre"],"acf":[],"_links":{"self":[{"href":"https:\/\/fiaf.net\/puglia\/wp-json\/wp\/v2\/posts\/3170","targetHints":{"allow":["GET"]}}],"collection":[{"href":"https:\/\/fiaf.net\/puglia\/wp-json\/wp\/v2\/posts"}],"about":[{"href":"https:\/\/fiaf.net\/puglia\/wp-json\/wp\/v2\/types\/post"}],"author":[{"embeddable":true,"href":"https:\/\/fiaf.net\/puglia\/wp-json\/wp\/v2\/users\/8"}],"replies":[{"embeddable":true,"href":"https:\/\/fiaf.net\/puglia\/wp-json\/wp\/v2\/comments?post=3170"}],"version-history":[{"count":3,"href":"https:\/\/fiaf.net\/puglia\/wp-json\/wp\/v2\/posts\/3170\/revisions"}],"predecessor-version":[{"id":3174,"href":"https:\/\/fiaf.net\/puglia\/wp-json\/wp\/v2\/posts\/3170\/revisions\/3174"}],"wp:featuredmedia":[{"embeddable":true,"href":"https:\/\/fiaf.net\/puglia\/wp-json\/wp\/v2\/media\/3171"}],"wp:attachment":[{"href":"https:\/\/fiaf.net\/puglia\/wp-json\/wp\/v2\/media?parent=3170"}],"wp:term":[{"taxonomy":"category","embeddable":true,"href":"https:\/\/fiaf.net\/puglia\/wp-json\/wp\/v2\/categories?post=3170"},{"taxonomy":"post_tag","embeddable":true,"href":"https:\/\/fiaf.net\/puglia\/wp-json\/wp\/v2\/tags?post=3170"}],"curies":[{"name":"wp","href":"https:\/\/api.w.org\/{rel}","templated":true}]}}