{"id":3344,"date":"2023-09-23T15:08:28","date_gmt":"2023-09-23T13:08:28","guid":{"rendered":"https:\/\/fiaf.net\/puglia\/?p=3344"},"modified":"2023-09-23T15:08:28","modified_gmt":"2023-09-23T13:08:28","slug":"dallalto-fotografie-paesaggi-e-vedute","status":"publish","type":"post","link":"https:\/\/fiaf.net\/puglia\/dallalto-fotografie-paesaggi-e-vedute\/","title":{"rendered":"&#8220;DALL&#8217;ALTO &#8211; Fotografie, Paesaggi e Vedute&#8221;"},"content":{"rendered":"<p style=\"font-weight: 400\">Il 24 settembre alle ore 18:30 presso Casa delle Arti gi\u00e0 Casa Alberobello, sotto l&#8217;egida della FIAF, il Photoclub Alberobello ha il piacere di presentare alla cittadinanza e a quanti amano l&#8217;arte fotografica la mostra &#8220;DALL&#8217;ALTO &#8211; Fotografie, Paesaggi e Vedute&#8221;, un progetto di Cosimo Santoro.<\/p>\n<p style=\"font-weight: 400\">La fotografia spesso ci offre l&#8217;opportunit\u00e0 di conoscere persone il cui estro supera ogni nostra immaginazione. \u00c8 il caso di Cosimo, fotoamatore dal 1993. La sua prima fotocamera \u00e8 stata la Pentax ME Super, una reflex corredata da un vasto parco ottiche ancora in suo possesso. Da circa sei anni la fotografia tradizionale non gli dava pi\u00f9 stimoli, sentiva la necessit\u00e0 di esplorare nuovi range e ampliare il proprio bagaglio focalizzando la propria attenzione sulla fotografia area. Utilizza come veicoli, il delta motore, il gyrocopter e, a volte, l&#8217;elicottero. Questa passione lo ha cos\u00ec coinvolto che anche quando viaggia in aereo privilegia il posto vicino al finestrino in modo da effettuare degli scatti particolari. La sua attivit\u00e0 lavorativa non \u00e8 lontana dalla sua passione; infatti, lavora presso una storica azienda grafica del posto permettendogli, cos\u00ec, un occhio attento ai diversi colori cromatici, capisaldi della stampa fotografica. Autodidatta, sempre attento alle dinamiche e ai consigli dei pi\u00f9 esperti, Cosimo cerca di migliorare sempre e approfondire questo suo percorso con lo studio su riviste e libri specializzati made in USA.<\/p>\n<p style=\"font-weight: 400\">Le foto presenti in questa mostra sono state realizzate utilizzando una Canon EOS 5D Mark II corredato da un obiettivo Canon 24-105 mm f\/4 \u00e8 un corpo macchina Canon EOS 5DS + obiettivo Canon 24-70 mm f\/2.8.<\/p>\n<p style=\"font-weight: 400\">La mostra sar\u00e0 visitabile presso la Casa delle arti ad Alberobello dal 24 settembre all\u20198 ottobre dalle ore 17 alle ore 20.<\/p>\n<p><img loading=\"lazy\" decoding=\"async\" class=\"size-medium wp-image-3345 aligncenter\" src=\"https:\/\/fiaf.net\/puglia\/wp-content\/uploads\/sites\/18\/2023\/09\/Locandina-214x300.jpg\" alt=\"\" width=\"214\" height=\"300\" srcset=\"https:\/\/fiaf.net\/puglia\/wp-content\/uploads\/sites\/18\/2023\/09\/Locandina-214x300.jpg 214w, https:\/\/fiaf.net\/puglia\/wp-content\/uploads\/sites\/18\/2023\/09\/Locandina-729x1024.jpg 729w, https:\/\/fiaf.net\/puglia\/wp-content\/uploads\/sites\/18\/2023\/09\/Locandina-768x1079.jpg 768w, https:\/\/fiaf.net\/puglia\/wp-content\/uploads\/sites\/18\/2023\/09\/Locandina-1093x1536.jpg 1093w, https:\/\/fiaf.net\/puglia\/wp-content\/uploads\/sites\/18\/2023\/09\/Locandina.jpg 1139w\" sizes=\"auto, (max-width: 214px) 100vw, 214px\" \/><\/p>\n\n    <div class=\"xs_social_share_widget xs_share_url after_content \t\tmain_content  wslu-style-1 wslu-share-box-shaped wslu-fill-colored wslu-none wslu-share-horizontal wslu-theme-font-no wslu-main_content\">\n\n\t\t\n        <ul>\n\t\t\t        <\/ul>\n    <\/div> \n","protected":false},"excerpt":{"rendered":"<p>Il 24 settembre alle ore 18:30 presso Casa delle Arti gi\u00e0 Casa Alberobello, sotto l&#8217;egida della FIAF, il Photoclub Alberobello &hellip;<\/p>\n","protected":false},"author":97,"featured_media":3345,"comment_status":"closed","ping_status":"closed","sticky":false,"template":"","format":"standard","meta":{"_acf_changed":false,"footnotes":""},"categories":[8,12],"tags":[33,39],"class_list":["post-3344","post","type-post","status-publish","format-standard","has-post-thumbnail","hentry","category-incontri-autore","category-mostre","tag-photoclub-alberobello","tag-cosimo-santoro"],"acf":[],"_links":{"self":[{"href":"https:\/\/fiaf.net\/puglia\/wp-json\/wp\/v2\/posts\/3344","targetHints":{"allow":["GET"]}}],"collection":[{"href":"https:\/\/fiaf.net\/puglia\/wp-json\/wp\/v2\/posts"}],"about":[{"href":"https:\/\/fiaf.net\/puglia\/wp-json\/wp\/v2\/types\/post"}],"author":[{"embeddable":true,"href":"https:\/\/fiaf.net\/puglia\/wp-json\/wp\/v2\/users\/97"}],"replies":[{"embeddable":true,"href":"https:\/\/fiaf.net\/puglia\/wp-json\/wp\/v2\/comments?post=3344"}],"version-history":[{"count":3,"href":"https:\/\/fiaf.net\/puglia\/wp-json\/wp\/v2\/posts\/3344\/revisions"}],"predecessor-version":[{"id":3348,"href":"https:\/\/fiaf.net\/puglia\/wp-json\/wp\/v2\/posts\/3344\/revisions\/3348"}],"wp:featuredmedia":[{"embeddable":true,"href":"https:\/\/fiaf.net\/puglia\/wp-json\/wp\/v2\/media\/3345"}],"wp:attachment":[{"href":"https:\/\/fiaf.net\/puglia\/wp-json\/wp\/v2\/media?parent=3344"}],"wp:term":[{"taxonomy":"category","embeddable":true,"href":"https:\/\/fiaf.net\/puglia\/wp-json\/wp\/v2\/categories?post=3344"},{"taxonomy":"post_tag","embeddable":true,"href":"https:\/\/fiaf.net\/puglia\/wp-json\/wp\/v2\/tags?post=3344"}],"curies":[{"name":"wp","href":"https:\/\/api.w.org\/{rel}","templated":true}]}}