{"id":3789,"date":"2025-02-27T11:08:34","date_gmt":"2025-02-27T10:08:34","guid":{"rendered":"https:\/\/fiaf.net\/puglia\/?p=3789"},"modified":"2025-02-27T11:08:34","modified_gmt":"2025-02-27T10:08:34","slug":"tempo-al-tempo-il-progetto-di-gianluca-improta","status":"publish","type":"post","link":"https:\/\/fiaf.net\/puglia\/tempo-al-tempo-il-progetto-di-gianluca-improta\/","title":{"rendered":"Tempo al tempo \u2013 Il progetto di Gianluca Improta"},"content":{"rendered":"<p style=\"font-weight: 400\">Venerd\u00ec 28 febbraio alle ore 19,30 presso la sala Renzo Cambi del FotoCineClub di Foggia, video proiezione dal titolo \u201cTempo al tempo\u201d di Gianluca Improta che dialogher\u00e0 con i presenti.<\/p>\n<p style=\"font-weight: 400\"><img loading=\"lazy\" decoding=\"async\" class=\" wp-image-3790 aligncenter\" src=\"https:\/\/fiaf.net\/puglia\/wp-content\/uploads\/sites\/18\/2025\/02\/48_Mostra_Improta_FG-300x212.jpg\" alt=\"\" width=\"358\" height=\"253\" srcset=\"https:\/\/fiaf.net\/puglia\/wp-content\/uploads\/sites\/18\/2025\/02\/48_Mostra_Improta_FG-300x212.jpg 300w, https:\/\/fiaf.net\/puglia\/wp-content\/uploads\/sites\/18\/2025\/02\/48_Mostra_Improta_FG-1024x724.jpg 1024w, https:\/\/fiaf.net\/puglia\/wp-content\/uploads\/sites\/18\/2025\/02\/48_Mostra_Improta_FG-768x543.jpg 768w, https:\/\/fiaf.net\/puglia\/wp-content\/uploads\/sites\/18\/2025\/02\/48_Mostra_Improta_FG.jpg 1191w\" sizes=\"auto, (max-width: 358px) 100vw, 358px\" \/><\/p>\n<p style=\"font-weight: 400\">Gianluca Improta, foggiano, fotografo per passione, ha a lungo espresso in bianco e nero la sua idea di fotografia fin dai tempi in cui sviluppava da s\u00e9 le pellicole e quando, grazie alla sua esperienza di tipografo sperimentava gli utilizzi della pellicola litografica.<\/p>\n<p><img loading=\"lazy\" decoding=\"async\" class=\" wp-image-3791 aligncenter\" src=\"https:\/\/fiaf.net\/puglia\/wp-content\/uploads\/sites\/18\/2025\/02\/PHOTO-2025-02-24-19-13-44-300x200.jpg\" alt=\"\" width=\"452\" height=\"301\" srcset=\"https:\/\/fiaf.net\/puglia\/wp-content\/uploads\/sites\/18\/2025\/02\/PHOTO-2025-02-24-19-13-44-300x200.jpg 300w, https:\/\/fiaf.net\/puglia\/wp-content\/uploads\/sites\/18\/2025\/02\/PHOTO-2025-02-24-19-13-44-1024x682.jpg 1024w, https:\/\/fiaf.net\/puglia\/wp-content\/uploads\/sites\/18\/2025\/02\/PHOTO-2025-02-24-19-13-44-768x512.jpg 768w, https:\/\/fiaf.net\/puglia\/wp-content\/uploads\/sites\/18\/2025\/02\/PHOTO-2025-02-24-19-13-44-1536x1023.jpg 1536w, https:\/\/fiaf.net\/puglia\/wp-content\/uploads\/sites\/18\/2025\/02\/PHOTO-2025-02-24-19-13-44.jpg 1600w\" sizes=\"auto, (max-width: 452px) 100vw, 452px\" \/><\/p>\n<p style=\"font-weight: 400\">Si \u00e8 appassionato a moltissimi generi tra cui il ritratto, la figura ambientata e il nudo, poi ha scoperto il fascino delle citt\u00e0 e delle periferie traendone spunti spesso non comuni e caratterizzati da uno sguardo originale e mai incline al compiacimento.<\/p>\n<p><img loading=\"lazy\" decoding=\"async\" class=\" wp-image-3792 aligncenter\" src=\"https:\/\/fiaf.net\/puglia\/wp-content\/uploads\/sites\/18\/2025\/02\/PHOTO-2025-02-24-19-13-46_1-300x200.jpg\" alt=\"\" width=\"469\" height=\"312\" srcset=\"https:\/\/fiaf.net\/puglia\/wp-content\/uploads\/sites\/18\/2025\/02\/PHOTO-2025-02-24-19-13-46_1-300x200.jpg 300w, https:\/\/fiaf.net\/puglia\/wp-content\/uploads\/sites\/18\/2025\/02\/PHOTO-2025-02-24-19-13-46_1-1024x682.jpg 1024w, https:\/\/fiaf.net\/puglia\/wp-content\/uploads\/sites\/18\/2025\/02\/PHOTO-2025-02-24-19-13-46_1-768x512.jpg 768w, https:\/\/fiaf.net\/puglia\/wp-content\/uploads\/sites\/18\/2025\/02\/PHOTO-2025-02-24-19-13-46_1-1536x1023.jpg 1536w, https:\/\/fiaf.net\/puglia\/wp-content\/uploads\/sites\/18\/2025\/02\/PHOTO-2025-02-24-19-13-46_1.jpg 1600w\" sizes=\"auto, (max-width: 469px) 100vw, 469px\" \/><\/p>\n<p style=\"font-weight: 400\">La sua \u00e8 una poetica urbana altermoderna, dove gli elementi antropici sono l\u00ec privi del ventre che li ha generati, non giudicano n\u00e9 ammiccano, sopravvivendo a s\u00e9 stessi come biotipi scampati all&#8217;incendio in un bosco secolare, eterni e immoti, dove solo la luce \u00e8 in grado di smorzarne le ricchezze o di accentuarne le miserie e il sonno del sole a dettarne la percezione.<\/p>\n<p><img loading=\"lazy\" decoding=\"async\" class=\" wp-image-3793 aligncenter\" src=\"https:\/\/fiaf.net\/puglia\/wp-content\/uploads\/sites\/18\/2025\/02\/PHOTO-2025-02-24-19-13-47_3-300x200.jpg\" alt=\"\" width=\"431\" height=\"287\" srcset=\"https:\/\/fiaf.net\/puglia\/wp-content\/uploads\/sites\/18\/2025\/02\/PHOTO-2025-02-24-19-13-47_3-300x200.jpg 300w, https:\/\/fiaf.net\/puglia\/wp-content\/uploads\/sites\/18\/2025\/02\/PHOTO-2025-02-24-19-13-47_3-1024x682.jpg 1024w, https:\/\/fiaf.net\/puglia\/wp-content\/uploads\/sites\/18\/2025\/02\/PHOTO-2025-02-24-19-13-47_3-768x512.jpg 768w, https:\/\/fiaf.net\/puglia\/wp-content\/uploads\/sites\/18\/2025\/02\/PHOTO-2025-02-24-19-13-47_3-1536x1023.jpg 1536w, https:\/\/fiaf.net\/puglia\/wp-content\/uploads\/sites\/18\/2025\/02\/PHOTO-2025-02-24-19-13-47_3.jpg 1600w\" sizes=\"auto, (max-width: 431px) 100vw, 431px\" \/><\/p>\n<p style=\"font-weight: 400\">Il FotoCineClub Foggia continua anche per il 2025, a presentare autori attraverso mostre e video proiezioni continuando l\u2019attivit\u00e0 che da decenni lo ha caratterizzato come un importante centro culturale.<\/p>\n\n    <div class=\"xs_social_share_widget xs_share_url after_content \t\tmain_content  wslu-style-1 wslu-share-box-shaped wslu-fill-colored wslu-none wslu-share-horizontal wslu-theme-font-no wslu-main_content\">\n\n\t\t\n        <ul>\n\t\t\t        <\/ul>\n    <\/div> \n","protected":false},"excerpt":{"rendered":"<p>Venerd\u00ec 28 febbraio alle ore 19,30 presso la sala Renzo Cambi del FotoCineClub di Foggia, video proiezione dal titolo \u201cTempo &hellip;<\/p>\n","protected":false},"author":97,"featured_media":3790,"comment_status":"closed","ping_status":"closed","sticky":false,"template":"","format":"standard","meta":{"_acf_changed":false,"footnotes":""},"categories":[8,11],"tags":[],"class_list":["post-3789","post","type-post","status-publish","format-standard","has-post-thumbnail","hentry","category-incontri-autore","category-manifestazioni"],"acf":[],"_links":{"self":[{"href":"https:\/\/fiaf.net\/puglia\/wp-json\/wp\/v2\/posts\/3789","targetHints":{"allow":["GET"]}}],"collection":[{"href":"https:\/\/fiaf.net\/puglia\/wp-json\/wp\/v2\/posts"}],"about":[{"href":"https:\/\/fiaf.net\/puglia\/wp-json\/wp\/v2\/types\/post"}],"author":[{"embeddable":true,"href":"https:\/\/fiaf.net\/puglia\/wp-json\/wp\/v2\/users\/97"}],"replies":[{"embeddable":true,"href":"https:\/\/fiaf.net\/puglia\/wp-json\/wp\/v2\/comments?post=3789"}],"version-history":[{"count":1,"href":"https:\/\/fiaf.net\/puglia\/wp-json\/wp\/v2\/posts\/3789\/revisions"}],"predecessor-version":[{"id":3794,"href":"https:\/\/fiaf.net\/puglia\/wp-json\/wp\/v2\/posts\/3789\/revisions\/3794"}],"wp:featuredmedia":[{"embeddable":true,"href":"https:\/\/fiaf.net\/puglia\/wp-json\/wp\/v2\/media\/3790"}],"wp:attachment":[{"href":"https:\/\/fiaf.net\/puglia\/wp-json\/wp\/v2\/media?parent=3789"}],"wp:term":[{"taxonomy":"category","embeddable":true,"href":"https:\/\/fiaf.net\/puglia\/wp-json\/wp\/v2\/categories?post=3789"},{"taxonomy":"post_tag","embeddable":true,"href":"https:\/\/fiaf.net\/puglia\/wp-json\/wp\/v2\/tags?post=3789"}],"curies":[{"name":"wp","href":"https:\/\/api.w.org\/{rel}","templated":true}]}}