{"id":3903,"date":"2025-05-08T09:23:01","date_gmt":"2025-05-08T07:23:01","guid":{"rendered":"https:\/\/fiaf.net\/puglia\/?p=3903"},"modified":"2025-05-08T09:23:01","modified_gmt":"2025-05-08T07:23:01","slug":"mado-mostra-fotografica-di-scatti-della-festa-del-soccorso","status":"publish","type":"post","link":"https:\/\/fiaf.net\/puglia\/mado-mostra-fotografica-di-scatti-della-festa-del-soccorso\/","title":{"rendered":"MAD\u00d2 \u2013 MOSTRA FOTOGRAFICA DI SCATTI DELLA FESTA DEL SOCCORSO"},"content":{"rendered":"<p style=\"font-weight: 400\">Il Circolo fotografico \u201cEstate 1826\u201d \u00e8 lieto di annunciare l\u2019inaugurazione della mostra \u201cMad\u00f2 \u2013 Mostra fotografica di scatti della festa del Soccorso\u201d in data 15 maggio 2025 alle ore 19.00 presso la Galleria dei Celestini \u201cNino Casiglio\u201d in via Angelo Fraccacreta, 5.<\/p>\n<p><img loading=\"lazy\" decoding=\"async\" class=\" wp-image-3904 aligncenter\" src=\"https:\/\/fiaf.net\/puglia\/wp-content\/uploads\/sites\/18\/2025\/05\/68_SanSevero-210x300.jpeg\" alt=\"\" width=\"371\" height=\"530\" srcset=\"https:\/\/fiaf.net\/puglia\/wp-content\/uploads\/sites\/18\/2025\/05\/68_SanSevero-210x300.jpeg 210w, https:\/\/fiaf.net\/puglia\/wp-content\/uploads\/sites\/18\/2025\/05\/68_SanSevero-717x1024.jpeg 717w, https:\/\/fiaf.net\/puglia\/wp-content\/uploads\/sites\/18\/2025\/05\/68_SanSevero-768x1097.jpeg 768w, https:\/\/fiaf.net\/puglia\/wp-content\/uploads\/sites\/18\/2025\/05\/68_SanSevero-1075x1536.jpeg 1075w, https:\/\/fiaf.net\/puglia\/wp-content\/uploads\/sites\/18\/2025\/05\/68_SanSevero.jpeg 1120w\" sizes=\"auto, (max-width: 371px) 100vw, 371px\" \/><\/p>\n<p style=\"font-weight: 400\">Tale mostra, visitabile negli orari di apertura della Galleria fino al 20 maggio, rappresenta un percorso per immagini che celebra la festa patronale pi\u00f9 sentita e travolgente della citt\u00e0.<\/p>\n<p style=\"font-weight: 400\">I soci del Circolo, attraverso i loro occhi e i loro obiettivi, intendono raccontare l&#8217;anima multiforme di un avvenimento che va ben oltre il folklore: un\u2019esplosione di colori, rumori e sapori dove il sacro si intreccia al profano, il sociale si fonde con l\u2019antropologico, l\u2019eleganza delle processioni convive con i panni bruciati delle batterie.<\/p>\n<p style=\"font-weight: 400\">Ogni foto \u00e8 un tassello di quel mosaico di fede, passione e tradizione che vuole celebrare la complessit\u00e0 di un evento che ormai \u00e8 conosciuto ben oltre i confini cittadini e si pone come una delle feste pi\u00f9 spettacolari del Sud Italia.<\/p>\n\n    <div class=\"xs_social_share_widget xs_share_url after_content \t\tmain_content  wslu-style-1 wslu-share-box-shaped wslu-fill-colored wslu-none wslu-share-horizontal wslu-theme-font-no wslu-main_content\">\n\n\t\t\n        <ul>\n\t\t\t        <\/ul>\n    <\/div> \n","protected":false},"excerpt":{"rendered":"<p>Il Circolo fotografico \u201cEstate 1826\u201d \u00e8 lieto di annunciare l\u2019inaugurazione della mostra \u201cMad\u00f2 \u2013 Mostra fotografica di scatti della festa &hellip;<\/p>\n","protected":false},"author":97,"featured_media":3904,"comment_status":"closed","ping_status":"closed","sticky":false,"template":"","format":"standard","meta":{"_acf_changed":false,"footnotes":""},"categories":[12],"tags":[],"class_list":["post-3903","post","type-post","status-publish","format-standard","has-post-thumbnail","hentry","category-mostre"],"acf":[],"_links":{"self":[{"href":"https:\/\/fiaf.net\/puglia\/wp-json\/wp\/v2\/posts\/3903","targetHints":{"allow":["GET"]}}],"collection":[{"href":"https:\/\/fiaf.net\/puglia\/wp-json\/wp\/v2\/posts"}],"about":[{"href":"https:\/\/fiaf.net\/puglia\/wp-json\/wp\/v2\/types\/post"}],"author":[{"embeddable":true,"href":"https:\/\/fiaf.net\/puglia\/wp-json\/wp\/v2\/users\/97"}],"replies":[{"embeddable":true,"href":"https:\/\/fiaf.net\/puglia\/wp-json\/wp\/v2\/comments?post=3903"}],"version-history":[{"count":1,"href":"https:\/\/fiaf.net\/puglia\/wp-json\/wp\/v2\/posts\/3903\/revisions"}],"predecessor-version":[{"id":3905,"href":"https:\/\/fiaf.net\/puglia\/wp-json\/wp\/v2\/posts\/3903\/revisions\/3905"}],"wp:featuredmedia":[{"embeddable":true,"href":"https:\/\/fiaf.net\/puglia\/wp-json\/wp\/v2\/media\/3904"}],"wp:attachment":[{"href":"https:\/\/fiaf.net\/puglia\/wp-json\/wp\/v2\/media?parent=3903"}],"wp:term":[{"taxonomy":"category","embeddable":true,"href":"https:\/\/fiaf.net\/puglia\/wp-json\/wp\/v2\/categories?post=3903"},{"taxonomy":"post_tag","embeddable":true,"href":"https:\/\/fiaf.net\/puglia\/wp-json\/wp\/v2\/tags?post=3903"}],"curies":[{"name":"wp","href":"https:\/\/api.w.org\/{rel}","templated":true}]}}