{"id":3917,"date":"2025-05-21T00:12:16","date_gmt":"2025-05-20T22:12:16","guid":{"rendered":"https:\/\/fiaf.net\/puglia\/?p=3917"},"modified":"2025-05-21T00:12:16","modified_gmt":"2025-05-20T22:12:16","slug":"riti-e-misteri-della-settimana-santa-in-puglia","status":"publish","type":"post","link":"https:\/\/fiaf.net\/puglia\/riti-e-misteri-della-settimana-santa-in-puglia\/","title":{"rendered":"RITI E MISTERI DELLA SETTIMANA SANTA IN PUGLIA"},"content":{"rendered":"<p style=\"font-weight: 400\">L\u2019associazione Photo Digital Puglia, in collaborazione con l\u2019associazione Terranova e Bottega Fine Art, \u00e8 lieta di presentare la mostra fotografica &#8220;Riti e Misteri della Settimana Santa in Puglia&#8221;.<\/p>\n<p><img loading=\"lazy\" decoding=\"async\" class=\" wp-image-3918 aligncenter\" src=\"https:\/\/fiaf.net\/puglia\/wp-content\/uploads\/sites\/18\/2025\/05\/71_RitiSettSanta_DigitalPuglia-197x300.jpeg\" alt=\"\" width=\"373\" height=\"568\" srcset=\"https:\/\/fiaf.net\/puglia\/wp-content\/uploads\/sites\/18\/2025\/05\/71_RitiSettSanta_DigitalPuglia-197x300.jpeg 197w, https:\/\/fiaf.net\/puglia\/wp-content\/uploads\/sites\/18\/2025\/05\/71_RitiSettSanta_DigitalPuglia-674x1024.jpeg 674w, https:\/\/fiaf.net\/puglia\/wp-content\/uploads\/sites\/18\/2025\/05\/71_RitiSettSanta_DigitalPuglia-768x1167.jpeg 768w, https:\/\/fiaf.net\/puglia\/wp-content\/uploads\/sites\/18\/2025\/05\/71_RitiSettSanta_DigitalPuglia-1011x1536.jpeg 1011w, https:\/\/fiaf.net\/puglia\/wp-content\/uploads\/sites\/18\/2025\/05\/71_RitiSettSanta_DigitalPuglia.jpeg 1348w\" sizes=\"auto, (max-width: 373px) 100vw, 373px\" \/><\/p>\n<p style=\"font-weight: 400\">La mostra sar\u00e0 inaugurata Domenica 1 Giugno alle ore 18:30 presso Bottega Fine Art\u00a0 in Via Quintino Sella 246, Bari.<\/p>\n<p style=\"font-weight: 400\">Questa mostra rappresenta un viaggio visivo attraverso le tradizioni pi\u00f9 profonde e suggestive della Settimana Santa pugliese, un\u2019occasione per scoprire attraverso l\u2019obiettivo fotografico i simboli, i gesti e le emozioni che si tramandano da generazioni.<\/p>\n<p style=\"font-weight: 400\">La mostra non si limita a documentare eventi religiosi, ma ambisce a raccontare l\u2019anima di una comunit\u00e0: la fede, la memoria collettiva e l\u2019identit\u00e0 culturale che si esprimono nei riti pasquali delle citt\u00e0 e dei borghi della Puglia.<\/p>\n<p style=\"font-weight: 400\">Un evento imperdibile \u2013 riconosciuto dalla FIAF \u2013 dedicato a tutti gli appassionati di fotografia, cultura e tradizione.<\/p>\n<p style=\"font-weight: 400\">Sar\u00e0 possibile visitare la mostra fino al prossimo 15 giugno dal luned\u00ec al venerd\u00ec dalle 16.30 alle 18.30 presso Bottega Fine Art\u00a0 in Via Quintino Sella 246, Bari.<\/p>\n<p style=\"font-weight: 400\">Immagine di copertina: Lena Losacco Sandrucci<\/p>\n\n    <div class=\"xs_social_share_widget xs_share_url after_content \t\tmain_content  wslu-style-1 wslu-share-box-shaped wslu-fill-colored wslu-none wslu-share-horizontal wslu-theme-font-no wslu-main_content\">\n\n\t\t\n        <ul>\n\t\t\t        <\/ul>\n    <\/div> \n","protected":false},"excerpt":{"rendered":"<p>L\u2019associazione Photo Digital Puglia, in collaborazione con l\u2019associazione Terranova e Bottega Fine Art, \u00e8 lieta di presentare la mostra fotografica &hellip;<\/p>\n","protected":false},"author":97,"featured_media":3918,"comment_status":"closed","ping_status":"closed","sticky":false,"template":"","format":"standard","meta":{"_acf_changed":false,"footnotes":""},"categories":[12],"tags":[],"class_list":["post-3917","post","type-post","status-publish","format-standard","has-post-thumbnail","hentry","category-mostre"],"acf":[],"_links":{"self":[{"href":"https:\/\/fiaf.net\/puglia\/wp-json\/wp\/v2\/posts\/3917","targetHints":{"allow":["GET"]}}],"collection":[{"href":"https:\/\/fiaf.net\/puglia\/wp-json\/wp\/v2\/posts"}],"about":[{"href":"https:\/\/fiaf.net\/puglia\/wp-json\/wp\/v2\/types\/post"}],"author":[{"embeddable":true,"href":"https:\/\/fiaf.net\/puglia\/wp-json\/wp\/v2\/users\/97"}],"replies":[{"embeddable":true,"href":"https:\/\/fiaf.net\/puglia\/wp-json\/wp\/v2\/comments?post=3917"}],"version-history":[{"count":3,"href":"https:\/\/fiaf.net\/puglia\/wp-json\/wp\/v2\/posts\/3917\/revisions"}],"predecessor-version":[{"id":3921,"href":"https:\/\/fiaf.net\/puglia\/wp-json\/wp\/v2\/posts\/3917\/revisions\/3921"}],"wp:featuredmedia":[{"embeddable":true,"href":"https:\/\/fiaf.net\/puglia\/wp-json\/wp\/v2\/media\/3918"}],"wp:attachment":[{"href":"https:\/\/fiaf.net\/puglia\/wp-json\/wp\/v2\/media?parent=3917"}],"wp:term":[{"taxonomy":"category","embeddable":true,"href":"https:\/\/fiaf.net\/puglia\/wp-json\/wp\/v2\/categories?post=3917"},{"taxonomy":"post_tag","embeddable":true,"href":"https:\/\/fiaf.net\/puglia\/wp-json\/wp\/v2\/tags?post=3917"}],"curies":[{"name":"wp","href":"https:\/\/api.w.org\/{rel}","templated":true}]}}