{"id":394,"date":"2014-03-28T23:37:29","date_gmt":"2014-03-28T21:37:29","guid":{"rendered":"https:\/\/fiaf.net\/regioni\/puglia\/?p=394"},"modified":"2014-03-28T23:37:29","modified_gmt":"2014-03-28T21:37:29","slug":"francesca-woodman-lartista-la-fotografa-la-donna","status":"publish","type":"post","link":"https:\/\/fiaf.net\/puglia\/francesca-woodman-lartista-la-fotografa-la-donna\/","title":{"rendered":"Francesca Woodman: l\u2019artista, la fotografa, la donna"},"content":{"rendered":"<div><\/div>\n<p><strong>Il 3 aprile del 1958 nasceva a Denver Francesca Woodman.\u00a0<\/strong><br \/>\n<strong>Tra le figure pi\u00f9 emblematiche ed affascinanti del panorama fotografico degli ultimi trenta anni, Francesca Woodman ci lascia in eredit\u00e0 una cospicua produzione fotografica ed artistica, la cui lettura, spesso, \u00e8 stata ingiustamente influenzata dalle vicissitudini personali legate soprattutto all\u2019epilogo della sua vita.<\/strong><br \/>\n<strong>Il 3 aprile p.v. FotoFucina propone una serata a tema dedicata proprio a <em>Francesca Woodman: l\u2019artista, la fotografa, la donna<\/em>. <\/strong><br \/>\n<strong>Un incontro durante il quale ricorderemo la sua vita, le sue opere, gli anni trascorsi in Italia, quelle che sono state le correnti che hanno influenzato la sua produzione artistica, rivolgendo un rapido sguardo a chi, oggi, prova a raccoglierne il profondo messaggio.<\/strong><br \/>\n<strong>FotoFucina vi aspetta il 3 aprile alle ore 19,00 a Salice Salentino alla Via Cairoli n. 87.<a href=\"https:\/\/fiaf.net\/puglia\/wp-content\/uploads\/sites\/18\/2014\/03\/Francesca-Woodman-la-vita-le-opere-il-periodo-romano..jpg\"><img loading=\"lazy\" decoding=\"async\" class=\"alignright  wp-image-396\" alt=\"Francesca Woodman - la vita, le opere, il periodo romano.\" src=\"https:\/\/fiaf.net\/puglia\/wp-content\/uploads\/sites\/18\/2014\/03\/Francesca-Woodman-la-vita-le-opere-il-periodo-romano..jpg\" width=\"476\" height=\"674\" srcset=\"https:\/\/fiaf.net\/puglia\/wp-content\/uploads\/sites\/18\/2014\/03\/Francesca-Woodman-la-vita-le-opere-il-periodo-romano..jpg 595w, https:\/\/fiaf.net\/puglia\/wp-content\/uploads\/sites\/18\/2014\/03\/Francesca-Woodman-la-vita-le-opere-il-periodo-romano.-212x300.jpg 212w\" sizes=\"auto, (max-width: 476px) 100vw, 476px\" \/><\/a><\/strong><strong><br \/>\n<\/strong><br \/>\n<strong>L\u2019incontro, patrocinato FIAF (cod. S9\/2014) \u00e8 gratuito e aperto al pubblico<\/strong><br \/>\nL&#8217;incontro \u00e8 a cura di paola De Pascalis<\/p>\n\n    <div class=\"xs_social_share_widget xs_share_url after_content \t\tmain_content  wslu-style-1 wslu-share-box-shaped wslu-fill-colored wslu-none wslu-share-horizontal wslu-theme-font-no wslu-main_content\">\n\n\t\t\n        <ul>\n\t\t\t        <\/ul>\n    <\/div> \n","protected":false},"excerpt":{"rendered":"<p>Il 3 aprile del 1958 nasceva a Denver Francesca Woodman.\u00a0 Tra le figure pi\u00f9 emblematiche ed affascinanti del panorama fotografico &hellip;<\/p>\n","protected":false},"author":8,"featured_media":396,"comment_status":"closed","ping_status":"closed","sticky":false,"template":"","format":"standard","meta":{"_acf_changed":false,"footnotes":""},"categories":[8],"tags":[],"class_list":["post-394","post","type-post","status-publish","format-standard","has-post-thumbnail","hentry","category-incontri-autore"],"acf":[],"_links":{"self":[{"href":"https:\/\/fiaf.net\/puglia\/wp-json\/wp\/v2\/posts\/394","targetHints":{"allow":["GET"]}}],"collection":[{"href":"https:\/\/fiaf.net\/puglia\/wp-json\/wp\/v2\/posts"}],"about":[{"href":"https:\/\/fiaf.net\/puglia\/wp-json\/wp\/v2\/types\/post"}],"author":[{"embeddable":true,"href":"https:\/\/fiaf.net\/puglia\/wp-json\/wp\/v2\/users\/8"}],"replies":[{"embeddable":true,"href":"https:\/\/fiaf.net\/puglia\/wp-json\/wp\/v2\/comments?post=394"}],"version-history":[{"count":0,"href":"https:\/\/fiaf.net\/puglia\/wp-json\/wp\/v2\/posts\/394\/revisions"}],"wp:featuredmedia":[{"embeddable":true,"href":"https:\/\/fiaf.net\/puglia\/wp-json\/wp\/v2\/media\/396"}],"wp:attachment":[{"href":"https:\/\/fiaf.net\/puglia\/wp-json\/wp\/v2\/media?parent=394"}],"wp:term":[{"taxonomy":"category","embeddable":true,"href":"https:\/\/fiaf.net\/puglia\/wp-json\/wp\/v2\/categories?post=394"},{"taxonomy":"post_tag","embeddable":true,"href":"https:\/\/fiaf.net\/puglia\/wp-json\/wp\/v2\/tags?post=394"}],"curies":[{"name":"wp","href":"https:\/\/api.w.org\/{rel}","templated":true}]}}