{"id":428,"date":"2014-05-14T15:45:15","date_gmt":"2014-05-14T13:45:15","guid":{"rendered":"https:\/\/fiaf.net\/regioni\/puglia\/?p=428"},"modified":"2014-05-14T15:45:15","modified_gmt":"2014-05-14T13:45:15","slug":"fotoarte-2014-franco-fontana-in-mostra-al-mudi","status":"publish","type":"post","link":"https:\/\/fiaf.net\/puglia\/fotoarte-2014-franco-fontana-in-mostra-al-mudi\/","title":{"rendered":"FOTOARTE 2014: FRANCO FONTANA in mostra al MUDI"},"content":{"rendered":"<p align=\"center\"><span style=\"color: #000080\"><b>FOTOARTE 2014: LE FOTOGRAFIE DI FRANCO FONTANA IN MOSTRA AL MUDI\u00a0 DAL 24 MAGGIO ALL\u20198 GIUGNO<\/b><\/span><\/p>\n<p><span style=\"color: #000000\">Sar\u00e0 Franco Fontana l\u2019ospite d\u2019onore dell\u2019undicesima edizione di FotoArte. La manifestazione, ideata dal circolo fotografico \u201cIl Castello\u201d di Taranto, dall\u2019anno scorso ha abbandonato i confini ormai angusti della sola provincia ionica per allargarsi ad altre citt\u00e0 della Puglia. L\u2019obiettivo \u00e8 quello di creare una rete di associazioni fotografiche che offrano eventi e iniziative di qualit\u00e0 per attrarre fotografi e fotoamatori da ogni parte d\u2019Italia, formando quel polo fotografico mancante nel Sud della nostra Penisola.<\/span><br \/>\n<span style=\"color: #000000\">Oltre al circolo \u201cIl Castello\u201d, condividono l\u2019edizione del 2014 altre 8 associazioni pugliesi: \u201cControluce\u201d di Statte, \u201cPuntidivista\u201d di Manduria, \u201cPhotosintesi\u201d di Casarano, \u201cFotofucina\u201d di Salice Salentino, \u201cCantierimmagine\u201d e \u201cInphoto\u201d di Brindisi, \u201cL\u2019occhio fotografico\u201d di Galatone e \u201cObiettivi\u201d di Lecce. La manifestazione \u00e8 realizzata con il patrocinio della Fiaf \u2013 Federazione italiana associazioni fotografiche \u2013 e in gemellaggio con il NettutoPhotoFestival 2014, le cui opere saranno esposte a Taranto, nell\u2019ambito di FotoArte 2015.<\/span><br \/>\n<span style=\"color: #000000\">Dal 24 maggio fino al 26 ottobre, dunque, un calendario molto ricco di appuntamenti culturali accompagner\u00e0 l\u2019estate e l\u2019inizio dell\u2019autunno pugliesi. L\u2019evento trainante sar\u00e0 la mostra antologica di Franco Fontana, dal titolo \u201cF.F.F. \u2013 Franco Fontana Fotografie\u201d, che raccoglier\u00e0 le immagini pi\u00f9 note del grande \u201cmaestro del colore\u201d. L\u2019esposizione sar\u00e0 visitabile al MuDi \u2013 Museo Diocesano di Taranto \u2013 dal 24 maggio all\u20198 giugno, dal marted\u00ec al venerd\u00ec dalle 18 alle 20, sabato e domenica dalle 10 alle 12 e dalle 17 alle 21. L\u2019autore sar\u00e0 presente il giorno dell\u2019inaugurazione e per l\u2019occasione terr\u00e0 un seminario. L\u2019ingresso alla mostra sar\u00e0 a pagamento.<\/span><br \/>\n<span style=\"color: #000000\">Oltre alle immagini di Franco Fontana, sempre al MuDi e nelle stesse date, sar\u00e0 possibile visitare un\u2019esposizione delle fotografie pi\u00f9 belle realizzate dai suoi allievi dei workshop tenuti in tutta Italia, dal titolo \u201cQuelli di Franco Fontana\u201d. Perch\u00e9, come dice il \u201cmaestro\u201d, \u00abi workshop non sono solamente una vacanza o un passatempo, ma il pretesto per un incontro ed una avventura fotografica\u00bb.\u00a0 Questi fotografi in mostra \u00absono il fenomeno nuovo che si sta muovendo\u00bb. La mostra sar\u00e0 presentata da Lisa Bernardini, Art Director del NettunoPhotoFestival.<\/span><br \/>\n<span style=\"color: #000000\">Nato a Modena nel 1933, Franco Fontana \u00e8 uno dei fotografi italiani pi\u00f9 stimati a livello internazionale e, nel corso della sua carriera, si \u00e8 dimostrato estremamente versatile: \u00e8 passato dalla fotografia di paesaggio al nudo, al reportage, alla pubblicit\u00e0 e alla moda. Ha pubblicato oltre 40 libri fotografici, ha collaborato con le maggiori testate giornalistiche mondiali e ha tenuto centinaia di mostre in Italia e all\u2019estero, arrivando ai prestigiosi Museum of Modern Art di New York, Mus\u00e9e d\u2019Art Moderne di Parigi e Australian National Gallery di Melbourne.<\/span><br \/>\n<span style=\"color: #000000\">Un\u2019occasione imperdibile, dunque, per i numerosi fotografi e fotoamatori del Sud Italia che, dopo Francesco Zizola, Ferdinando Scianna, Letizia Battaglia, Gianni Berengo Gardin e Uliano Lucas, solo per citare alcuni dei grandi artisti ospitati nelle scorse edizioni di FotoArte, avranno la possibilit\u00e0 di ascoltare dal vivo un altro dei grandi maestri che hanno fatto la storia della fotografia nella nostra Penisola e all\u2019estero.<\/span><br \/>\n<span style=\"color: #000000\"><b>\u00a0Per ulteriori informazioni:<\/b><\/span><br \/>\n<span style=\"color: #000000\">Ufficio stampa: Rosa Cambara, Miriam Putignano<\/span><br \/>\n<span style=\"color: #000000\">Direttore artistico: Raimondo Musolino, presidente del circolo fotografico \u201cIl Castello\u201d<\/span><br \/>\n<span style=\"color: #000000\">Tel: 392.5000997<a href=\"https:\/\/fiaf.net\/puglia\/wp-content\/uploads\/sites\/18\/2014\/05\/ARIZONA-Phoenix-1979-copia.jpg\"><img loading=\"lazy\" decoding=\"async\" class=\"size-large wp-image-437 alignright\" alt=\"ARIZONA, Phoenix 1979 copia\" src=\"https:\/\/fiaf.net\/puglia\/wp-content\/uploads\/sites\/18\/2014\/05\/ARIZONA-Phoenix-1979-copia-1024x687.jpg\" width=\"513\" height=\"342\" \/><\/a><\/span><br \/>\n<span style=\"color: #000000\">Siti web:<\/span>\u00a0\u00a0 <span style=\"color: #0000ff\"><a href=\"http:\/\/www.fotoartepuglia.it\" target=\"_blank\" rel=\"noopener\"><span style=\"color: #0000ff\">www.fotoartepuglia.it<\/span><\/a>\u00a0\u00a0\u00a0\u00a0\u00a0 <span style=\"text-decoration: underline\"><a href=\"http:\/\/www.cfilcastello.it\" target=\"_blank\" rel=\"noopener\"><span style=\"color: #0000ff;text-decoration: underline\">www.cfilcastello.it<\/span><\/a><\/span><\/span><br \/>\nsocial:<br \/>\n<a href=\"http:\/\/www.facebook.com\/events\/519524461482684\/?fref=ts\" target=\"_blank\" rel=\"noopener\">www.facebook.com\/events\/519524461482684\/?fref=ts<\/a><\/p>\n\n    <div class=\"xs_social_share_widget xs_share_url after_content \t\tmain_content  wslu-style-1 wslu-share-box-shaped wslu-fill-colored wslu-none wslu-share-horizontal wslu-theme-font-no wslu-main_content\">\n\n\t\t\n        <ul>\n\t\t\t        <\/ul>\n    <\/div> \n","protected":false},"excerpt":{"rendered":"<p>FOTOARTE 2014: LE FOTOGRAFIE DI FRANCO FONTANA IN MOSTRA AL MUDI\u00a0 DAL 24 MAGGIO ALL\u20198 GIUGNO Sar\u00e0 Franco Fontana l\u2019ospite &hellip;<\/p>\n","protected":false},"author":8,"featured_media":441,"comment_status":"closed","ping_status":"closed","sticky":false,"template":"","format":"standard","meta":{"_acf_changed":false,"footnotes":""},"categories":[12],"tags":[],"class_list":["post-428","post","type-post","status-publish","format-standard","has-post-thumbnail","hentry","category-mostre"],"acf":[],"_links":{"self":[{"href":"https:\/\/fiaf.net\/puglia\/wp-json\/wp\/v2\/posts\/428","targetHints":{"allow":["GET"]}}],"collection":[{"href":"https:\/\/fiaf.net\/puglia\/wp-json\/wp\/v2\/posts"}],"about":[{"href":"https:\/\/fiaf.net\/puglia\/wp-json\/wp\/v2\/types\/post"}],"author":[{"embeddable":true,"href":"https:\/\/fiaf.net\/puglia\/wp-json\/wp\/v2\/users\/8"}],"replies":[{"embeddable":true,"href":"https:\/\/fiaf.net\/puglia\/wp-json\/wp\/v2\/comments?post=428"}],"version-history":[{"count":0,"href":"https:\/\/fiaf.net\/puglia\/wp-json\/wp\/v2\/posts\/428\/revisions"}],"wp:featuredmedia":[{"embeddable":true,"href":"https:\/\/fiaf.net\/puglia\/wp-json\/wp\/v2\/media\/441"}],"wp:attachment":[{"href":"https:\/\/fiaf.net\/puglia\/wp-json\/wp\/v2\/media?parent=428"}],"wp:term":[{"taxonomy":"category","embeddable":true,"href":"https:\/\/fiaf.net\/puglia\/wp-json\/wp\/v2\/categories?post=428"},{"taxonomy":"post_tag","embeddable":true,"href":"https:\/\/fiaf.net\/puglia\/wp-json\/wp\/v2\/tags?post=428"}],"curies":[{"name":"wp","href":"https:\/\/api.w.org\/{rel}","templated":true}]}}