{"id":4406,"date":"2026-03-29T17:28:34","date_gmt":"2026-03-29T15:28:34","guid":{"rendered":"https:\/\/fiaf.net\/puglia\/?p=4406"},"modified":"2026-03-29T17:28:34","modified_gmt":"2026-03-29T15:28:34","slug":"inaugurazione-mostra-fotografica-triduum-sacrum","status":"publish","type":"post","link":"https:\/\/fiaf.net\/puglia\/inaugurazione-mostra-fotografica-triduum-sacrum\/","title":{"rendered":"INAUGURAZIONE MOSTRA FOTOGRAFICA \u201cTRIDUUM SACRUM\u201d"},"content":{"rendered":"<p>Il 28 marzo 2026, La sala ASP SMAR (fiancheggiante la Chiesa Stella) in corso Manfredi 254, Manfredonia (FG) si trasforma in un crocevia di emozioni e tradizioni grazie all\u2019inaugurazione della mostra fotografica \u201cTriduum sacrum\u201d.<\/p>\n<p><img loading=\"lazy\" decoding=\"async\" class=\"wp-image-4407 aligncenter\" src=\"https:\/\/fiaf.net\/puglia\/wp-content\/uploads\/sites\/18\/2026\/03\/126_Triduum_Manfredonia-211x300.png\" alt=\"\" width=\"423\" height=\"601\" srcset=\"https:\/\/fiaf.net\/puglia\/wp-content\/uploads\/sites\/18\/2026\/03\/126_Triduum_Manfredonia-211x300.png 211w, https:\/\/fiaf.net\/puglia\/wp-content\/uploads\/sites\/18\/2026\/03\/126_Triduum_Manfredonia.png 438w\" sizes=\"auto, (max-width: 423px) 100vw, 423px\" \/><\/p>\n<p>Questa esposizione \u00e8 frutto del lavoro congiunto di quattro talentuosi fotografi pugliesi: <strong>Amoruso Pasquale, Armillotta Francesco, Di Candia Lorenzo e Falcone Francesco.<\/strong><\/p>\n<p>Saranno esposte Ottanta immagini in stampa Fine Art che celebrano il fervore spirituale della Puglia attraverso un viaggio visivo unico.<\/p>\n<p>Un progetto a quattro mani: il lavoro di questi quattro artisti si snoda lungo un arco temporale di oltre venti anni, durante i quali hanno dedicato passione e dedizione alla documentazione delle celebrazioni del triduo Pasquale, in diverse comunit\u00e0 locali. Gli autori, insigniti di onorificenze Artistiche Nazionali e Internazionali, hanno saputo catturare con il loro obiettivo l\u2019essenza di una tradizione ricca e profonda, che affonda le radici nella cultura popolare pugliese.<\/p>\n<p>\u201cTriduum sacrum\u201d non \u00e8 solo una raccolta di fotografie; \u00e8 un\u2019ode visiva che racchiude l\u2019intensit\u00e0 delle tradizioni religiose Pugliesi.<\/p>\n<p>Attraverso le immagini, i visitatori potranno immergersi nel mondo dei Pappamusci di Francavilla Fontana, i Misteri di Taranto, la processione dell\u2019Ulna di Gallipoli, il Cristo Morto di Monte Sant\u2019Angelo, L\u2019addolorata di Vico del Gargano, le Desolate di Canosa, i Crociferi di Noicattaro e le Catene di Troia, ognuno di questi riti, porta con s\u00e9 una storia unica e affascinante.<\/p>\n<p>Le fotografie, scelte con cura, offrono uno spaccato della bellezza e sacralit\u00e0 di queste celebrazioni. Ogni immagine, bloccata nel tempo, racconta una storia di fede, devozione e comunit\u00e0.<\/p>\n<p>Il volto di un devoto, il gesto delicato di un rito, la luce che si posa su un altare: ogni dettaglio contribuisce a dipingere un quadro vivido della passione che precede della Pasqua Pugliese.<\/p>\n<p>Visitare la mostra significa intraprendere un viaggio emotivo, in cui lo spettatore \u00e8 invitato a riflettere sull\u2019importanza della fede e delle tradizioni nella costruzione dell\u2019identit\u00e0 culturale e comunitaria.<\/p>\n<p>L\u2019esposizione sar\u00e0 aperta tutti i giorni dal 28 Marzo all\u2019 11 aprile, dalle ore 19:30 alle 21:00, permettendo a tutti di esplorare questa ricchezza visiva e narrativa.<\/p>\n<p>La mostra, arricchita dal patrocinio morale dell\u2019Arcidiocesi di Manfredonia-Vieste-San Giovanni Rotondo, dal Comune di Manfredonia, la Proloco di Manfredonia, si propone come un evento imperdibile.<\/p>\n<p>\u201cTriduum sacrum\u201d non \u00e8 solo un evento artistico; \u00e8 un invito a riscoprire e valorizzare le tradizioni che caratterizzano la nostra identit\u00e0, una chance per comprendere quanto sia fondamentale mantenere vive le radici culturali in un mondo in continua evoluzione. Le foto esposte sono un richiamo alla memoria collettiva, un tributo a tutti coloro che partecipano attivamente alla perpetuazione di queste tradizioni e un\u2019occasione per riflettere sull\u2019importanza della fede nelle nostre vite.<\/p>\n\n    <div class=\"xs_social_share_widget xs_share_url after_content \t\tmain_content  wslu-style-1 wslu-share-box-shaped wslu-fill-colored wslu-none wslu-share-horizontal wslu-theme-font-no wslu-main_content\">\n\n\t\t\n        <ul>\n\t\t\t        <\/ul>\n    <\/div> \n","protected":false},"excerpt":{"rendered":"<p>Il 28 marzo 2026, La sala ASP SMAR (fiancheggiante la Chiesa Stella) in corso Manfredi 254, Manfredonia (FG) si trasforma &hellip;<\/p>\n","protected":false},"author":97,"featured_media":4407,"comment_status":"closed","ping_status":"closed","sticky":false,"template":"","format":"standard","meta":{"_acf_changed":false,"footnotes":""},"categories":[12],"tags":[],"class_list":["post-4406","post","type-post","status-publish","format-standard","has-post-thumbnail","hentry","category-mostre"],"acf":[],"_links":{"self":[{"href":"https:\/\/fiaf.net\/puglia\/wp-json\/wp\/v2\/posts\/4406","targetHints":{"allow":["GET"]}}],"collection":[{"href":"https:\/\/fiaf.net\/puglia\/wp-json\/wp\/v2\/posts"}],"about":[{"href":"https:\/\/fiaf.net\/puglia\/wp-json\/wp\/v2\/types\/post"}],"author":[{"embeddable":true,"href":"https:\/\/fiaf.net\/puglia\/wp-json\/wp\/v2\/users\/97"}],"replies":[{"embeddable":true,"href":"https:\/\/fiaf.net\/puglia\/wp-json\/wp\/v2\/comments?post=4406"}],"version-history":[{"count":1,"href":"https:\/\/fiaf.net\/puglia\/wp-json\/wp\/v2\/posts\/4406\/revisions"}],"predecessor-version":[{"id":4408,"href":"https:\/\/fiaf.net\/puglia\/wp-json\/wp\/v2\/posts\/4406\/revisions\/4408"}],"wp:featuredmedia":[{"embeddable":true,"href":"https:\/\/fiaf.net\/puglia\/wp-json\/wp\/v2\/media\/4407"}],"wp:attachment":[{"href":"https:\/\/fiaf.net\/puglia\/wp-json\/wp\/v2\/media?parent=4406"}],"wp:term":[{"taxonomy":"category","embeddable":true,"href":"https:\/\/fiaf.net\/puglia\/wp-json\/wp\/v2\/categories?post=4406"},{"taxonomy":"post_tag","embeddable":true,"href":"https:\/\/fiaf.net\/puglia\/wp-json\/wp\/v2\/tags?post=4406"}],"curies":[{"name":"wp","href":"https:\/\/api.w.org\/{rel}","templated":true}]}}