{"id":4423,"date":"2026-05-01T15:14:04","date_gmt":"2026-05-01T13:14:04","guid":{"rendered":"https:\/\/fiaf.net\/puglia\/?p=4423"},"modified":"2026-05-01T15:14:04","modified_gmt":"2026-05-01T13:14:04","slug":"a-bitonto-la-mostra-eretica-fotografia-controcorrente","status":"publish","type":"post","link":"https:\/\/fiaf.net\/puglia\/a-bitonto-la-mostra-eretica-fotografia-controcorrente\/","title":{"rendered":"A Bitonto la mostra \u201cER\u00c8TICA \u2013 fotografia controcorrente\u201d"},"content":{"rendered":"<p>\u00c8 stata inaugurata gioved\u00ec 24 aprile 2026 presso il Sedile di Sant\u2019Anna (Biblioteca Comunale in via G. Rogadeo, Bitonto), la mostra fotografica \u201c<strong>ER\u00c8TICA \u2013 fotografia controcorrente<\/strong>\u201d, promossa dal <strong>Circolo Fotografico Bitonto<\/strong>.<\/p>\n<p><img loading=\"lazy\" decoding=\"async\" class=\"wp-image-4424 aligncenter\" src=\"https:\/\/fiaf.net\/puglia\/wp-content\/uploads\/sites\/18\/2026\/05\/Mostra_Eretica-212x300.jpeg\" alt=\"\" width=\"440\" height=\"623\" srcset=\"https:\/\/fiaf.net\/puglia\/wp-content\/uploads\/sites\/18\/2026\/05\/Mostra_Eretica-212x300.jpeg 212w, https:\/\/fiaf.net\/puglia\/wp-content\/uploads\/sites\/18\/2026\/05\/Mostra_Eretica-724x1024.jpeg 724w, https:\/\/fiaf.net\/puglia\/wp-content\/uploads\/sites\/18\/2026\/05\/Mostra_Eretica-768x1086.jpeg 768w, https:\/\/fiaf.net\/puglia\/wp-content\/uploads\/sites\/18\/2026\/05\/Mostra_Eretica-1086x1536.jpeg 1086w, https:\/\/fiaf.net\/puglia\/wp-content\/uploads\/sites\/18\/2026\/05\/Mostra_Eretica.jpeg 1131w\" sizes=\"auto, (max-width: 440px) 100vw, 440px\" \/><\/p>\n<p>L\u2019esposizione, visitabile fino al 31 maggio 2026, propone al pubblico una riflessione visiva sul senso di uno sguardo non allineato, libero da formule prevedibili e capace di interrogare temi profondi come identit\u00e0, corpo, simbolo, fragilit\u00e0, tensione interiore e rapporto con il reale.<\/p>\n<p>\u201cER\u00c8TICA\u201d nasce come progetto collettivo che mette al centro una fotografia inquieta, consapevole, capace di sottrarsi all\u2019omologazione per farsi linguaggio espressivo, ricerca e presa di posizione. Il titolo stesso richiama una dimensione controcorrente: non provocazione fine a s\u00e9 stessa, ma volont\u00e0 di esplorare ci\u00f2 che spesso resta ai margini, ci\u00f2 che non si lascia ridurre a superficie.<\/p>\n<p>In mostra le opere di: <strong>Pasquale Amendolagine, Gaetano Bonasia, Anna Maria Cataldi, Vito Cazzato, Giacinto De Palo, Mariangela Robles, Giulia Di Lorenzo, Antonella Grumo, Anna Lis\u00ec, Cristina Pagone, Federica Pagone, Silvia Petti, Marco Ruggieri, Maria Stellacci, Domenico Tangro, Angela Tedone, Loredana Tatulli, Mari Verriello, Mirella Vitale<\/strong>.<\/p>\n<p>Con questa iniziativa, il Circolo Fotografico Bitonto conferma il proprio impegno nella promozione della cultura fotografica sul territorio, offrendo alla citt\u00e0 un\u2019occasione di incontro con una fotografia capace di stimolare domande, emozioni e letture non convenzionali..<\/p>\n\n    <div class=\"xs_social_share_widget xs_share_url after_content \t\tmain_content  wslu-style-1 wslu-share-box-shaped wslu-fill-colored wslu-none wslu-share-horizontal wslu-theme-font-no wslu-main_content\">\n\n\t\t\n        <ul>\n\t\t\t        <\/ul>\n    <\/div> \n","protected":false},"excerpt":{"rendered":"<p>\u00c8 stata inaugurata gioved\u00ec 24 aprile 2026 presso il Sedile di Sant\u2019Anna (Biblioteca Comunale in via G. Rogadeo, Bitonto), la &hellip;<\/p>\n","protected":false},"author":97,"featured_media":4424,"comment_status":"closed","ping_status":"closed","sticky":false,"template":"","format":"standard","meta":{"_acf_changed":false,"footnotes":""},"categories":[12],"tags":[],"class_list":["post-4423","post","type-post","status-publish","format-standard","has-post-thumbnail","hentry","category-mostre"],"acf":[],"_links":{"self":[{"href":"https:\/\/fiaf.net\/puglia\/wp-json\/wp\/v2\/posts\/4423","targetHints":{"allow":["GET"]}}],"collection":[{"href":"https:\/\/fiaf.net\/puglia\/wp-json\/wp\/v2\/posts"}],"about":[{"href":"https:\/\/fiaf.net\/puglia\/wp-json\/wp\/v2\/types\/post"}],"author":[{"embeddable":true,"href":"https:\/\/fiaf.net\/puglia\/wp-json\/wp\/v2\/users\/97"}],"replies":[{"embeddable":true,"href":"https:\/\/fiaf.net\/puglia\/wp-json\/wp\/v2\/comments?post=4423"}],"version-history":[{"count":2,"href":"https:\/\/fiaf.net\/puglia\/wp-json\/wp\/v2\/posts\/4423\/revisions"}],"predecessor-version":[{"id":4426,"href":"https:\/\/fiaf.net\/puglia\/wp-json\/wp\/v2\/posts\/4423\/revisions\/4426"}],"wp:featuredmedia":[{"embeddable":true,"href":"https:\/\/fiaf.net\/puglia\/wp-json\/wp\/v2\/media\/4424"}],"wp:attachment":[{"href":"https:\/\/fiaf.net\/puglia\/wp-json\/wp\/v2\/media?parent=4423"}],"wp:term":[{"taxonomy":"category","embeddable":true,"href":"https:\/\/fiaf.net\/puglia\/wp-json\/wp\/v2\/categories?post=4423"},{"taxonomy":"post_tag","embeddable":true,"href":"https:\/\/fiaf.net\/puglia\/wp-json\/wp\/v2\/tags?post=4423"}],"curies":[{"name":"wp","href":"https:\/\/api.w.org\/{rel}","templated":true}]}}