{"id":4480,"date":"2026-09-05T23:39:18","date_gmt":"2026-09-05T21:39:18","guid":{"rendered":"https:\/\/fiaf.net\/puglia\/?p=4480"},"modified":"2026-09-05T23:39:18","modified_gmt":"2026-09-05T21:39:18","slug":"al-via-la-nuova-edizione-di-fotoarte-2026","status":"publish","type":"post","link":"https:\/\/fiaf.net\/puglia\/al-via-la-nuova-edizione-di-fotoarte-2026\/","title":{"rendered":"Al via la nuova edizione di FOTOARTE 2026"},"content":{"rendered":"<p><strong>Dal 18 settembre al 4 ottobre 2026 le sale del Palazzo Ducale di Martina Franca ospiteranno la XXIIIa edizione di FotoArte 2026<\/strong>, il festival dedicato alla fotografia che quest\u2019anno costruisce intorno alla citt\u00e0 un percorso articolato in sei mostre, mettendo in relazione fotografia d\u2019autore, memoria, ricerca sul paesaggio urbano e produzione collettiva.<\/p>\n<p>&nbsp;<\/p>\n<p><img loading=\"lazy\" decoding=\"async\" class=\"wp-image-4481 aligncenter\" src=\"https:\/\/fiaf.net\/puglia\/wp-content\/uploads\/sites\/18\/2026\/09\/WhatsApp-Image-2026-09-02-at-12.52.45-241x300.jpeg\" alt=\"\" width=\"584\" height=\"727\" srcset=\"https:\/\/fiaf.net\/puglia\/wp-content\/uploads\/sites\/18\/2026\/09\/WhatsApp-Image-2026-09-02-at-12.52.45-241x300.jpeg 241w, https:\/\/fiaf.net\/puglia\/wp-content\/uploads\/sites\/18\/2026\/09\/WhatsApp-Image-2026-09-02-at-12.52.45.jpeg 724w\" sizes=\"auto, (max-width: 584px) 100vw, 584px\" \/><\/p>\n<p>&nbsp;<\/p>\n<p>Una sede particolarmente significativa per un\u2019edizione che sceglie Martina Franca come luogo da osservare, interpretare e raccontare. Gli spazi storici di Palazzo Ducale diventeranno cos\u00ec parte dello stesso percorso espositivo, creando un dialogo tra le fotografie e uno dei luoghi pi\u00f9 rappresentativi della citt\u00e0.<\/p>\n<p>Non una semplice rappresentazione di Martina Franca, dunque, ma un racconto per immagini che attraversa il tempo e cambia punto di vista: dalla citt\u00e0 antica a quella contemporanea, dalla luce al buio, dai luoghi riconoscibili alle tracce pi\u00f9 discrete, fino alle interpretazioni nate dall\u2019esperienza diretta del territorio.<\/p>\n<p>Ad aprire idealmente questo percorso \u00e8 \u201c<strong>ABITARE LO SGUARDO<\/strong>\u201d, la mostra di Franco Sortini, realizzata a conclusione della residenza artistica condotta a Martina Franca. Il fotografo si confronta con il paesaggio urbano sottraendolo alla rappresentazione pi\u00f9 consueta: architetture, superfici, geometrie, luce e vuoti diventano elementi di una ricerca nella quale la citt\u00e0 reale progressivamente si trasforma in spazio visivo e mentale.<\/p>\n<p>Con \u201c<strong>LA CITT\u00c0 INVISIBILE<\/strong>\u201d, Marcello Nitti porta invece lo sguardo verso ci\u00f2 che spesso attraversiamo senza vedere. La fotografia diventa uno strumento per far emergere una citt\u00e0 meno evidente, fatta di dettagli, presenze, relazioni e segni capaci di raccontare un\u2019altra dimensione dello spazio urbano.<\/p>\n<p>Il rapporto quotidiano con Martina Franca \u00e8 al centro di \u201c<strong>TRACCE URBANE<\/strong>\u201d, collettiva dei fotoamatori martinesi. Sono gli sguardi di chi la citt\u00e0 la conosce e la vive a cercarne segni, trasformazioni, permanenze e piccoli indizi dell\u2019abitare. Una lettura corale nella quale sensibilit\u00e0 differenti compongono un ritratto non univoco del territorio.<\/p>\n<p>Alla citt\u00e0 come esperienza fotografica \u00e8 dedicata \u201c<strong>LA CITT\u00c0 OLTRE LO SGUARDO<\/strong>\u201d, collettiva dei partecipanti al workshop sul paesaggio urbano. Le immagini nascono da un esercizio fondamentale: superare la semplice registrazione dei luoghi per cercare relazioni, geometrie, contrasti e frammenti attraverso i quali costruire una propria interpretazione dello spazio.<\/p>\n<p>Con \u201c<strong>LA NOTTE DI PIETRA<\/strong>\u201d, il Circolo Fotografico Il Castello sceglie invece di entrare nella Martina Franca notturna. Quando la luce del giorno scompare, la pietra cambia volto, le strade si svuotano, le ombre modificano le architetture e la citt\u00e0 conosciuta assume un carattere diverso. La notte non \u00e8 soltanto una condizione di luce, ma diventa materia del racconto fotografico: silenzi, presenze, chiaroscuri e atmosfere restituiscono una Martina sospesa tra realt\u00e0 e immaginazione.<\/p>\n<p>Il percorso trova infine una sua profondit\u00e0 storica in \u201c<strong>MARTINA FRANCA ANTICA<\/strong>\u201d, con le fotografie dell\u2019archivio Clementino, fotografo storico di Martina Franca. Le immagini del passato riportano alla luce luoghi, persone e momenti della vita cittadina, offrendo la possibilit\u00e0 di confrontare la Martina di ieri con quella raccontata dagli altri progetti espositivi. La fotografia rivela qui una delle sue funzioni pi\u00f9 preziose: conservare la memoria e permettere al presente di dialogare con ci\u00f2 che non \u00e8 pi\u00f9.<\/p>\n<p>Le sei esposizioni costruiscono cos\u00ec una sorta di atlante visiva di Martina Franca, nel quale passato e presente, memoria e contemporaneit\u00e0, esperienza individuale e ricerca collettiva si incontrano.<\/p>\n<p><strong>Le letture portfolio<\/strong><\/p>\n<p>Accanto al programma espositivo, sabato 19 e domenica 20 settembre, FotoArte ospiter\u00e0 a Palazzo Ducale le letture portfolio, due giornate dedicate al confronto diretto tra fotografi e lettori.<\/p>\n<p>Un appuntamento che completa la dimensione espositiva del festival con quella dell\u2019incontro e della crescita: un\u2019occasione per presentare i propri lavori, discuterne struttura, linguaggio e coerenza progettuale e confrontarsi sul percorso che porta una serie di fotografie a diventare un progetto compiuto. Gli ospiti che formano la squadra dei lettori sono: <strong>Federica CERAMI, Anna Maria DE MARZO, Stefania LASAGNI, Attilio LAURIA, Massimo MAZZOLI e Franco SORTINI<\/strong>. A questo link tutte le info per poter prenotare la propria lettura:<\/p>\n<p><a href=\"https:\/\/cfilcastello.it\/fotoarte-2026\/\" target=\"_blank\" rel=\"noopener\">https:\/\/cfilcastello.it\/fotoarte-2026\/<\/a><\/p>\n<p>Da \u201c<strong>Martina Franca Antica<\/strong>\u201d alla citt\u00e0 contemporanea di Sortini, Nitti e dei fotografi del territorio; dalla citt\u00e0 osservata durante il workshop a quella che emerge nel silenzio della notte, FotoArte propone un percorso nel quale ogni mostra aggiunge un tassello e, nello stesso tempo, pone una domanda: quanto conosciamo davvero i luoghi che abitiamo ogni giorno?<\/p>\n<p>Dal 18 settembre al 4 ottobre 2026, Palazzo Ducale diventer\u00e0 cos\u00ec non soltanto sede delle esposizioni, ma luogo di incontro, confronto e riflessione intorno alla fotografia.<\/p>\n<p>FotoArte 2026 invita il pubblico a riscoprire Martina Franca attraverso una pluralit\u00e0 di sguardi. Perch\u00e9 una citt\u00e0 non coincide soltanto con ci\u00f2 che mostra. \u00c8 anche ci\u00f2 che ricordiamo, ci\u00f2 che attraversiamo distrattamente, ci\u00f2 che cambia con la luce e ci\u00f2 che, attraverso lo sguardo di un fotografo, possiamo improvvisamente tornare a vedere.<\/p>\n\n    <div class=\"xs_social_share_widget xs_share_url after_content \t\tmain_content  wslu-style-1 wslu-share-box-shaped wslu-fill-colored wslu-none wslu-share-horizontal wslu-theme-font-no wslu-main_content\">\n\n\t\t\n        <ul>\n\t\t\t        <\/ul>\n    <\/div> \n","protected":false},"excerpt":{"rendered":"<p>Dal 18 settembre al 4 ottobre 2026 le sale del Palazzo Ducale di Martina Franca ospiteranno la XXIIIa edizione di &hellip;<\/p>\n","protected":false},"author":97,"featured_media":4481,"comment_status":"closed","ping_status":"closed","sticky":false,"template":"","format":"standard","meta":{"_acf_changed":false,"footnotes":""},"categories":[11],"tags":[],"class_list":["post-4480","post","type-post","status-publish","format-standard","has-post-thumbnail","hentry","category-manifestazioni"],"acf":[],"_links":{"self":[{"href":"https:\/\/fiaf.net\/puglia\/wp-json\/wp\/v2\/posts\/4480","targetHints":{"allow":["GET"]}}],"collection":[{"href":"https:\/\/fiaf.net\/puglia\/wp-json\/wp\/v2\/posts"}],"about":[{"href":"https:\/\/fiaf.net\/puglia\/wp-json\/wp\/v2\/types\/post"}],"author":[{"embeddable":true,"href":"https:\/\/fiaf.net\/puglia\/wp-json\/wp\/v2\/users\/97"}],"replies":[{"embeddable":true,"href":"https:\/\/fiaf.net\/puglia\/wp-json\/wp\/v2\/comments?post=4480"}],"version-history":[{"count":1,"href":"https:\/\/fiaf.net\/puglia\/wp-json\/wp\/v2\/posts\/4480\/revisions"}],"predecessor-version":[{"id":4482,"href":"https:\/\/fiaf.net\/puglia\/wp-json\/wp\/v2\/posts\/4480\/revisions\/4482"}],"wp:featuredmedia":[{"embeddable":true,"href":"https:\/\/fiaf.net\/puglia\/wp-json\/wp\/v2\/media\/4481"}],"wp:attachment":[{"href":"https:\/\/fiaf.net\/puglia\/wp-json\/wp\/v2\/media?parent=4480"}],"wp:term":[{"taxonomy":"category","embeddable":true,"href":"https:\/\/fiaf.net\/puglia\/wp-json\/wp\/v2\/categories?post=4480"},{"taxonomy":"post_tag","embeddable":true,"href":"https:\/\/fiaf.net\/puglia\/wp-json\/wp\/v2\/tags?post=4480"}],"curies":[{"name":"wp","href":"https:\/\/api.w.org\/{rel}","templated":true}]}}