{"id":4490,"date":"2026-09-05T23:56:51","date_gmt":"2026-09-05T21:56:51","guid":{"rendered":"https:\/\/fiaf.net\/puglia\/?p=4490"},"modified":"2026-09-05T23:56:51","modified_gmt":"2026-09-05T21:56:51","slug":"filo-conduttore-di-celestina-paola-ricucci","status":"publish","type":"post","link":"https:\/\/fiaf.net\/puglia\/filo-conduttore-di-celestina-paola-ricucci\/","title":{"rendered":"FILO CONDUTTORE DI CELESTINA PAOLA RICUCCI"},"content":{"rendered":"<p>Sar\u00e0 inaugurata il prossimo 12 settembre alle ore 11.30 \u201cFilo Conduttore\u201d la nuova personale di Celestina Paola Ricucci del FotoCineClub Foggia.<\/p>\n<p><img loading=\"lazy\" decoding=\"async\" class=\"wp-image-4491 aligncenter\" src=\"https:\/\/fiaf.net\/puglia\/wp-content\/uploads\/sites\/18\/2026\/09\/WhatsApp-Image-2026-09-01-at-14.38.22-214x300.jpeg\" alt=\"\" width=\"547\" height=\"767\" srcset=\"https:\/\/fiaf.net\/puglia\/wp-content\/uploads\/sites\/18\/2026\/09\/WhatsApp-Image-2026-09-01-at-14.38.22-214x300.jpeg 214w, https:\/\/fiaf.net\/puglia\/wp-content\/uploads\/sites\/18\/2026\/09\/WhatsApp-Image-2026-09-01-at-14.38.22-731x1024.jpeg 731w, https:\/\/fiaf.net\/puglia\/wp-content\/uploads\/sites\/18\/2026\/09\/WhatsApp-Image-2026-09-01-at-14.38.22-768x1075.jpeg 768w, https:\/\/fiaf.net\/puglia\/wp-content\/uploads\/sites\/18\/2026\/09\/WhatsApp-Image-2026-09-01-at-14.38.22-1097x1536.jpeg 1097w, https:\/\/fiaf.net\/puglia\/wp-content\/uploads\/sites\/18\/2026\/09\/WhatsApp-Image-2026-09-01-at-14.38.22.jpeg 1240w\" sizes=\"auto, (max-width: 547px) 100vw, 547px\" \/><\/p>\n<p>Ad ospitare l\u2019autrice foggia sar\u00e0 Fuori Squadro in Via Arco Contini 13 a Foggia.<\/p>\n<p>\u201c<em>Ho fotografato persone sole in un ambiente apparentemente disabitato \u2014 \u00e8 in realt\u00e0 una costante paradossale, perch\u00e9 quasi tutte queste foto contengono pi\u00f9 di una persona. \u00c8 un effetto ottenuto non per assenza di figure umane, ma per la loro distanza emotiva o fisica dallo spazio che occupano, o le une dalle altre. Molte figure sono in realt\u00e0 accompagnate \u2014 da un cane, da un partner, da un gruppo di amici, ma la mia fotografia le isola ugualmente.\u00a0 Ho scelto la grana, il mosso, il controluce che trasformano in incontri quasi fantasmatici, presenze che si sfiorano senza fondersi. La cosa che rende ogni figura sola anche quando non lo \u00e8 tecnicamente, \u00e8 la sproporzione tra la persona e lo spazio che la contiene. In tutti questi casi lo spazio architettonico \u00e8 enorme, teatrale, quasi scenografico, e il corpo umano diventa una nota minima dentro una partitura troppo grande per lui. L\u2019architettura non fa da sfondo, agisce sulla figura, la relativizza, la rende fragile. Spesso nelle mie foto c\u2019\u00e8\u00a0 la pioggia, spesso \u00e8 stato un caso, ma mi \u00e8 servita per isolare i soggetti, che sono intenti a ripararsi rendendoli distratti e vulnerabili. Ogni figura sotto la pioggia sembra portare avanti una missione privata e intima \u2014 tornare a casa, ripararsi \u2014 che esclude chiunque altro, anche quando altre persone sono presenti nello stesso fotogramma.<\/em><\/p>\n<p><em>Il titolo \u00e8 venuto da qui, nel senso che ho semplificato in \u201cFilo Conduttore\u201d tutti questi miei pensieri che sarebbe stato per me complicato ricondurre in due parole.<\/em><\/p>\n<p><em>Le foto sono state scattate nel corso degli anni e le ho riunite quando Francesca Trisciuoglio Capozzi mi ha onorato nel richiedermi una mia mostra per inaugurare un ciclo di mostre nel suo\/loro (perch\u00e9 non voglio dimenticare Gianfranco Brescia) ristorante<\/em>\u201d.<\/p>\n<p style=\"text-align: right\"><strong><em>Celestina Paola Ricucci<\/em><\/strong><\/p>\n<p>Sar\u00e0 possibile visitare la mostra nei giorni apertura del locale\u00a0 dalle ore 19 alle 20 dal 12 settembre fino al 3 ottobre presso il Fuori Squadro in Via Arco Contini 13 a Foggia.<\/p>\n\n    <div class=\"xs_social_share_widget xs_share_url after_content \t\tmain_content  wslu-style-1 wslu-share-box-shaped wslu-fill-colored wslu-none wslu-share-horizontal wslu-theme-font-no wslu-main_content\">\n\n\t\t\n        <ul>\n\t\t\t        <\/ul>\n    <\/div> \n","protected":false},"excerpt":{"rendered":"<p>Sar\u00e0 inaugurata il prossimo 12 settembre alle ore 11.30 \u201cFilo Conduttore\u201d la nuova personale di Celestina Paola Ricucci del FotoCineClub &hellip;<\/p>\n","protected":false},"author":97,"featured_media":4491,"comment_status":"closed","ping_status":"closed","sticky":false,"template":"","format":"standard","meta":{"_acf_changed":false,"footnotes":""},"categories":[12],"tags":[],"class_list":["post-4490","post","type-post","status-publish","format-standard","has-post-thumbnail","hentry","category-mostre"],"acf":[],"_links":{"self":[{"href":"https:\/\/fiaf.net\/puglia\/wp-json\/wp\/v2\/posts\/4490","targetHints":{"allow":["GET"]}}],"collection":[{"href":"https:\/\/fiaf.net\/puglia\/wp-json\/wp\/v2\/posts"}],"about":[{"href":"https:\/\/fiaf.net\/puglia\/wp-json\/wp\/v2\/types\/post"}],"author":[{"embeddable":true,"href":"https:\/\/fiaf.net\/puglia\/wp-json\/wp\/v2\/users\/97"}],"replies":[{"embeddable":true,"href":"https:\/\/fiaf.net\/puglia\/wp-json\/wp\/v2\/comments?post=4490"}],"version-history":[{"count":2,"href":"https:\/\/fiaf.net\/puglia\/wp-json\/wp\/v2\/posts\/4490\/revisions"}],"predecessor-version":[{"id":4493,"href":"https:\/\/fiaf.net\/puglia\/wp-json\/wp\/v2\/posts\/4490\/revisions\/4493"}],"wp:featuredmedia":[{"embeddable":true,"href":"https:\/\/fiaf.net\/puglia\/wp-json\/wp\/v2\/media\/4491"}],"wp:attachment":[{"href":"https:\/\/fiaf.net\/puglia\/wp-json\/wp\/v2\/media?parent=4490"}],"wp:term":[{"taxonomy":"category","embeddable":true,"href":"https:\/\/fiaf.net\/puglia\/wp-json\/wp\/v2\/categories?post=4490"},{"taxonomy":"post_tag","embeddable":true,"href":"https:\/\/fiaf.net\/puglia\/wp-json\/wp\/v2\/tags?post=4490"}],"curies":[{"name":"wp","href":"https:\/\/api.w.org\/{rel}","templated":true}]}}