{"id":450,"date":"2014-06-09T10:35:14","date_gmt":"2014-06-09T08:35:14","guid":{"rendered":"https:\/\/fiaf.net\/regioni\/puglia\/?p=450"},"modified":"2014-06-09T10:35:14","modified_gmt":"2014-06-09T08:35:14","slug":"fotoarte-2014-seminario-di-marozzini","status":"publish","type":"post","link":"https:\/\/fiaf.net\/puglia\/fotoarte-2014-seminario-di-marozzini\/","title":{"rendered":"FOTOARTE 2014: SEMINARIO DI MAROZZINI"},"content":{"rendered":"<p><span style=\"color: #000000\"><strong>Seminario Gratuito: \u00a0<em>Raccontami una storia<\/em> \u00a0di \u00a0GIOVANNI MAROZZINI \u00a0organizzato dall&#8217;associazione\u00a0<\/strong><\/span><span style=\"color: #000000\"><b>fotografica FOTOFUCINA di Salice Salentino (LE)<\/b><\/span><br \/>\n<span style=\"color: #000000\"><strong>Il reportage pu\u00f2 assumere diversi tagli narrativi, da testimonianza diretta a diario di viaggio. Giovanni Marrozzini racconter\u00e0 la sua esperienza, condividendo riflessioni su metodi e tecniche sullo studio e la progettazione del reportage. Nello spirito della narrazione \u00e8 necessario riconoscere quegli aspetti del territorio e delle persone che meglio descrivono la realt\u00e0 sociale e la storia della contemporaneit\u00e0. Durante il seminario, l\u2019autore condurr\u00e0 il gruppo ad una analisi sui diversi modi del raccontare attraverso immagini, riflettendo sullo studio e sull\u2019esercizio della struttura narrativa nella specificit\u00e0 fotografica.\u00a0<\/strong><\/span><br \/>\n<span style=\"color: #000000\"><strong>Il seminario sar\u00e0 tenuto presso il Centro Polifunzionale \u201cPadre Benigno Perrone\u201d in via Pasquale Leone, Salice Salentino <em><span style=\"text-decoration: underline\">venerd\u00ec 20 giugno 2014 con ingresso libero, a partire dalle ore 20:00<\/span><\/em>.<\/strong><\/span><br \/>\n<span style=\"color: #000000\"><strong>Per maggiori dettagli scrivere a: info@fotofucina.it<\/strong><\/span><\/p>\n\n    <div class=\"xs_social_share_widget xs_share_url after_content \t\tmain_content  wslu-style-1 wslu-share-box-shaped wslu-fill-colored wslu-none wslu-share-horizontal wslu-theme-font-no wslu-main_content\">\n\n\t\t\n        <ul>\n\t\t\t        <\/ul>\n    <\/div> \n","protected":false},"excerpt":{"rendered":"<p>Seminario Gratuito: \u00a0Raccontami una storia \u00a0di \u00a0GIOVANNI MAROZZINI \u00a0organizzato dall&#8217;associazione\u00a0fotografica FOTOFUCINA di Salice Salentino (LE) Il reportage pu\u00f2 assumere diversi &hellip;<\/p>\n","protected":false},"author":8,"featured_media":441,"comment_status":"closed","ping_status":"closed","sticky":false,"template":"","format":"standard","meta":{"_acf_changed":false,"footnotes":""},"categories":[11],"tags":[],"class_list":["post-450","post","type-post","status-publish","format-standard","has-post-thumbnail","hentry","category-manifestazioni"],"acf":[],"_links":{"self":[{"href":"https:\/\/fiaf.net\/puglia\/wp-json\/wp\/v2\/posts\/450","targetHints":{"allow":["GET"]}}],"collection":[{"href":"https:\/\/fiaf.net\/puglia\/wp-json\/wp\/v2\/posts"}],"about":[{"href":"https:\/\/fiaf.net\/puglia\/wp-json\/wp\/v2\/types\/post"}],"author":[{"embeddable":true,"href":"https:\/\/fiaf.net\/puglia\/wp-json\/wp\/v2\/users\/8"}],"replies":[{"embeddable":true,"href":"https:\/\/fiaf.net\/puglia\/wp-json\/wp\/v2\/comments?post=450"}],"version-history":[{"count":0,"href":"https:\/\/fiaf.net\/puglia\/wp-json\/wp\/v2\/posts\/450\/revisions"}],"wp:featuredmedia":[{"embeddable":true,"href":"https:\/\/fiaf.net\/puglia\/wp-json\/wp\/v2\/media\/441"}],"wp:attachment":[{"href":"https:\/\/fiaf.net\/puglia\/wp-json\/wp\/v2\/media?parent=450"}],"wp:term":[{"taxonomy":"category","embeddable":true,"href":"https:\/\/fiaf.net\/puglia\/wp-json\/wp\/v2\/categories?post=450"},{"taxonomy":"post_tag","embeddable":true,"href":"https:\/\/fiaf.net\/puglia\/wp-json\/wp\/v2\/tags?post=450"}],"curies":[{"name":"wp","href":"https:\/\/api.w.org\/{rel}","templated":true}]}}