{"id":690,"date":"2015-03-02T19:12:08","date_gmt":"2015-03-02T17:12:08","guid":{"rendered":"https:\/\/fiaf.net\/regioni\/puglia\/?p=690"},"modified":"2015-03-02T19:12:08","modified_gmt":"2015-03-02T17:12:08","slug":"terra-santa-di-felice-de-stena","status":"publish","type":"post","link":"https:\/\/fiaf.net\/puglia\/terra-santa-di-felice-de-stena\/","title":{"rendered":"Terra Santa di Felice De Stena"},"content":{"rendered":"<p><a href=\"https:\/\/fiaf.net\/puglia\/wp-content\/uploads\/sites\/18\/2015\/03\/Foto1.jpg\"><img loading=\"lazy\" decoding=\"async\" src=\"https:\/\/fiaf.net\/puglia\/wp-content\/uploads\/sites\/18\/2015\/03\/Foto1-1024x681.jpg\" alt=\"SONY DSC\" width=\"1024\" height=\"681\" class=\"alignleft size-large wp-image-691\" \/><\/a><br \/>\n<strong>Sabato 7 Marzo alle ore 19:00, presso la sede del circolo (via Ester Lojodice n.1) si inaugurer\u00e0 \u201cTERRA SANTA\u201d la mostra fotografica di FELICE DE STENA.<\/strong><br \/>\nUn antico Midrash recita:<br \/>\n\u201cDieci porzioni di bellezza sono state accordate al mondo dal Creatore<br \/>\ne Gerusalemme ne ha ricevute nove.<br \/>\nDieci porzioni di scienza sono state accordate al mondo dal Creatore<br \/>\ne Gerusalemme ne ha ricevute nove.<br \/>\nDieci porzioni di sofferenza sono state accordate al mondo dal Creatore<br \/>\ne Gerusalemme ne ha ricevute nove.\u201d<br \/>\nIl viaggio del fotografo Felice de Stena in Terra Santa diventa una personale composta da ventotto fotografie nelle quali si mostra tutto il fascino di questa terra con la sua miscela di bellezza, scienza e sofferenza, il valore storico, il mistero e la dimensione religiosa che ne costituiscono l\u2019identit\u00e0.<br \/>\nAddentrarsi in Terra Santa \u00e8  un\u2019avventura indimenticabile, una sorpresa quotidiana di paesaggi aridi, sconvolgenti, di incontri con mondi e popoli diversi fra loro per colore, razza e religione, ma uniti da destini convergenti e incerti. Un crocevia di popoli e culture.<br \/>\nIn ogni scatto i contrasti e le differenze presenti ad ogni passo, dietro ogni angolo nascosto, sotto ogni pietra che ha visto millenni di storia, religioni, umanit\u00e0,diventano protagonisti emozionando e invitando a riflettere.<br \/>\n<strong>La mostra sar\u00e0 visitabile fino al 31 Marzo 2015 dal Luned\u00ec al Venerd\u00ec h. 19.00\/20.30<br \/>\n<\/strong><br \/>\n<strong>Felice de Stena<\/strong><br \/>\nClasse 1964, vive a Molfetta (Bari) \u00e8 sposato e padre di due figli. Ingegnere e quadro presso una multinazionale tedesca.<br \/>\nIncontra la fotografia nel 1978 durante un corso di fotografia organizzato presso l\u2019ITIS \u201cFerraris\u201d Molfetta.<br \/>\nNel 1980 affascinato dalla possibilit\u00e0 di fermare per sempre gli istanti, ottiene per regalo la sua prima macchina fotografica, una Canon AE1. Come tutti i fotoamatori alle prime armi fotografa tutto ci\u00f2 che gli si presenta davanti; dai fiori agli insetti, dai primi paesaggi ai ritratti a parenti ed amici durante le feste.<br \/>\nSocio fondatore dell\u2019Associazione fotografica \u201cf\/64\u201d di Molfetta di cui \u00e8 stato vicepresidente nel 2014.<br \/>\n2012 &#8211; Collettiva di Terra di Sud dal titolo \u201cLe citt\u00e0 (in)visibili\u201d<br \/>\n2013 &#8211; Collettiva dell\u2019Associazione fotografica \u201cf\/64\u201d dal titolo \u201cCaleidoscopio\u201d;<br \/>\n2013 &#8211; Collettiva di Terra di Sud dal titolo \u201cSemantica di un territorio\u201d;<br \/>\n2014 &#8211; Collettiva dell\u2019Associazione fotografica \u201cf\/64\u201d dal titolo \u201cDonna\u201d;<br \/>\n2014 &#8211; Collettiva presso il \u201cMuseo della fotografia\u201d del Politecnico di Bari;<br \/>\n2014 &#8211; Molfetta &#8211; Collettiva dell\u2019Associazione fotografica \u201cf\/64\u201d dal titolo \u201cIl viaggio\u201d;<br \/>\n2014 &#8211; Mostra personale dal titolo \u201cTerra Santa\u201d;<br \/>\n2015 &#8211; Museo della fotografia\u201d del Politecnico di Bari &#8211; Collettiva dal titolo \u201cIl viaggio\u201d;<br \/>\nSue fotografie sono presenti su Flickr, Fotocommunity, Artlimited.<\/p>\n\n    <div class=\"xs_social_share_widget xs_share_url after_content \t\tmain_content  wslu-style-1 wslu-share-box-shaped wslu-fill-colored wslu-none wslu-share-horizontal wslu-theme-font-no wslu-main_content\">\n\n\t\t\n        <ul>\n\t\t\t        <\/ul>\n    <\/div> \n","protected":false},"excerpt":{"rendered":"<p>Sabato 7 Marzo alle ore 19:00, presso la sede del circolo (via Ester Lojodice n.1) si inaugurer\u00e0 \u201cTERRA SANTA\u201d la &hellip;<\/p>\n","protected":false},"author":64,"featured_media":691,"comment_status":"closed","ping_status":"closed","sticky":false,"template":"","format":"standard","meta":{"_acf_changed":false,"footnotes":""},"categories":[12],"tags":[],"class_list":["post-690","post","type-post","status-publish","format-standard","has-post-thumbnail","hentry","category-mostre"],"acf":[],"_links":{"self":[{"href":"https:\/\/fiaf.net\/puglia\/wp-json\/wp\/v2\/posts\/690","targetHints":{"allow":["GET"]}}],"collection":[{"href":"https:\/\/fiaf.net\/puglia\/wp-json\/wp\/v2\/posts"}],"about":[{"href":"https:\/\/fiaf.net\/puglia\/wp-json\/wp\/v2\/types\/post"}],"author":[{"embeddable":true,"href":"https:\/\/fiaf.net\/puglia\/wp-json\/wp\/v2\/users\/64"}],"replies":[{"embeddable":true,"href":"https:\/\/fiaf.net\/puglia\/wp-json\/wp\/v2\/comments?post=690"}],"version-history":[{"count":0,"href":"https:\/\/fiaf.net\/puglia\/wp-json\/wp\/v2\/posts\/690\/revisions"}],"wp:featuredmedia":[{"embeddable":true,"href":"https:\/\/fiaf.net\/puglia\/wp-json\/wp\/v2\/media\/691"}],"wp:attachment":[{"href":"https:\/\/fiaf.net\/puglia\/wp-json\/wp\/v2\/media?parent=690"}],"wp:term":[{"taxonomy":"category","embeddable":true,"href":"https:\/\/fiaf.net\/puglia\/wp-json\/wp\/v2\/categories?post=690"},{"taxonomy":"post_tag","embeddable":true,"href":"https:\/\/fiaf.net\/puglia\/wp-json\/wp\/v2\/tags?post=690"}],"curies":[{"name":"wp","href":"https:\/\/api.w.org\/{rel}","templated":true}]}}