{"id":759,"date":"2015-05-17T13:13:35","date_gmt":"2015-05-17T11:13:35","guid":{"rendered":"https:\/\/fiaf.net\/regioni\/puglia\/?p=759"},"modified":"2015-05-17T13:13:35","modified_gmt":"2015-05-17T11:13:35","slug":"fotoarte-puglia-2015-due-mesi-di-fotografia-tra-taranto-brindisi-e-lecce","status":"publish","type":"post","link":"https:\/\/fiaf.net\/puglia\/fotoarte-puglia-2015-due-mesi-di-fotografia-tra-taranto-brindisi-e-lecce\/","title":{"rendered":"FotoArte Puglia 2015: due mesi di fotografia tra Taranto, Brindisi e Lecce"},"content":{"rendered":"<p><strong>La manifestazione, ideata dal circolo fotografico \u201cIl Castello\u201d di Taranto nel 2004, giunge quest\u2019anno alla sua dodicesima edizione e si prospetta ricca di novit\u00e0. <\/strong><br \/>\n<strong>Mostre fotografiche, concorsi, seminari, workshop, incontri con esperti e altri eventi a tema saranno organizzati da 6 associazioni fotografiche pugliesi, che per mesi hanno lavorato duramente e in sinergia per arricchire l\u2019offerta culturale e artistica della regione e attrarre turisti, fotografi e fotoamatori da tutto il Sud Italia. Oltre al circolo \u201cIl Castello\u201d, condividono l\u2019edizione del 2015 le associazioni \u201cFotofucina\u201d di Salice Salentino, \u201cInPhoto\u201d di Brindisi, \u201cTempo di scatto\u201d di San Cesario, \u201cObiettivi\u201d di Lecce e \u201cControluce\u201d di Statte.<\/strong><br \/>\n<strong>\u201cFotoArte\u201d quest\u2019anno durer\u00e0 circa due mesi, dal 30 maggio al 10 luglio, per una full-immersion nella fotografia di qualit\u00e0 che costituir\u00e0 un\u2019occasione di arricchimento e di crescita culturale e professionale per molti visitatori. Tanti i nomi dei fotografi e degli esperti di rilievo nazionale e internazionale che interverranno nelle varie location pugliesi: Fabio Bucciarelli, Maurizio Galimberti, Moreno Maggi, Daniele Riefolo, Valerio Bispuri, Max Angeloni, Donato Chirulli, Manoocher Deghati, Antonio Manta, Enrico Prada, Sara Munari, Francesco Ciccotti, Raffaele De Pascalis, Fernando Bevilacqua, Salvatore Masciullo, Salvatore Colazzo, Antonio Errico, Marco Di Lauro, Michele Buonanni, Daniela Sidari, Alessandro Liuzzi, Paolo Zuf, Loredana De Pace, Sara Inglese, Isabella Colucci, Alessandro Petrosino, Franco Sortini, Alex Mezzenga, Lorenzo Papadia, Luca Tabarrini e Tiziana Nanni, Alessandro Treves, Elizaveta Musienko, Lisa Bernardini, Francesco Francaviglia, Hannes Caspar, Euro Rotelli.<\/strong><br \/>\n<span style=\"color: #000000\"><strong>Un\u2019importante novit\u00e0 che riguarda l\u2019edizione del 2015 \u00e8 legata alla lettura portfolio: da quest\u2019anno, infatti, FotoArte Puglia rientra tra le tappe di Portfolio Italia, l\u2019importante circuito ideato nel 2004 dalla FIAF \u2013 Federazione Italiana Associazioni Fotografiche \u2013 che riunisce le pi\u00f9 importanti manifestazioni nazionali in cui siano compresi incontri di lettura portfolio. Per l\u2019occasione, si arricchisce l\u2019elenco dei lettori: interverranno Dario Coletti, Enzo Carli, Fulvio Merlak, Giancarlo Torresani, Federica Cerami, Giorgio Ciardo, Manoocher Deghati e Franco Fontana.<\/strong><\/span><br \/>\n<span style=\"color: #000000\"><strong>Nel corso dei due mesi, si terranno decine di mostre fotografiche in varie location pugliesi: Salice Salentino, Brindisi, San Cesario, Taranto (in quest\u2019ultima, venti solo nella Citt\u00e0 vecchia). Il tema scelto per le collettive dei circoli sar\u00e0, invece, \u201cLa periferia urbana\u201d.<\/strong><\/span><br \/>\n<span style=\"color: #000000\"><strong>Tra le novit\u00e0 di quest\u2019anno, FotoArte diventa tappa anche del NikonDay; confermato, inoltre, il gemellaggio con il Photofestival di Anzio \u201cAttraverso le pieghe del tempo\u201d. \u00a0<\/strong><\/span><br \/>\n<span style=\"color: #000000\"><strong>La manifestazione \u00e8 realizzata con il patrocinio della FIAF, della Regione Puglia, delle Province di Taranto, Brindisi e Lecce, dei Comuni di Taranto, Salice Salentino, Brindisi, San Cesario, Lecce, Statte e Copertino, e di Puglia Promozione.<\/strong><\/span><br \/>\n<span style=\"color: #000000\">\u00a0<\/span><br \/>\n<span style=\"color: #000000\"><strong>Per informazioni sul programma completo della manifestazione, \u00e8 possibile consultare il sito web <a href=\"http:\/\/www.fotoartepuglia.it\/\" target=\"_blank\" rel=\"noopener\"><span style=\"color: #000000\">http:\/\/www.fotoartepuglia.it\/<\/span><\/a>.<\/strong><\/span><br \/>\n<span style=\"color: #000000\"><strong>Per ulteriori informazioni:<\/strong><\/span><br \/>\n<span style=\"color: #000000\"><strong>Ufficio stampa: Rosa Cambara, Miriam Putignano<\/strong><\/span><br \/>\n<span style=\"color: #000000\"><strong>Direttore artistico: Raimondo Musolino, presidente del circolo fotografico \u201cIl Castello\u201d<\/strong><\/span><br \/>\n<span style=\"color: #000000\"><strong>Numero telefonico: 3925000997<\/strong><\/span><br \/>\n&nbsp;<br \/>\n<a href=\"https:\/\/fiaf.net\/puglia\/wp-content\/uploads\/sites\/18\/2015\/05\/DEPP-JOHNNY-Maurizio-Galimberti.jpg\"><img loading=\"lazy\" decoding=\"async\" class=\"alignnone size-large wp-image-762\" alt=\"DEPP JOHNNY - Maurizio Galimberti\" src=\"https:\/\/fiaf.net\/puglia\/wp-content\/uploads\/sites\/18\/2015\/05\/DEPP-JOHNNY-Maurizio-Galimberti-851x1024.jpg\" width=\"851\" height=\"1024\" \/><\/a><br \/>\n<span style=\"color: #000000\">\u00a0<\/span><\/p>\n\n    <div class=\"xs_social_share_widget xs_share_url after_content \t\tmain_content  wslu-style-1 wslu-share-box-shaped wslu-fill-colored wslu-none wslu-share-horizontal wslu-theme-font-no wslu-main_content\">\n\n\t\t\n        <ul>\n\t\t\t        <\/ul>\n    <\/div> \n","protected":false},"excerpt":{"rendered":"<p>La manifestazione, ideata dal circolo fotografico \u201cIl Castello\u201d di Taranto nel 2004, giunge quest\u2019anno alla sua dodicesima edizione e si &hellip;<\/p>\n","protected":false},"author":8,"featured_media":762,"comment_status":"closed","ping_status":"closed","sticky":false,"template":"","format":"standard","meta":{"_acf_changed":false,"footnotes":""},"categories":[11],"tags":[],"class_list":["post-759","post","type-post","status-publish","format-standard","has-post-thumbnail","hentry","category-manifestazioni"],"acf":[],"_links":{"self":[{"href":"https:\/\/fiaf.net\/puglia\/wp-json\/wp\/v2\/posts\/759","targetHints":{"allow":["GET"]}}],"collection":[{"href":"https:\/\/fiaf.net\/puglia\/wp-json\/wp\/v2\/posts"}],"about":[{"href":"https:\/\/fiaf.net\/puglia\/wp-json\/wp\/v2\/types\/post"}],"author":[{"embeddable":true,"href":"https:\/\/fiaf.net\/puglia\/wp-json\/wp\/v2\/users\/8"}],"replies":[{"embeddable":true,"href":"https:\/\/fiaf.net\/puglia\/wp-json\/wp\/v2\/comments?post=759"}],"version-history":[{"count":0,"href":"https:\/\/fiaf.net\/puglia\/wp-json\/wp\/v2\/posts\/759\/revisions"}],"wp:featuredmedia":[{"embeddable":true,"href":"https:\/\/fiaf.net\/puglia\/wp-json\/wp\/v2\/media\/762"}],"wp:attachment":[{"href":"https:\/\/fiaf.net\/puglia\/wp-json\/wp\/v2\/media?parent=759"}],"wp:term":[{"taxonomy":"category","embeddable":true,"href":"https:\/\/fiaf.net\/puglia\/wp-json\/wp\/v2\/categories?post=759"},{"taxonomy":"post_tag","embeddable":true,"href":"https:\/\/fiaf.net\/puglia\/wp-json\/wp\/v2\/tags?post=759"}],"curies":[{"name":"wp","href":"https:\/\/api.w.org\/{rel}","templated":true}]}}