{"id":93,"date":"2012-12-14T17:12:34","date_gmt":"2012-12-14T15:12:34","guid":{"rendered":"https:\/\/fiaf.net\/regioni\/puglia\/?p=93"},"modified":"2012-12-14T17:12:34","modified_gmt":"2012-12-14T15:12:34","slug":"capitanata-fotografica","status":"publish","type":"post","link":"https:\/\/fiaf.net\/puglia\/capitanata-fotografica\/","title":{"rendered":"Capitanata Fotografica"},"content":{"rendered":"<p><a href=\"https:\/\/fiaf.net\/puglia\/wp-content\/uploads\/sites\/18\/2012\/12\/locandina.jpg\"><img loading=\"lazy\" decoding=\"async\" class=\"alignleft size-full wp-image-94\" title=\"locandina\" alt=\"\" src=\"https:\/\/fiaf.net\/puglia\/wp-content\/uploads\/sites\/18\/2012\/12\/locandina.jpg\" width=\"336\" height=\"480\" srcset=\"https:\/\/fiaf.net\/puglia\/wp-content\/uploads\/sites\/18\/2012\/12\/locandina.jpg 336w, https:\/\/fiaf.net\/puglia\/wp-content\/uploads\/sites\/18\/2012\/12\/locandina-210x300.jpg 210w\" sizes=\"auto, (max-width: 336px) 100vw, 336px\" \/><\/a>Il Circolo Culturale \u201cManfredonia Fotografica\u201d con il patrocinio Fiaf, presenta la mostra collettiva \u201cCAPITANATA FOTOGRAFICA\u201d in esposizione presso i locali del L.U.C Laboratorio Urbano Culturale \u201cPeppino Impastato\u201d dal 16 al 31 Dicembre 2012.<br \/>\nCapitanata Fotografica \u00e8 frutto di un lungo lavoro di ricerca che ha impegnato tutti i fotoamatori soci e nasce da una precisa volont\u00e0 degli associati diretta a rappresentare e valorizzare le tradizioni, gli usi, i costumi e le eccellenze del nostro territorio.<br \/>\nCi\u00f2 che ha animato l&#8217;occhio attento degli autori di questo lavoro collettivo \u00e8 stata proprio la voglia di descrivere, testimoniare e raccontare la Capitanata attraverso le sue stesse peculiarit\u00e0, attraverso i suoi luoghi, abitanti e costumi che la contraddistinguono, caratterizzano e la distinguono.<br \/>\nLe foto degli autori, scattate in luoghi e tempi differenti, mostrano scene e momenti di vita quotidiana immortalati nella loro spontaneit\u00e0 e semplicit\u00e0, icone di una forte identit\u00e0 territoriale.<br \/>\nLa cittadinanza tutta \u00e8 invitata all&#8217;inaugurazione di questo evento che si terr\u00e0 Domenica 16 Dicembre 2012 alle ore 19.00 presso il L.U.C Laboratorio Urbano Culturale \u201cPeppino Impastato\u201d, Lungomare Nazario Sauro 37 (ex mercato ittico).<br \/>\nSi ricorda, altres\u00ec, che la mostra collettiva sar\u00e0 presente presso i locali del L.U.C fino al 31 Dicembre, visitabile tutti i giorni durante l&#8217;orario di apertura del Laboratorio Urbano Culturale.<\/p>\n\n    <div class=\"xs_social_share_widget xs_share_url after_content \t\tmain_content  wslu-style-1 wslu-share-box-shaped wslu-fill-colored wslu-none wslu-share-horizontal wslu-theme-font-no wslu-main_content\">\n\n\t\t\n        <ul>\n\t\t\t        <\/ul>\n    <\/div> \n","protected":false},"excerpt":{"rendered":"<p>Il Circolo Culturale \u201cManfredonia Fotografica\u201d con il patrocinio Fiaf, presenta la mostra collettiva \u201cCAPITANATA FOTOGRAFICA\u201d in esposizione presso i locali &hellip;<\/p>\n","protected":false},"author":64,"featured_media":0,"comment_status":"closed","ping_status":"open","sticky":false,"template":"","format":"standard","meta":{"_acf_changed":false,"footnotes":""},"categories":[12],"tags":[],"class_list":["post-93","post","type-post","status-publish","format-standard","hentry","category-mostre"],"acf":[],"_links":{"self":[{"href":"https:\/\/fiaf.net\/puglia\/wp-json\/wp\/v2\/posts\/93","targetHints":{"allow":["GET"]}}],"collection":[{"href":"https:\/\/fiaf.net\/puglia\/wp-json\/wp\/v2\/posts"}],"about":[{"href":"https:\/\/fiaf.net\/puglia\/wp-json\/wp\/v2\/types\/post"}],"author":[{"embeddable":true,"href":"https:\/\/fiaf.net\/puglia\/wp-json\/wp\/v2\/users\/64"}],"replies":[{"embeddable":true,"href":"https:\/\/fiaf.net\/puglia\/wp-json\/wp\/v2\/comments?post=93"}],"version-history":[{"count":0,"href":"https:\/\/fiaf.net\/puglia\/wp-json\/wp\/v2\/posts\/93\/revisions"}],"wp:attachment":[{"href":"https:\/\/fiaf.net\/puglia\/wp-json\/wp\/v2\/media?parent=93"}],"wp:term":[{"taxonomy":"category","embeddable":true,"href":"https:\/\/fiaf.net\/puglia\/wp-json\/wp\/v2\/categories?post=93"},{"taxonomy":"post_tag","embeddable":true,"href":"https:\/\/fiaf.net\/puglia\/wp-json\/wp\/v2\/tags?post=93"}],"curies":[{"name":"wp","href":"https:\/\/api.w.org\/{rel}","templated":true}]}}