{"id":980,"date":"2016-01-29T03:40:15","date_gmt":"2016-01-29T01:40:15","guid":{"rendered":"https:\/\/fiaf.net\/regioni\/puglia\/?p=980"},"modified":"2016-01-29T03:40:15","modified_gmt":"2016-01-29T01:40:15","slug":"mostra-fotografica-%ca%bamarcovaldo-a-foggia-citta-e-natura%ca%ba","status":"publish","type":"post","link":"https:\/\/fiaf.net\/puglia\/mostra-fotografica-%ca%bamarcovaldo-a-foggia-citta-e-natura%ca%ba\/","title":{"rendered":"Mostra fotografica \u02baMarcovaldo a Foggia &#8211; Citt\u00e0 e Natura\u02ba"},"content":{"rendered":"<p align=\"CENTER\"><span style=\"color: #ff0000\"><span style=\"font-family: Calibri, sans-serif\"><span style=\"font-size: large\"><b>Mostra fotografica\u00a0<\/b><\/span><\/span><\/span><span style=\"color: #ff0000\"><span style=\"font-family: Calibri, sans-serif\"><span style=\"font-size: large\"><b>\u02baMarcovaldo a Foggia &#8211; Citt\u00e0 e Natura\u02ba\u00a0<\/b><\/span><\/span><\/span><\/p>\n<h4 align=\"CENTER\"><span style=\"text-decoration: underline\"><span style=\"color: #ff0000;text-decoration: underline\">di Teresa d&#8217;Agnessa<\/span><\/span><\/h4>\n<p align=\"CENTER\"><span style=\"color: #000000\"><span style=\"font-family: Calibri, sans-serif\"><span style=\"font-size: large\"><b>dal\u00a0<\/b><\/span><\/span><\/span><span style=\"color: #000000\"><span style=\"font-family: Calibri, sans-serif\"><span style=\"font-size: large\">30 gennaio\u00a0<\/span><\/span><\/span><span style=\"color: #000000\"><span style=\"font-family: Calibri, sans-serif\"><span style=\"font-size: large\"><b>al<\/b><\/span><\/span><\/span><span style=\"color: #000000\"><span style=\"font-family: Calibri, sans-serif\"><span style=\"font-size: large\">\u00a06 Febbraio 2016\u00a0<\/span><\/span><\/span><\/p>\n<p align=\"CENTER\"><span style=\"color: #000000\"><span style=\"font-family: Calibri, sans-serif\"><span style=\"font-size: large\">presso il\u00a0<\/span><\/span><\/span><span style=\"color: #000000\"><span style=\"font-family: Calibri, sans-serif\"><span style=\"font-size: large\"><b>Palazzetto dell&#8217;Arte \u201dAndrea Pazienza\u201d<\/b><\/span><\/span><\/span><\/p>\n<p align=\"CENTER\"><span style=\"color: #000000\"><span style=\"font-family: Calibri, sans-serif\"><span style=\"font-size: large\"><b>Via Galliani, 1 Foggia<\/b><\/span><\/span><\/span><\/p>\n<p align=\"CENTER\"><span style=\"color: #ff0000\"><span style=\"font-family: Calibri, sans-serif\"><span style=\"font-size: large\"><b>Orari:<\/b><\/span><\/span><\/span><span style=\"color: #000000\"><span style=\"font-family: Calibri, sans-serif\"><span style=\"font-size: large\"><b>\u00a0<\/b><\/span><\/span><\/span><span style=\"color: #000000\"><span style=\"font-family: Calibri, sans-serif\"><span style=\"font-size: large\">dal marted\u00ec al sabato ore 9,00 &#8211; 13,00 e 16,00 &#8211; 20,00<\/span><\/span><\/span><\/p>\n<p align=\"CENTER\"><span style=\"color: #ff0000\"><span style=\"font-family: Calibri, sans-serif\"><span style=\"font-size: large\"><b>Inaugurazione :\u00a0<\/b><\/span><\/span><\/span><span style=\"color: #000000\"><span style=\"font-family: Calibri, sans-serif\"><span style=\"font-size: large\"><b>sabato 30 Gennaio ore 18,00<\/b><\/span><\/span><\/span><\/p>\n<p align=\"CENTER\">.<\/p>\n<p align=\"CENTER\">\n<p><span style=\"color: #000000\">Lo sguardo attento e consapevole di una camminatrice che riesce con il suo occhio a restituirci un\u2019immagine singolare della citt\u00e0. Il particolare, evidenziato con inquadrature spesso molto strette, ci sorprende perch\u00e9 spesso siamo testimoni inconsapevoli della quotidianit\u00e0 che ci circonda. La serie di fotografie ci appare subito molto ben congegnata, frutto di una architettura strutturata che salda il legame tra le diverse immagini. Non una serie banale quindi, bens\u00ec una serie pensata nel e per tempo e realizzata seguendo un filo rosso che l\u2019autrice aveva preordinato.<\/span><br \/>\n<span style=\"color: #000000\">Teresa d\u2019Agnessa, che ci ha spesso deliziato con i racconti dei suoi viaggi e meravigliato per l\u2019attenzione rivolta a mondi lontani, si impegna nel racconto della sua citt\u00e0 con l\u2019occhio di una ricercatrice che indaga il presente. Un occhio che non tende a stupire, magari con inquadrature particolari o ricercando effetti speciali, ma semplicemente a registrare ci\u00f2 che \u00e8 sotto gli occhi di tutti, ma che pochi hanno il privilegio di notare.<\/span><br \/>\n<span style=\"color: #000000\">Una citt\u00e0 \u00e8 fatta di visioni larghe, tendenti a comprendere gli spazi, si cerca in ogni modo di raccontare con una sola foto un\u2019intera realt\u00e0, con il risultato di offrire immagini spesso scontate o di facilissima lettura. Teresa d\u2019Agnessa ha seguito una strada diversa, ha immaginato una citt\u00e0 che potrebbe essere la citt\u00e0 di tutti, la citt\u00e0 che si offre cos\u00ec come \u00e8 nella sua essenza, con le sue bellezze semplici e con i suoi percorsi giornalieri, ma che proprio nella sua normalit\u00e0 diventa cos\u00ec vicina ai suoi cittadini e piacevole ai viandanti provenienti da tutto il mondo.\u00a0<\/span><br \/>\n<span style=\"color: #000000\"><b>Nicola Loviento \u00a0&#8211; \u00a0<\/b>Artista della Fotografia Italiana &#8211; Presidente del FotoCineClub di Foggia BFI<\/span><br \/>\n&nbsp;<\/p>\n<p style=\"text-align: left\" align=\"center\"><span style=\"color: #000000\"><b>BIOGRAFIA\u00a0 di\u00a0 Teresa d&#8217;Agnessa<\/b><\/span><\/p>\n<p><span style=\"color: #000000\">Teresa d&#8217;Agnessa \u00e8 nata e vive a Foggia, dove ha insegnato nella scuola elementare.<\/span><br \/>\n<span style=\"color: #000000\">Ha contribuito alla promozione della lingua e della cultura francese impegnandosi presso la sede di Foggia dell&#8217;Associazione Culturale Internazionale \u201cAlliance Fran\u00e7aise\u201c.<\/span><br \/>\n<span style=\"color: #000000\">Si interessa alla fotografia da molti anni. \u00c8 socia del Foto Cine Club Foggia BFI.<\/span><br \/>\n<span style=\"color: #000000\">Ha viaggiato attraverso vari Paesi del mondo e in passato ha esposto &#8220;scatti&#8221; relativi a diversi temi. Nelle sue foto cerca di cogliere e fissare la variet\u00e0 delle persone e dei luoghi, di esprimere sensazioni ed emozioni. Propone al pubblico soggetti e ambienti legati ai suoi molteplici interessi.\u00a0<\/span><br \/>\n<span style=\"color: #000000\">Questa volta Teresa d\u2019Agnessa si dedica alla sua citt\u00e0 con l\u2019intento di mostrare il rapporto esistente tra la citt\u00e0 e la natura. L&#8217;autrice, per il suo rapporto con\u00a0 la natura, si riconosce in Marcovaldo, il simpatico personaggio creato da Italo Calvino.<\/span><br \/>\n<span style=\"color: #000000\">Da qui il titolo della sua nuova Mostra Fotografica \u201cMarcovaldo a Foggia \u2013 Citt\u00e0 e Natura\u201c che si inaugura sabato 30 Gennaio alle ore 18\u00a0 presso il Palazzetto dell&#8217;Arte \u201cAndrea Pazienza\u201c a Foggia\u00a0 e che sar\u00e0 visitabile fino al 6 Febbraio , dal marted\u00ec al sabato, dalle 9 alle 13 e dalle 16 alle 20.<\/span><br \/>\n<span style=\"color: #000000\">\u00a0<\/span><\/p>\n<p style=\"text-align: left\" align=\"center\"><span style=\"color: #000000\"><b>MOSTRE FOTOGRAFICHE PERSONALI<\/b><\/span><\/p>\n<p align=\"center\"><span style=\"color: #000000\">\u00a0<\/span><\/p>\n<ul>\n<li><span style=\"color: #000000\">Gennaio &#8211; Febbraio 2016 \u201cMarcovaldo a Foggia &#8211; Citt\u00e0 e Natura\u201c &#8211; Palazzetto dell&#8217;Arte \u201cAndrea Pazienza\u201c Foggia<\/span><\/li>\n<li><span style=\"color: #000000\">Aprile 2015 \u201cMondo Donna\u201d- AUSER-CGIL Foggia<\/span><\/li>\n<li><span style=\"color: #000000\">Ottobre 2014 \u201cNote \u2026 di viaggi\u201d- Fondazione Centro Studi \u201cTonino Gottarelli\u201d Imola (BO)<\/span><\/li>\n<li><span style=\"color: #000000\">Settembre 2014 \u201cDonne dal Mondo 2\u201d &#8211;\u00a0 Foto Cine Club Foggia BFI<\/span><\/li>\n<li><span style=\"color: #000000\">Aprile &#8211; Maggio 2014 \u201cDonne dal Mondo\u201d &#8211; Assoc.ne Culturale \u201cLa \u00a0Merlettaia\u201d Foggia<\/span><\/li>\n<li><span style=\"color: #000000\">Maggio 2008 \u201cSuggestioni &#8211; Viaggio tra le culture del mondo\u201d &#8211; Biblioteca\u00a0<\/span><span style=\"color: #000000\">Provinciale di Foggia &#8211; IlDOck &#8211; Centri di Documentazione &#8211; Sezione Intercultura<\/span><\/li>\n<\/ul>\n<p>&nbsp;<\/p>\n<p style=\"text-align: left\" align=\"center\"><span style=\"color: #000000\"><b>MOSTRE FOTOGRAFICHE COLLETTIVE<\/b><\/span><\/p>\n<p align=\"center\"><span style=\"color: #000000\"><b>\u00a0<\/b><\/span><\/p>\n<ul>\n<li><span style=\"color: #000000\">Ottobre 2015 \u201cLa Luce\u201c per manifestazione annuale \u201cFoggia Fotografia &#8211; La Puglia senza confini\u201c Foto Cine Club Foggia BFI<\/span><\/li>\n<li><span style=\"color: #000000\">Settembre 2015 \u201cFrammenti di Bretagna\u201d con Denise Moreau &#8211; Associazione culturale\u00a0 ARCI Don Chisciotte Foggia<\/span><\/li>\n<li><span style=\"color: #000000\">Giugno-Luglio 2015 \u201dSpirito libero\u02ba &#8211; Foto Cine Club Foggia BFI<\/span><\/li>\n<li><span style=\"color: #000000\">Maggio 2015 \u201cL&#8217;arte in Capitanata\u201d &#8211; ARCI Foggia<\/span><\/li>\n<\/ul>\n<p>&nbsp;<\/p>\n<p style=\"text-align: left\" align=\"center\"><span style=\"color: #000000\"><b>ESPOSIZIONI in relazione a manifestazioni culturali<\/b><\/span><\/p>\n<p align=\"center\"><span style=\"color: #000000\">\u00a0<\/span><\/p>\n<ul>\n<li><span style=\"color: #000000\">Febbraio 2014 \u201cMaison de la jeunesse\u201d &#8211; Saint- Denis (Parigi) : Concerto del duo franco-siriano \u201cInterzone\u201d organizzato dal Collettivo ChamS e Saint-Denis<\/span><\/li>\n<li><span style=\"color: #000000\">Febbraio 2008 Assoc.ne Culturale \u201cLa Merlettaia\u201d Foggia : Dibattito su\u201cIslam e laicit\u00e0\u201d<\/span><\/li>\n<li><span style=\"color: #000000\">Febbraio 2008 Piazza Giordano Foggia: Manifestazione pubblica \u201cLa citt\u00e0 che desideriamo\u201d<\/span><\/li>\n<li><span style=\"color: #000000\">Ottobre 2007 Archeoclub di Foggia: Mostra di merletti \u201cL\u2019arte e la memoria\u201c<\/span><\/li>\n<\/ul>\n<p>&nbsp;<br \/>\n&nbsp;<br \/>\n<a href=\"https:\/\/fiaf.net\/puglia\/wp-content\/uploads\/sites\/18\/2016\/01\/mostra-fotografica-di-Teresa-dAgnessa-manifesto.jpg\"><img loading=\"lazy\" decoding=\"async\" class=\"alignnone size-large wp-image-979\" alt=\"mostra fotografica di Teresa d'Agnessa - manifesto\" src=\"https:\/\/fiaf.net\/puglia\/wp-content\/uploads\/sites\/18\/2016\/01\/mostra-fotografica-di-Teresa-dAgnessa-manifesto-714x1024.jpg\" width=\"714\" height=\"1024\" \/><\/a><\/p>\n\n    <div class=\"xs_social_share_widget xs_share_url after_content \t\tmain_content  wslu-style-1 wslu-share-box-shaped wslu-fill-colored wslu-none wslu-share-horizontal wslu-theme-font-no wslu-main_content\">\n\n\t\t\n        <ul>\n\t\t\t        <\/ul>\n    <\/div> \n","protected":false},"excerpt":{"rendered":"<p>Mostra fotografica\u00a0\u02baMarcovaldo a Foggia &#8211; Citt\u00e0 e Natura\u02ba\u00a0 di Teresa d&#8217;Agnessa dal\u00a030 gennaio\u00a0al\u00a06 Febbraio 2016\u00a0 presso il\u00a0Palazzetto dell&#8217;Arte \u201dAndrea Pazienza\u201d &hellip;<\/p>\n","protected":false},"author":8,"featured_media":979,"comment_status":"closed","ping_status":"closed","sticky":false,"template":"","format":"standard","meta":{"_acf_changed":false,"footnotes":""},"categories":[12],"tags":[],"class_list":["post-980","post","type-post","status-publish","format-standard","has-post-thumbnail","hentry","category-mostre"],"acf":[],"_links":{"self":[{"href":"https:\/\/fiaf.net\/puglia\/wp-json\/wp\/v2\/posts\/980","targetHints":{"allow":["GET"]}}],"collection":[{"href":"https:\/\/fiaf.net\/puglia\/wp-json\/wp\/v2\/posts"}],"about":[{"href":"https:\/\/fiaf.net\/puglia\/wp-json\/wp\/v2\/types\/post"}],"author":[{"embeddable":true,"href":"https:\/\/fiaf.net\/puglia\/wp-json\/wp\/v2\/users\/8"}],"replies":[{"embeddable":true,"href":"https:\/\/fiaf.net\/puglia\/wp-json\/wp\/v2\/comments?post=980"}],"version-history":[{"count":0,"href":"https:\/\/fiaf.net\/puglia\/wp-json\/wp\/v2\/posts\/980\/revisions"}],"wp:featuredmedia":[{"embeddable":true,"href":"https:\/\/fiaf.net\/puglia\/wp-json\/wp\/v2\/media\/979"}],"wp:attachment":[{"href":"https:\/\/fiaf.net\/puglia\/wp-json\/wp\/v2\/media?parent=980"}],"wp:term":[{"taxonomy":"category","embeddable":true,"href":"https:\/\/fiaf.net\/puglia\/wp-json\/wp\/v2\/categories?post=980"},{"taxonomy":"post_tag","embeddable":true,"href":"https:\/\/fiaf.net\/puglia\/wp-json\/wp\/v2\/tags?post=980"}],"curies":[{"name":"wp","href":"https:\/\/api.w.org\/{rel}","templated":true}]}}