{"id":381,"date":"2022-02-20T18:10:23","date_gmt":"2022-02-20T17:10:23","guid":{"rendered":"https:\/\/fiaf.net\/sardegna\/?p=381"},"modified":"2022-05-21T20:49:54","modified_gmt":"2022-05-21T18:49:54","slug":"381-2","status":"publish","type":"post","link":"https:\/\/fiaf.net\/sardegna\/381-2\/","title":{"rendered":"Fotografia di paesaggio Con Simone Sbaraglia"},"content":{"rendered":"<p><img loading=\"lazy\" decoding=\"async\" class=\"alignnone size-medium wp-image-408\" src=\"https:\/\/fiaf.net\/sardegna\/wp-content\/uploads\/sites\/21\/2022\/02\/Locandina-Sbaraglia-oro-JPG-def.-212x300.jpg\" alt=\"\" width=\"212\" height=\"300\" srcset=\"https:\/\/fiaf.net\/sardegna\/wp-content\/uploads\/sites\/21\/2022\/02\/Locandina-Sbaraglia-oro-JPG-def.-212x300.jpg 212w, https:\/\/fiaf.net\/sardegna\/wp-content\/uploads\/sites\/21\/2022\/02\/Locandina-Sbaraglia-oro-JPG-def.-724x1024.jpg 724w, https:\/\/fiaf.net\/sardegna\/wp-content\/uploads\/sites\/21\/2022\/02\/Locandina-Sbaraglia-oro-JPG-def.-768x1086.jpg 768w, https:\/\/fiaf.net\/sardegna\/wp-content\/uploads\/sites\/21\/2022\/02\/Locandina-Sbaraglia-oro-JPG-def.-1086x1536.jpg 1086w, https:\/\/fiaf.net\/sardegna\/wp-content\/uploads\/sites\/21\/2022\/02\/Locandina-Sbaraglia-oro-JPG-def.-1448x2048.jpg 1448w, https:\/\/fiaf.net\/sardegna\/wp-content\/uploads\/sites\/21\/2022\/02\/Locandina-Sbaraglia-oro-JPG-def.-scaled.jpg 1810w\" sizes=\"auto, (max-width: 212px) 100vw, 212px\" \/>Workshop di fotografia di paesaggio, dalla pianificazione alla post-produzione degli scatti. Il workshop coinvolger\u00e0 i partecipanti in tutti gli step di pianificazione, scatto, editing e post-produzione delle immagini, allo scopo di comunicare un flusso di lavoro coerente che potranno applicare nelle loro sessioni fotografiche. In questo workshop verr\u00e0 condiviso il proprio metodo di lavoro sia per quanto riguarda la realizzazione che la post-produzione degli scatti.<\/p>\n<p>Note:<\/p>\n<p>Il programma \u00e8 orientativo e passibile di modifiche, in accordo con gli organizzatori, a seconda delle condizioni meteo, di successive valutazioni sulle location migliori in cui effettuare gli scatti e di ogni altra considerazione che possa rendere consigliabile una variazione.<\/p>\n<p>La lezione di post-produzione non richiede il computer da parte dei partecipanti, verr\u00e0 svolta una lezione illustrando le tecniche di post-produzione delle immagini realizzate. La lezione sar\u00e0 registrata e rimarr\u00e0 a disposizione dei partecipanti, che potranno rivederla quando lavoreranno le proprie foto. Anche i files psd sviluppati potranno rimanere a disposizione dei partecipanti, che potranno seguire passo passo la post-produzione rivedendo la lezione.<\/p>\n\n    <div class=\"xs_social_share_widget xs_share_url after_content \t\tmain_content  wslu-style-1 wslu-share-box-shaped wslu-fill-colored wslu-none wslu-share-horizontal wslu-theme-font-no wslu-main_content\">\n\n\t\t\n        <ul>\n\t\t\t        <\/ul>\n    <\/div> \n","protected":false},"excerpt":{"rendered":"<p>Workshop di fotografia di paesaggio, dalla pianificazione alla post-produzione degli scatti. Il workshop coinvolger\u00e0 i partecipanti in tutti gli step &hellip;<\/p>\n","protected":false},"author":67,"featured_media":408,"comment_status":"open","ping_status":"open","sticky":false,"template":"","format":"standard","meta":{"_acf_changed":false,"footnotes":""},"categories":[5],"tags":[],"class_list":["post-381","post","type-post","status-publish","format-standard","has-post-thumbnail","hentry","category-manifestazioni"],"acf":[],"_links":{"self":[{"href":"https:\/\/fiaf.net\/sardegna\/wp-json\/wp\/v2\/posts\/381","targetHints":{"allow":["GET"]}}],"collection":[{"href":"https:\/\/fiaf.net\/sardegna\/wp-json\/wp\/v2\/posts"}],"about":[{"href":"https:\/\/fiaf.net\/sardegna\/wp-json\/wp\/v2\/types\/post"}],"author":[{"embeddable":true,"href":"https:\/\/fiaf.net\/sardegna\/wp-json\/wp\/v2\/users\/67"}],"replies":[{"embeddable":true,"href":"https:\/\/fiaf.net\/sardegna\/wp-json\/wp\/v2\/comments?post=381"}],"version-history":[{"count":7,"href":"https:\/\/fiaf.net\/sardegna\/wp-json\/wp\/v2\/posts\/381\/revisions"}],"predecessor-version":[{"id":409,"href":"https:\/\/fiaf.net\/sardegna\/wp-json\/wp\/v2\/posts\/381\/revisions\/409"}],"wp:featuredmedia":[{"embeddable":true,"href":"https:\/\/fiaf.net\/sardegna\/wp-json\/wp\/v2\/media\/408"}],"wp:attachment":[{"href":"https:\/\/fiaf.net\/sardegna\/wp-json\/wp\/v2\/media?parent=381"}],"wp:term":[{"taxonomy":"category","embeddable":true,"href":"https:\/\/fiaf.net\/sardegna\/wp-json\/wp\/v2\/categories?post=381"},{"taxonomy":"post_tag","embeddable":true,"href":"https:\/\/fiaf.net\/sardegna\/wp-json\/wp\/v2\/tags?post=381"}],"curies":[{"name":"wp","href":"https:\/\/api.w.org\/{rel}","templated":true}]}}