{"id":391,"date":"2022-03-06T20:32:33","date_gmt":"2022-03-06T19:32:33","guid":{"rendered":"https:\/\/fiaf.net\/sardegna\/?p=391"},"modified":"2022-03-06T20:37:27","modified_gmt":"2022-03-06T19:37:27","slug":"mostra-fotografica-non-e-lamerica","status":"publish","type":"post","link":"https:\/\/fiaf.net\/sardegna\/mostra-fotografica-non-e-lamerica\/","title":{"rendered":"Mostra fotografica &#8220;Non \u00e8 l&#8217;America&#8221;"},"content":{"rendered":"<p><img loading=\"lazy\" decoding=\"async\" class=\"alignnone size-medium wp-image-395\" src=\"https:\/\/fiaf.net\/sardegna\/wp-content\/uploads\/sites\/21\/2022\/03\/Locandina-214x300.jpg\" alt=\"\" width=\"214\" height=\"300\" srcset=\"https:\/\/fiaf.net\/sardegna\/wp-content\/uploads\/sites\/21\/2022\/03\/Locandina-214x300.jpg 214w, https:\/\/fiaf.net\/sardegna\/wp-content\/uploads\/sites\/21\/2022\/03\/Locandina-732x1024.jpg 732w, https:\/\/fiaf.net\/sardegna\/wp-content\/uploads\/sites\/21\/2022\/03\/Locandina-768x1075.jpg 768w, https:\/\/fiaf.net\/sardegna\/wp-content\/uploads\/sites\/21\/2022\/03\/Locandina-1097x1536.jpg 1097w, https:\/\/fiaf.net\/sardegna\/wp-content\/uploads\/sites\/21\/2022\/03\/Locandina.jpg 1418w\" sizes=\"auto, (max-width: 214px) 100vw, 214px\" \/><\/p>\n<p>Il circolo Contrasti Fotografici \u00e8 onorato di organizzare la mostra &#8220;Non \u00e8 l&#8217;America&#8221; di Stefano Pia\u00a0presso <a class=\"oajrlxb2 g5ia77u1 qu0x051f esr5mh6w e9989ue4 r7d6kgcz rq0escxv nhd2j8a9 nc684nl6 p7hjln8o kvgmc6g5 cxmmr5t8 oygrvhab hcukyx3x jb3vyjys rz4wbd8a qt6c0cv9 a8nywdso i1ao9s8h esuyzwwr f1sip0of lzcic4wl gpro0wi8 q66pz984 b1v8xokw\" role=\"link\" href=\"https:\/\/www.facebook.com\/ilghettocagliari\/?__cft__[0]=AZVFdSiLnny1l5XFAYwIgCerw2M1WZBC7PvSeY8fTK2bOQ9VIXuUMyJf9r_oZ7W5V2rOfGsiCtoja03v9HVXP4WBITglwUEZ7lS3k301VoQgRBHzFF6yqnmOfSRF7X9VGI6gq-ncd0lm_YrSG7ywn-Hv-DKbCYyBbl23mnd2Nkkc_A&amp;__tn__=kK-R\" target=\"_blank\" rel=\"noopener\"><span class=\"nc684nl6\">Il Ghetto<\/span><\/a> di Cagliari grazie al consorzio <a class=\"oajrlxb2 g5ia77u1 qu0x051f esr5mh6w e9989ue4 r7d6kgcz rq0escxv nhd2j8a9 nc684nl6 p7hjln8o kvgmc6g5 cxmmr5t8 oygrvhab hcukyx3x jb3vyjys rz4wbd8a qt6c0cv9 a8nywdso i1ao9s8h esuyzwwr f1sip0of lzcic4wl gpro0wi8 q66pz984 b1v8xokw\" role=\"link\" href=\"https:\/\/www.facebook.com\/consorziocamu\/?__cft__[0]=AZVFdSiLnny1l5XFAYwIgCerw2M1WZBC7PvSeY8fTK2bOQ9VIXuUMyJf9r_oZ7W5V2rOfGsiCtoja03v9HVXP4WBITglwUEZ7lS3k301VoQgRBHzFF6yqnmOfSRF7X9VGI6gq-ncd0lm_YrSG7ywn-Hv-DKbCYyBbl23mnd2Nkkc_A&amp;__tn__=kK-R\" target=\"_blank\" rel=\"noopener\"><span class=\"nc684nl6\">Cam\u00f9 &#8211; Centri d&#8217;Arte e Musei e il Comune di Cagliari.\u00a0<\/span><\/a><\/p>\n<p>La mostra \u00e8 visitabile fino al 20 Marzo 2022.<\/p>\n<div dir=\"auto\">Speriamo che questo sia solo il primo passo per altre iniziative di alto livello, affinch\u00e8 il linguaggio fotografico diventi sempre pi\u00f9 presente e apprezzato. Buon viaggio nel mondo di &#8220;Non \u00e8 l&#8217;America&#8221;, un mondo fantastico, raccontato da un grande talento sardo.<\/div>\n<p>&nbsp;<\/p>\n<p>&#8220;Sono pietre solitarie, su prati di stagione<br \/>\nSono luna piena tra nuvole notturne<br \/>\nSono volti colorati di storie da raccontare<br \/>\nSono l\u2019armonica suonata dal vento<br \/>\nSono il mandolino suonato dai rami<br \/>\nSono tutto e non sono niente, qui l\u2019America \u00e8 lontana.&#8221;<\/p>\n<p>Stefano Pia<\/p>\n<p>&nbsp;<\/p>\n<p>Dopo aver girato gran parte dell\u2019Italia portando a casa diversi premi importanti Non \u00e8 l\u2019America, il<br \/>\n2\u00b0 lavoro fotografico a Kilometro Zero di Stefano Pia, sbarca a Cagliari in una mostra personale<br \/>\nallestita nei locali del \u201cGhetto degli Ebrei\u201d a Cagliari.<br \/>\nL\u2019esposizione, composta da 20 immagini, \u00e8 una sintesi del lavoro che Pia qualche mese fa ha<br \/>\npubblicato come libro e che \u00e8 gi\u00e0 alla sua 2\u00b0 ristampa.<br \/>\nUna Sardegna autentica, fuori dai soliti stereotipi, che sa di Far west, di campi desolati, di cavalli e<br \/>\ndi spine ma anche di vita autentica, dignitosa e semplice. Un classico oramai del fotografo Stefano<br \/>\nPia, che della ricerca della bellezza del quotidiano ha fatto il suo Nord.<br \/>\nInaugurazione Venerd\u00ec 25 Febbraio alle ore 17:00<br \/>\nMotivazione 1\u00b0 Premio al 2\u00b0 Corigliano Fotografia Book Award<br \/>\nLa scelta finale del concorso \u00e8 dovuta oltre alla composizione delle foto e dal soggetto in essere<br \/>\nanche al fatto che fra i lavori giudicati \u00e8 quello che pi\u00f9 si avvicina al concetto di foto-libro, in cui<br \/>\nogni foto non \u00e8 mai ripetitiva a se stessa, con una sintesi di racconto non facile, considerato il<br \/>\nsoggetto che esso tratta.<br \/>\nPer quanto il titolo si rifaccia al pionierismo americano della corsa verso l\u2019ovest, esso in effetti<br \/>\nracconta quella desolazione di un territorio, quello della Sardegna, che resta ancora oggi terra<br \/>\ndura e difficile (in questo si terra di confine) ed in certi contesti da apparire come tutto si sia<br \/>\nfermato, in cui l\u2019unico segno dell\u2019avvenuto progresso lo si riscontra solo nella presenza delle auto<br \/>\nparcheggiate nell\u2019 area circostante di quella che dovrebbe apparire una fattoria.<br \/>\nInoltre nella sua semplicit\u00e0, considerando il luogo e il contesto, traspare una nota poetica pervasa<br \/>\nda una malinconia che tutto avvolge, dando al racconto la sua giusta dimensione da terra di<br \/>\nfrontiera. \u201c<br \/>\nFrancesco Cito<\/p>\n\n    <div class=\"xs_social_share_widget xs_share_url after_content \t\tmain_content  wslu-style-1 wslu-share-box-shaped wslu-fill-colored wslu-none wslu-share-horizontal wslu-theme-font-no wslu-main_content\">\n\n\t\t\n        <ul>\n\t\t\t        <\/ul>\n    <\/div> \n","protected":false},"excerpt":{"rendered":"<p>Il circolo Contrasti Fotografici \u00e8 onorato di organizzare la mostra &#8220;Non \u00e8 l&#8217;America&#8221; di Stefano Pia\u00a0presso Il Ghetto di Cagliari &hellip;<\/p>\n","protected":false},"author":67,"featured_media":395,"comment_status":"open","ping_status":"open","sticky":false,"template":"","format":"standard","meta":{"_acf_changed":false,"footnotes":""},"categories":[2,5],"tags":[],"class_list":["post-391","post","type-post","status-publish","format-standard","has-post-thumbnail","hentry","category-attivita-circoli","category-manifestazioni"],"acf":[],"_links":{"self":[{"href":"https:\/\/fiaf.net\/sardegna\/wp-json\/wp\/v2\/posts\/391","targetHints":{"allow":["GET"]}}],"collection":[{"href":"https:\/\/fiaf.net\/sardegna\/wp-json\/wp\/v2\/posts"}],"about":[{"href":"https:\/\/fiaf.net\/sardegna\/wp-json\/wp\/v2\/types\/post"}],"author":[{"embeddable":true,"href":"https:\/\/fiaf.net\/sardegna\/wp-json\/wp\/v2\/users\/67"}],"replies":[{"embeddable":true,"href":"https:\/\/fiaf.net\/sardegna\/wp-json\/wp\/v2\/comments?post=391"}],"version-history":[{"count":3,"href":"https:\/\/fiaf.net\/sardegna\/wp-json\/wp\/v2\/posts\/391\/revisions"}],"predecessor-version":[{"id":396,"href":"https:\/\/fiaf.net\/sardegna\/wp-json\/wp\/v2\/posts\/391\/revisions\/396"}],"wp:featuredmedia":[{"embeddable":true,"href":"https:\/\/fiaf.net\/sardegna\/wp-json\/wp\/v2\/media\/395"}],"wp:attachment":[{"href":"https:\/\/fiaf.net\/sardegna\/wp-json\/wp\/v2\/media?parent=391"}],"wp:term":[{"taxonomy":"category","embeddable":true,"href":"https:\/\/fiaf.net\/sardegna\/wp-json\/wp\/v2\/categories?post=391"},{"taxonomy":"post_tag","embeddable":true,"href":"https:\/\/fiaf.net\/sardegna\/wp-json\/wp\/v2\/tags?post=391"}],"curies":[{"name":"wp","href":"https:\/\/api.w.org\/{rel}","templated":true}]}}