{"id":410,"date":"2022-05-21T20:52:12","date_gmt":"2022-05-21T18:52:12","guid":{"rendered":"https:\/\/fiaf.net\/sardegna\/?p=410"},"modified":"2022-05-21T20:52:12","modified_gmt":"2022-05-21T18:52:12","slug":"410-2","status":"publish","type":"post","link":"https:\/\/fiaf.net\/sardegna\/410-2\/","title":{"rendered":"Ucraina, oggi. Incontro con Andrea Filigheddu"},"content":{"rendered":"<p><img loading=\"lazy\" decoding=\"async\" class=\"alignnone size-medium wp-image-411\" src=\"https:\/\/fiaf.net\/sardegna\/wp-content\/uploads\/sites\/21\/2022\/05\/LOCANDINA-Andrea-Filigheddu-212x300.jpg\" alt=\"\" width=\"212\" height=\"300\" srcset=\"https:\/\/fiaf.net\/sardegna\/wp-content\/uploads\/sites\/21\/2022\/05\/LOCANDINA-Andrea-Filigheddu-212x300.jpg 212w, https:\/\/fiaf.net\/sardegna\/wp-content\/uploads\/sites\/21\/2022\/05\/LOCANDINA-Andrea-Filigheddu-724x1024.jpg 724w, https:\/\/fiaf.net\/sardegna\/wp-content\/uploads\/sites\/21\/2022\/05\/LOCANDINA-Andrea-Filigheddu-768x1086.jpg 768w, https:\/\/fiaf.net\/sardegna\/wp-content\/uploads\/sites\/21\/2022\/05\/LOCANDINA-Andrea-Filigheddu-1086x1536.jpg 1086w, https:\/\/fiaf.net\/sardegna\/wp-content\/uploads\/sites\/21\/2022\/05\/LOCANDINA-Andrea-Filigheddu.jpg 1200w\" sizes=\"auto, (max-width: 212px) 100vw, 212px\" \/><\/p>\n<p><strong>Mercoled\u00ec 1\u00b0 giugno 2022 alle ore 20.00<\/strong>\u00a0Dyaphrama propone un incontro e un racconto di strettissima attualit\u00e0, sar\u00e0 ospite della associazione il fotoreporter Andrea Filigheddu il quale si \u00e8 trovava in Ucraina nei primissimi giorni seguenti l\u2019inizio dell\u2019invasione da parte dell\u2019esercito russo.<\/p>\n<p>L\u2019incontro \u00e8 ad ingresso libero ed \u00e8 aperto a tutti sino ad esaurimento dei posti disponibili.<\/p>\n<p><strong>Il giovane fotoreporter originario di Arzachena<\/strong>\u00a0ci racconter\u00e0 la sua incredibile esperienza nel teatro di guerra pi\u00f9 caldo di questo periodo.<\/p>\n<p><strong>Dalla sua biografia<\/strong>:\u00a0<em>Nato e con sede in Sardegna. Ho studiato allo IED di Milano e mi sono laureato nel 2020 nel corso di fotografia. Nell\u2019ottobre e novembre 2020 ho coperto e documentato il conflitto in Nagorno Karabakh.<\/em><\/p>\n<p><em>Dall\u2019inizio del 2022 ho seguito il conflitto in Ucraina. Le mie foto hanno coperto: Italia, Ucraina, Bielorussia, Russia, Georgia, Armenia, Nagorno Karabakh, Transnistria, Iran, India, Sri Lanka, Oman, Giappone e oltre.<\/em><\/p>\n<p><em>Sono collaboratore di NurPhoto Agency (ITA) e ZUMAPress (USA).<\/em><\/p>\n\n    <div class=\"xs_social_share_widget xs_share_url after_content \t\tmain_content  wslu-style-1 wslu-share-box-shaped wslu-fill-colored wslu-none wslu-share-horizontal wslu-theme-font-no wslu-main_content\">\n\n\t\t\n        <ul>\n\t\t\t        <\/ul>\n    <\/div> \n","protected":false},"excerpt":{"rendered":"<p>Mercoled\u00ec 1\u00b0 giugno 2022 alle ore 20.00\u00a0Dyaphrama propone un incontro e un racconto di strettissima attualit\u00e0, sar\u00e0 ospite della associazione &hellip;<\/p>\n","protected":false},"author":67,"featured_media":411,"comment_status":"open","ping_status":"open","sticky":false,"template":"","format":"standard","meta":{"_acf_changed":false,"footnotes":""},"categories":[1],"tags":[],"class_list":["post-410","post","type-post","status-publish","format-standard","has-post-thumbnail","hentry","category-senza-categoria"],"acf":[],"_links":{"self":[{"href":"https:\/\/fiaf.net\/sardegna\/wp-json\/wp\/v2\/posts\/410","targetHints":{"allow":["GET"]}}],"collection":[{"href":"https:\/\/fiaf.net\/sardegna\/wp-json\/wp\/v2\/posts"}],"about":[{"href":"https:\/\/fiaf.net\/sardegna\/wp-json\/wp\/v2\/types\/post"}],"author":[{"embeddable":true,"href":"https:\/\/fiaf.net\/sardegna\/wp-json\/wp\/v2\/users\/67"}],"replies":[{"embeddable":true,"href":"https:\/\/fiaf.net\/sardegna\/wp-json\/wp\/v2\/comments?post=410"}],"version-history":[{"count":2,"href":"https:\/\/fiaf.net\/sardegna\/wp-json\/wp\/v2\/posts\/410\/revisions"}],"predecessor-version":[{"id":413,"href":"https:\/\/fiaf.net\/sardegna\/wp-json\/wp\/v2\/posts\/410\/revisions\/413"}],"wp:featuredmedia":[{"embeddable":true,"href":"https:\/\/fiaf.net\/sardegna\/wp-json\/wp\/v2\/media\/411"}],"wp:attachment":[{"href":"https:\/\/fiaf.net\/sardegna\/wp-json\/wp\/v2\/media?parent=410"}],"wp:term":[{"taxonomy":"category","embeddable":true,"href":"https:\/\/fiaf.net\/sardegna\/wp-json\/wp\/v2\/categories?post=410"},{"taxonomy":"post_tag","embeddable":true,"href":"https:\/\/fiaf.net\/sardegna\/wp-json\/wp\/v2\/tags?post=410"}],"curies":[{"name":"wp","href":"https:\/\/api.w.org\/{rel}","templated":true}]}}