{"id":514,"date":"2023-03-26T22:48:04","date_gmt":"2023-03-26T20:48:04","guid":{"rendered":"https:\/\/fiaf.net\/sardegna\/?p=514"},"modified":"2023-03-27T20:39:45","modified_gmt":"2023-03-27T18:39:45","slug":"fotografando-il-cioccolato","status":"publish","type":"post","link":"https:\/\/fiaf.net\/sardegna\/fotografando-il-cioccolato\/","title":{"rendered":"Fotografando il Cioccolato"},"content":{"rendered":"<h1 style=\"text-align: left\">Manifestazione Fotografica di Contrasti Fotografici Cagliari<\/h1>\n<p style=\"text-align: center\"><img loading=\"lazy\" decoding=\"async\" class=\"wp-image-515 alignleft\" src=\"https:\/\/fiaf.net\/sardegna\/wp-content\/uploads\/sites\/21\/2023\/03\/1679861888383-1-e1679862213140-150x150.jpg\" alt=\"\" width=\"416\" height=\"416\" srcset=\"https:\/\/fiaf.net\/sardegna\/wp-content\/uploads\/sites\/21\/2023\/03\/1679861888383-1-e1679862213140-150x150.jpg 150w, https:\/\/fiaf.net\/sardegna\/wp-content\/uploads\/sites\/21\/2023\/03\/1679861888383-1-e1679862213140-300x300.jpg 300w, https:\/\/fiaf.net\/sardegna\/wp-content\/uploads\/sites\/21\/2023\/03\/1679861888383-1-e1679862213140.jpg 600w\" sizes=\"auto, (max-width: 416px) 100vw, 416px\" \/><\/p>\n<h1 style=\"text-align: center\">Fotografando il cioccolato<\/h1>\n<p style=\"text-align: center\"><strong>dalla forma al dettaglio<\/strong><\/p>\n<p style=\"text-align: left\">il 23 Aprile 2023 dalle ore 9,30 alle ore 13,00 si terr\u00e0 presso i locali di Casa Ofelia &#8211; via Parrocchia n\u00b0 88 &#8211; Sestu (Citt\u00e0 Metropolitana di Cagliari) la manifestazione fotografica inerente il libro del Maitre Chocolatier Maurizio Frau con il fotografo Elio Rinaldi.<\/p>\n<p style=\"text-align: left\">L&#8217;evento si svilupper\u00e0 con una dimostrazione sulla lavorazione del cioccolato a cura del Maitre Chocolatier Maurizio Frau con il contemporaneo allestimento di un apposito set fotografico curato dal fotografo Elio Rinaldi che illustrer\u00e0 le diverse metodiche utilizzate e le dificolt\u00e0 incontrate durante il progetto della realizzazione del libro che verr\u00e0 presentato.\u00a0 \u00a0 \u00a0 \u00a0 \u00a0 \u00a0 \u00a0 \u00a0 \u00a0 \u00a0 \u00a0 \u00a0 \u00a0 \u00a0 \u00a0 \u00a0 \u00a0 \u00a0 \u00a0 \u00a0 \u00a0 \u00a0 \u00a0 \u00a0 \u00a0 \u00a0 \u00a0Sar\u00e0 consentito a un numero limitato di fotografi, previa prenotazione, di poter realizzare degli scatti fotografici durante le varie fasi dimostrative delle lavorazioni.<\/p>\n<p>La manifestazione ha ottenuto il riconoscimento FIAF<\/p>\n<p>&nbsp;<\/p>\n\n    <div class=\"xs_social_share_widget xs_share_url after_content \t\tmain_content  wslu-style-1 wslu-share-box-shaped wslu-fill-colored wslu-none wslu-share-horizontal wslu-theme-font-no wslu-main_content\">\n\n\t\t\n        <ul>\n\t\t\t        <\/ul>\n    <\/div> \n","protected":false},"excerpt":{"rendered":"<p>Manifestazione Fotografica di Contrasti Fotografici Cagliari Fotografando il cioccolato dalla forma al dettaglio il 23 Aprile 2023 dalle ore 9,30 &hellip;<\/p>\n","protected":false},"author":3,"featured_media":0,"comment_status":"open","ping_status":"open","sticky":false,"template":"","format":"standard","meta":{"_acf_changed":false,"footnotes":""},"categories":[2,5],"tags":[18],"class_list":["post-514","post","type-post","status-publish","format-standard","hentry","category-attivita-circoli","category-manifestazioni","tag-riconoscimento-fiaf"],"acf":[],"_links":{"self":[{"href":"https:\/\/fiaf.net\/sardegna\/wp-json\/wp\/v2\/posts\/514","targetHints":{"allow":["GET"]}}],"collection":[{"href":"https:\/\/fiaf.net\/sardegna\/wp-json\/wp\/v2\/posts"}],"about":[{"href":"https:\/\/fiaf.net\/sardegna\/wp-json\/wp\/v2\/types\/post"}],"author":[{"embeddable":true,"href":"https:\/\/fiaf.net\/sardegna\/wp-json\/wp\/v2\/users\/3"}],"replies":[{"embeddable":true,"href":"https:\/\/fiaf.net\/sardegna\/wp-json\/wp\/v2\/comments?post=514"}],"version-history":[{"count":10,"href":"https:\/\/fiaf.net\/sardegna\/wp-json\/wp\/v2\/posts\/514\/revisions"}],"predecessor-version":[{"id":538,"href":"https:\/\/fiaf.net\/sardegna\/wp-json\/wp\/v2\/posts\/514\/revisions\/538"}],"wp:attachment":[{"href":"https:\/\/fiaf.net\/sardegna\/wp-json\/wp\/v2\/media?parent=514"}],"wp:term":[{"taxonomy":"category","embeddable":true,"href":"https:\/\/fiaf.net\/sardegna\/wp-json\/wp\/v2\/categories?post=514"},{"taxonomy":"post_tag","embeddable":true,"href":"https:\/\/fiaf.net\/sardegna\/wp-json\/wp\/v2\/tags?post=514"}],"curies":[{"name":"wp","href":"https:\/\/api.w.org\/{rel}","templated":true}]}}