{"id":562,"date":"2023-08-20T11:09:15","date_gmt":"2023-08-20T09:09:15","guid":{"rendered":"https:\/\/fiaf.net\/sardegna\/?p=562"},"modified":"2023-08-20T18:39:20","modified_gmt":"2023-08-20T16:39:20","slug":"mostra-fotografica-di-fabio-piccioni","status":"publish","type":"post","link":"https:\/\/fiaf.net\/sardegna\/mostra-fotografica-di-fabio-piccioni\/","title":{"rendered":"LAND OF MINES Mostra fotografica di Fabio Piccioni"},"content":{"rendered":"<p>Il Museo del Carbone di Serbariu-Carbonia ospiter\u00e0 dal 1 al 30 settembre la mostra personale &#8220;Land of Mines&#8221; del fotografo sardo Fabio Piccioni. L&#8217;esposizione \u00e8 parte di un progetto a lungo termine sulle miniere della Sardegna che il fotografo ha iniziato nel 2007, arrivando a documentare tutte le miniere sarde anche nel sottosuolo, cuore pulsante di ogni miniera.<\/p>\n<p>L&#8217;inaugurazione \u00e8 prevista per venerd\u00ec 1 settembre alle 18:30 presso il Museo del Carbone in occasione della quale il fotografo accompagner\u00e0 i visitatori in una visita guidata.<\/p>\n<p style=\"text-align: left;\">L&#8217;evento \u00e8 patrocinato dal Centro Italiano della Cultura del Carbone, Comune di Carbonia, Parco Geominerario Storico Ambientale della Sardegna, Federazione Speleologica Sarda e AIPAI-Associazione Italiana per il Patrimonio Archeologico Industriale.<\/p>\n<p>&nbsp;<\/p>\n<p><a href=\"https:\/\/fiaf.net\/sardegna\/wp-content\/uploads\/sites\/21\/2023\/08\/CARBONIA-SETTEMBRE-2023-1-e1692522058763.jpeg\"><img loading=\"lazy\" decoding=\"async\" class=\"aligncenter wp-image-563 size-large\" src=\"https:\/\/fiaf.net\/sardegna\/wp-content\/uploads\/sites\/21\/2023\/08\/CARBONIA-SETTEMBRE-2023-1-662x1024.jpeg\" alt=\"\" width=\"662\" height=\"1024\" \/><\/a><\/p>\n\n    <div class=\"xs_social_share_widget xs_share_url after_content \t\tmain_content  wslu-style-1 wslu-share-box-shaped wslu-fill-colored wslu-none wslu-share-horizontal wslu-theme-font-no wslu-main_content\">\n\n\t\t\n        <ul>\n\t\t\t        <\/ul>\n    <\/div> \n","protected":false},"excerpt":{"rendered":"<p>Il Museo del Carbone di Serbariu-Carbonia ospiter\u00e0 dal 1 al 30 settembre la mostra personale &#8220;Land of Mines&#8221; del fotografo &hellip;<\/p>\n","protected":false},"author":3,"featured_media":569,"comment_status":"open","ping_status":"open","sticky":false,"template":"","format":"standard","meta":{"_acf_changed":false,"footnotes":""},"categories":[17],"tags":[],"class_list":["post-562","post","type-post","status-publish","format-standard","has-post-thumbnail","hentry","category-mostre"],"acf":[],"_links":{"self":[{"href":"https:\/\/fiaf.net\/sardegna\/wp-json\/wp\/v2\/posts\/562","targetHints":{"allow":["GET"]}}],"collection":[{"href":"https:\/\/fiaf.net\/sardegna\/wp-json\/wp\/v2\/posts"}],"about":[{"href":"https:\/\/fiaf.net\/sardegna\/wp-json\/wp\/v2\/types\/post"}],"author":[{"embeddable":true,"href":"https:\/\/fiaf.net\/sardegna\/wp-json\/wp\/v2\/users\/3"}],"replies":[{"embeddable":true,"href":"https:\/\/fiaf.net\/sardegna\/wp-json\/wp\/v2\/comments?post=562"}],"version-history":[{"count":6,"href":"https:\/\/fiaf.net\/sardegna\/wp-json\/wp\/v2\/posts\/562\/revisions"}],"predecessor-version":[{"id":571,"href":"https:\/\/fiaf.net\/sardegna\/wp-json\/wp\/v2\/posts\/562\/revisions\/571"}],"wp:featuredmedia":[{"embeddable":true,"href":"https:\/\/fiaf.net\/sardegna\/wp-json\/wp\/v2\/media\/569"}],"wp:attachment":[{"href":"https:\/\/fiaf.net\/sardegna\/wp-json\/wp\/v2\/media?parent=562"}],"wp:term":[{"taxonomy":"category","embeddable":true,"href":"https:\/\/fiaf.net\/sardegna\/wp-json\/wp\/v2\/categories?post=562"},{"taxonomy":"post_tag","embeddable":true,"href":"https:\/\/fiaf.net\/sardegna\/wp-json\/wp\/v2\/tags?post=562"}],"curies":[{"name":"wp","href":"https:\/\/api.w.org\/{rel}","templated":true}]}}