{"id":576,"date":"2023-09-12T21:38:32","date_gmt":"2023-09-12T19:38:32","guid":{"rendered":"https:\/\/fiaf.net\/sardegna\/?p=576"},"modified":"2023-09-12T21:38:53","modified_gmt":"2023-09-12T19:38:53","slug":"ab-ovo","status":"publish","type":"post","link":"https:\/\/fiaf.net\/sardegna\/ab-ovo\/","title":{"rendered":"AB OvO"},"content":{"rendered":"<p class=\"p1\">\n<p>Ho scelto voi perch\u00e9 credo che in fondo tutte le decisioni sono dettate dalle nostre emozioni. La ragione determina solo la destinazione: ovvero ci aiuta a conoscere le cose, i contesti, le situazioni attraverso un processo analitico di elaborazione oggettiva di dati freddi. Mentre sono in realt\u00e0 le emozioni a governare le nostre azioni verso le cose e verso le situazioni. Sono le emozioni l&#8217;anello di congiunzione tra ragione e azione e senza di esse non ci sentiremmo obbligati a fare nulla.<\/p>\n<p class=\"p1\"><span class=\"s1\">E &#8220;AB OvO&#8221; ha bisogno di un&#8217;azione, ed \u00e8 quella di uscire dalla casa per compiere un viaggio che non vuole essere solo un viaggio introspettivo ma un qualcosa di veramente reale tangibile ed \u00e8 quello che io voglio fare con la mia arte, tramite voi. Riportare le persone nella mia Barbagia utilizzando la vostra azienda per dargli un movimento, un movimento verso il centro<\/span><\/p>\n<p class=\"p1\"><span class=\"s1\">Il progetto AB OvO \u00e8 nato nel 2021 ed \u00e8 composto di 35 foto di 4 formati, si dovranno valutare gli spazi e in base a questo si far\u00e0 una selezione sugli scatti pi\u00f9 idonei da utilizzare. Si potrebbe anche valutare l&#8217;idea che nella stazione di fine corsa il restante delle opere quelle che non possono essere messe per questione di spazi nella locomotiva vengano appese li, per far finire il viaggio oltre che naturalistico quello pi\u00f9 introspettivo delle mie immagini.<\/span><\/p>\n<p>AB OVO Huginn e Munnin<br \/>\nMostra fotografica di ROSMUNDA<br \/>\nil 24 settembre, il primo e l&#8217;8 ottobre 2023<br \/>\nTRENINO VERDE della SARDEGNA &#8211; tratta Mandas &#8211; Laconi A\/R partenza ore 9:00<br \/>\nospiter\u00e0 la mostra fotografica in occasione del viaggio<br \/>\ndi David Herbert Lawrence<\/p>\n<p>Organizzato dal Circolo Contrasti fotografici<br \/>\npatrocinio ARST<\/p>\n<p><a href=\"https:\/\/fiaf.net\/sardegna\/wp-content\/uploads\/sites\/21\/2023\/09\/20230924-1008-Sardegna-AB-OVO-Rosmunda.jpeg\"><img loading=\"lazy\" decoding=\"async\" class=\"aligncenter size-full wp-image-590\" src=\"https:\/\/fiaf.net\/sardegna\/wp-content\/uploads\/sites\/21\/2023\/09\/20230924-1008-Sardegna-AB-OVO-Rosmunda.jpeg\" alt=\"\" width=\"720\" height=\"1018\" srcset=\"https:\/\/fiaf.net\/sardegna\/wp-content\/uploads\/sites\/21\/2023\/09\/20230924-1008-Sardegna-AB-OVO-Rosmunda.jpeg 720w, https:\/\/fiaf.net\/sardegna\/wp-content\/uploads\/sites\/21\/2023\/09\/20230924-1008-Sardegna-AB-OVO-Rosmunda-212x300.jpeg 212w\" sizes=\"auto, (max-width: 720px) 100vw, 720px\" \/><\/a><\/p>\n<p><a href=\"https:\/\/fiaf.net\/sardegna\/wp-content\/uploads\/sites\/21\/2023\/09\/20230924-1008-Sardegna-AB-OVO-interno-pdf.jpg\"><img loading=\"lazy\" decoding=\"async\" class=\"aligncenter size-large wp-image-591\" src=\"https:\/\/fiaf.net\/sardegna\/wp-content\/uploads\/sites\/21\/2023\/09\/20230924-1008-Sardegna-AB-OVO-interno-pdf-712x1024.jpg\" alt=\"\" width=\"712\" height=\"1024\" srcset=\"https:\/\/fiaf.net\/sardegna\/wp-content\/uploads\/sites\/21\/2023\/09\/20230924-1008-Sardegna-AB-OVO-interno-pdf-712x1024.jpg 712w, https:\/\/fiaf.net\/sardegna\/wp-content\/uploads\/sites\/21\/2023\/09\/20230924-1008-Sardegna-AB-OVO-interno-pdf-209x300.jpg 209w, https:\/\/fiaf.net\/sardegna\/wp-content\/uploads\/sites\/21\/2023\/09\/20230924-1008-Sardegna-AB-OVO-interno-pdf-768x1104.jpg 768w, https:\/\/fiaf.net\/sardegna\/wp-content\/uploads\/sites\/21\/2023\/09\/20230924-1008-Sardegna-AB-OVO-interno-pdf.jpg 869w\" sizes=\"auto, (max-width: 712px) 100vw, 712px\" \/><\/a><\/p>\n<p><a href=\"https:\/\/fiaf.net\/sardegna\/wp-content\/uploads\/sites\/21\/2023\/09\/LOCANDINA.pdf\">AB OvO<\/a>\u00a0locandina in pdf<\/p>\n\n    <div class=\"xs_social_share_widget xs_share_url after_content \t\tmain_content  wslu-style-1 wslu-share-box-shaped wslu-fill-colored wslu-none wslu-share-horizontal wslu-theme-font-no wslu-main_content\">\n\n\t\t\n        <ul>\n\t\t\t        <\/ul>\n    <\/div> \n","protected":false},"excerpt":{"rendered":"<p>Ho scelto voi perch\u00e9 credo che in fondo tutte le decisioni sono dettate dalle nostre emozioni. La ragione determina solo &hellip;<\/p>\n","protected":false},"author":3,"featured_media":592,"comment_status":"closed","ping_status":"closed","sticky":false,"template":"","format":"standard","meta":{"_acf_changed":false,"footnotes":""},"categories":[17],"tags":[],"class_list":["post-576","post","type-post","status-publish","format-standard","has-post-thumbnail","hentry","category-mostre"],"acf":[],"_links":{"self":[{"href":"https:\/\/fiaf.net\/sardegna\/wp-json\/wp\/v2\/posts\/576","targetHints":{"allow":["GET"]}}],"collection":[{"href":"https:\/\/fiaf.net\/sardegna\/wp-json\/wp\/v2\/posts"}],"about":[{"href":"https:\/\/fiaf.net\/sardegna\/wp-json\/wp\/v2\/types\/post"}],"author":[{"embeddable":true,"href":"https:\/\/fiaf.net\/sardegna\/wp-json\/wp\/v2\/users\/3"}],"replies":[{"embeddable":true,"href":"https:\/\/fiaf.net\/sardegna\/wp-json\/wp\/v2\/comments?post=576"}],"version-history":[{"count":5,"href":"https:\/\/fiaf.net\/sardegna\/wp-json\/wp\/v2\/posts\/576\/revisions"}],"predecessor-version":[{"id":594,"href":"https:\/\/fiaf.net\/sardegna\/wp-json\/wp\/v2\/posts\/576\/revisions\/594"}],"wp:featuredmedia":[{"embeddable":true,"href":"https:\/\/fiaf.net\/sardegna\/wp-json\/wp\/v2\/media\/592"}],"wp:attachment":[{"href":"https:\/\/fiaf.net\/sardegna\/wp-json\/wp\/v2\/media?parent=576"}],"wp:term":[{"taxonomy":"category","embeddable":true,"href":"https:\/\/fiaf.net\/sardegna\/wp-json\/wp\/v2\/categories?post=576"},{"taxonomy":"post_tag","embeddable":true,"href":"https:\/\/fiaf.net\/sardegna\/wp-json\/wp\/v2\/tags?post=576"}],"curies":[{"name":"wp","href":"https:\/\/api.w.org\/{rel}","templated":true}]}}