{"id":691,"date":"2024-09-19T12:40:36","date_gmt":"2024-09-19T10:40:36","guid":{"rendered":"https:\/\/fiaf.net\/sardegna\/?p=691"},"modified":"2024-09-19T12:40:36","modified_gmt":"2024-09-19T10:40:36","slug":"20annifineart","status":"publish","type":"post","link":"https:\/\/fiaf.net\/sardegna\/20annifineart\/","title":{"rendered":"Collettiva fotografica &#8220;I 20 anni del Fine Art&#8221;."},"content":{"rendered":"<p>In occasione del ventennale dell\u2019Accademia di fotografia Fine Art Studio di Cagliari, sabato 21 settembre, a partire dalle 18, si inaugura la <strong>collettiva fotografica &#8220;I 20 anni del Fine Art&#8221;<\/strong>.<\/p>\n<blockquote><p>\nCentro culturale \u201cIl Lazzaretto\u201d<br \/>\nvia dei Navigatori 1 \u2013 Cagliari<\/p>\n<p>Vernissage: sabato 21 settembre, dalle 18h00-22h00<br \/>\nDate e orari: 21-29 settembre (9h00-13h00, 15h00-19h00), escluso il luned\u00ec<br \/>\nFinissage: 29 settembre fino alle 19h00<\/p>\n<\/blockquote>\n<p>La mostra ospiter\u00e0 una pluralit\u00e0 di opere realizzate dagli allievi dell\u2019ultima edizione dei corsi, accompagnate da alcuni lavori di un gruppo selezionato di fotografi formatisi negli anni presso l\u2019Accademia, esposti come foto singole, serie o progetti.<br \/>\nGli scatti in esposizione hanno una forte impronta autoriale e riflettono il percorso di ricerca artistica svolto dai fotografi, che nei loro scatti spaziano da approcci evocativi ad altri pi\u00f9 propriamente documentari, indagando la condizione umana attraverso una lettura della realt\u00e0 che l\u2019osservatore riconoscer\u00e0 di volta in volta in uno sguardo pi\u00f9 intimista o, al contrario, rivolto al mondo.<br \/>\nLa rassegna fotografica \u00e8 contrassegnata dalla libert\u00e0 di linguaggio e stile fotografico espressi attraverso un\u2019ampia variet\u00e0 di scelte stilistiche assunte da ogni autore, in cui trova conferma il celebre assunto del curatore del MOMA John Szarkowsky, secondo cui ogni scatto pu\u00f2 essere ricondotto a due macro-categorie: lo specchio, inteso come espressione della personalit\u00e0 e sensibilit\u00e0 dell\u2019autore, o la finestra quale strumento di osservazione del mondo esterno.<\/p>\n<p>Clicca sull&#8217;anteprima per la locandina completa:<\/p>\n<p><a href=\"https:\/\/fiaf.net\/sardegna\/wp-content\/uploads\/sites\/21\/2024\/09\/Locandina-Mostra.jpg\" target=\"_blank\" rel=\"noopener\"><img loading=\"lazy\" decoding=\"async\" src=\"https:\/\/fiaf.net\/sardegna\/wp-content\/uploads\/sites\/21\/2024\/09\/Locandina-Mostra-212x300.jpg\" alt=\"\" width=\"212\" height=\"300\" class=\"alignnone size-medium wp-image-697\" srcset=\"https:\/\/fiaf.net\/sardegna\/wp-content\/uploads\/sites\/21\/2024\/09\/Locandina-Mostra-212x300.jpg 212w, https:\/\/fiaf.net\/sardegna\/wp-content\/uploads\/sites\/21\/2024\/09\/Locandina-Mostra-725x1024.jpg 725w, https:\/\/fiaf.net\/sardegna\/wp-content\/uploads\/sites\/21\/2024\/09\/Locandina-Mostra-768x1085.jpg 768w, https:\/\/fiaf.net\/sardegna\/wp-content\/uploads\/sites\/21\/2024\/09\/Locandina-Mostra-1087x1536.jpg 1087w, https:\/\/fiaf.net\/sardegna\/wp-content\/uploads\/sites\/21\/2024\/09\/Locandina-Mostra.jpg 1241w\" sizes=\"auto, (max-width: 212px) 100vw, 212px\" \/><\/a><\/p>\n\n    <div class=\"xs_social_share_widget xs_share_url after_content \t\tmain_content  wslu-style-1 wslu-share-box-shaped wslu-fill-colored wslu-none wslu-share-horizontal wslu-theme-font-no wslu-main_content\">\n\n\t\t\n        <ul>\n\t\t\t        <\/ul>\n    <\/div> \n","protected":false},"excerpt":{"rendered":"<p>In occasione del ventennale dell\u2019Accademia di fotografia Fine Art Studio di Cagliari, sabato 21 settembre, a partire dalle 18, si &hellip;<\/p>\n","protected":false},"author":20,"featured_media":696,"comment_status":"open","ping_status":"open","sticky":false,"template":"","format":"standard","meta":{"_acf_changed":false,"footnotes":""},"categories":[3,17],"tags":[],"class_list":["post-691","post","type-post","status-publish","format-standard","has-post-thumbnail","hentry","category-gallerie","category-mostre"],"acf":[],"_links":{"self":[{"href":"https:\/\/fiaf.net\/sardegna\/wp-json\/wp\/v2\/posts\/691","targetHints":{"allow":["GET"]}}],"collection":[{"href":"https:\/\/fiaf.net\/sardegna\/wp-json\/wp\/v2\/posts"}],"about":[{"href":"https:\/\/fiaf.net\/sardegna\/wp-json\/wp\/v2\/types\/post"}],"author":[{"embeddable":true,"href":"https:\/\/fiaf.net\/sardegna\/wp-json\/wp\/v2\/users\/20"}],"replies":[{"embeddable":true,"href":"https:\/\/fiaf.net\/sardegna\/wp-json\/wp\/v2\/comments?post=691"}],"version-history":[{"count":6,"href":"https:\/\/fiaf.net\/sardegna\/wp-json\/wp\/v2\/posts\/691\/revisions"}],"predecessor-version":[{"id":699,"href":"https:\/\/fiaf.net\/sardegna\/wp-json\/wp\/v2\/posts\/691\/revisions\/699"}],"wp:featuredmedia":[{"embeddable":true,"href":"https:\/\/fiaf.net\/sardegna\/wp-json\/wp\/v2\/media\/696"}],"wp:attachment":[{"href":"https:\/\/fiaf.net\/sardegna\/wp-json\/wp\/v2\/media?parent=691"}],"wp:term":[{"taxonomy":"category","embeddable":true,"href":"https:\/\/fiaf.net\/sardegna\/wp-json\/wp\/v2\/categories?post=691"},{"taxonomy":"post_tag","embeddable":true,"href":"https:\/\/fiaf.net\/sardegna\/wp-json\/wp\/v2\/tags?post=691"}],"curies":[{"name":"wp","href":"https:\/\/api.w.org\/{rel}","templated":true}]}}