{"id":700,"date":"2024-09-20T22:33:11","date_gmt":"2024-09-20T20:33:11","guid":{"rendered":"https:\/\/fiaf.net\/sardegna\/?p=700"},"modified":"2024-09-20T22:33:11","modified_gmt":"2024-09-20T20:33:11","slug":"bifotofest","status":"publish","type":"post","link":"https:\/\/fiaf.net\/sardegna\/bifotofest\/","title":{"rendered":"XIV edizione del B\u00ecFotoFest"},"content":{"rendered":"<blockquote><p>Si terr\u00e0 sabato 19 ottobre 2024, ore 16:30, in Piazza Giovanni XXIII a Mogoro la XIV edizione del B\u00ecFotoFest &#8211; Festival Internazionale della Fotografia in Sardegna.<\/p><\/blockquote>\n<p>Il tema scelto per l&#8217;edizione di quest&#8217;anno &#8220;Society&#8221;, \u00e8 ispirato al brano omonimo del musicista e cantautore statunitense Eddie Vedder.<\/p>\n<p>Durante il Festival \u00e8 prevista l&#8217;esposizione di dieci mostre fotografiche per le vie del paese. Fra queste saranno premiati i tre migliori progetti. Sono in programma, inoltre, altri eventi collaterali come la lettura di portfolio.<\/p>\n<p>Sul sito e sui canali social del Festival saranno svelati gli ospiti di questa edizione, i fotografi e tutti i dettagli delle attivit\u00e0.<\/p>\n<p>Appuntamento sabato 19 ottobre a Mogoro.<\/p>\n<p><a href=\"http:\/\/www.bifotofest.it\" target=\"_blank\" rel=\"noopener\">www.bifotofest.it<\/a><br \/>\nQui la locandina:<br \/>\n<a href=\"https:\/\/fiaf.net\/sardegna\/wp-content\/uploads\/sites\/21\/2024\/09\/Senza-titolo.jpeg\" target=\"_blank\" rel=\"noopener\"><img loading=\"lazy\" decoding=\"async\" src=\"https:\/\/fiaf.net\/sardegna\/wp-content\/uploads\/sites\/21\/2024\/09\/Senza-titolo-240x300.jpeg\" alt=\"\" width=\"240\" height=\"300\" class=\"alignnone size-medium wp-image-706\" srcset=\"https:\/\/fiaf.net\/sardegna\/wp-content\/uploads\/sites\/21\/2024\/09\/Senza-titolo-240x300.jpeg 240w, https:\/\/fiaf.net\/sardegna\/wp-content\/uploads\/sites\/21\/2024\/09\/Senza-titolo.jpeg 720w\" sizes=\"auto, (max-width: 240px) 100vw, 240px\" \/><\/a><\/p>\n<p>La lettura portfolio.<br \/>\n<a href=\"https:\/\/fiaf.net\/sardegna\/wp-content\/uploads\/sites\/21\/2024\/09\/portfolio.jpeg\" target=\"_blank\" rel=\"noopener\"><img loading=\"lazy\" decoding=\"async\" src=\"https:\/\/fiaf.net\/sardegna\/wp-content\/uploads\/sites\/21\/2024\/09\/portfolio-163x300.jpeg\" alt=\"\" width=\"163\" height=\"300\" class=\"alignnone size-medium wp-image-708\" srcset=\"https:\/\/fiaf.net\/sardegna\/wp-content\/uploads\/sites\/21\/2024\/09\/portfolio-163x300.jpeg 163w, https:\/\/fiaf.net\/sardegna\/wp-content\/uploads\/sites\/21\/2024\/09\/portfolio-558x1024.jpeg 558w, https:\/\/fiaf.net\/sardegna\/wp-content\/uploads\/sites\/21\/2024\/09\/portfolio-768x1410.jpeg 768w, https:\/\/fiaf.net\/sardegna\/wp-content\/uploads\/sites\/21\/2024\/09\/portfolio-836x1536.jpeg 836w, https:\/\/fiaf.net\/sardegna\/wp-content\/uploads\/sites\/21\/2024\/09\/portfolio.jpeg 1089w\" sizes=\"auto, (max-width: 163px) 100vw, 163px\" \/><\/a><\/p>\n\n    <div class=\"xs_social_share_widget xs_share_url after_content \t\tmain_content  wslu-style-1 wslu-share-box-shaped wslu-fill-colored wslu-none wslu-share-horizontal wslu-theme-font-no wslu-main_content\">\n\n\t\t\n        <ul>\n\t\t\t        <\/ul>\n    <\/div> \n","protected":false},"excerpt":{"rendered":"<p>Si terr\u00e0 sabato 19 ottobre 2024, ore 16:30, in Piazza Giovanni XXIII a Mogoro la XIV edizione del B\u00ecFotoFest &#8211; &hellip;<\/p>\n","protected":false},"author":20,"featured_media":705,"comment_status":"open","ping_status":"open","sticky":false,"template":"","format":"standard","meta":{"_acf_changed":false,"footnotes":""},"categories":[5],"tags":[],"class_list":["post-700","post","type-post","status-publish","format-standard","has-post-thumbnail","hentry","category-manifestazioni"],"acf":[],"_links":{"self":[{"href":"https:\/\/fiaf.net\/sardegna\/wp-json\/wp\/v2\/posts\/700","targetHints":{"allow":["GET"]}}],"collection":[{"href":"https:\/\/fiaf.net\/sardegna\/wp-json\/wp\/v2\/posts"}],"about":[{"href":"https:\/\/fiaf.net\/sardegna\/wp-json\/wp\/v2\/types\/post"}],"author":[{"embeddable":true,"href":"https:\/\/fiaf.net\/sardegna\/wp-json\/wp\/v2\/users\/20"}],"replies":[{"embeddable":true,"href":"https:\/\/fiaf.net\/sardegna\/wp-json\/wp\/v2\/comments?post=700"}],"version-history":[{"count":7,"href":"https:\/\/fiaf.net\/sardegna\/wp-json\/wp\/v2\/posts\/700\/revisions"}],"predecessor-version":[{"id":710,"href":"https:\/\/fiaf.net\/sardegna\/wp-json\/wp\/v2\/posts\/700\/revisions\/710"}],"wp:featuredmedia":[{"embeddable":true,"href":"https:\/\/fiaf.net\/sardegna\/wp-json\/wp\/v2\/media\/705"}],"wp:attachment":[{"href":"https:\/\/fiaf.net\/sardegna\/wp-json\/wp\/v2\/media?parent=700"}],"wp:term":[{"taxonomy":"category","embeddable":true,"href":"https:\/\/fiaf.net\/sardegna\/wp-json\/wp\/v2\/categories?post=700"},{"taxonomy":"post_tag","embeddable":true,"href":"https:\/\/fiaf.net\/sardegna\/wp-json\/wp\/v2\/tags?post=700"}],"curies":[{"name":"wp","href":"https:\/\/api.w.org\/{rel}","templated":true}]}}