{"id":851,"date":"2025-12-13T06:57:26","date_gmt":"2025-12-13T05:57:26","guid":{"rendered":"https:\/\/fiaf.net\/sardegna\/?p=851"},"modified":"2025-12-15T18:05:05","modified_gmt":"2025-12-15T17:05:05","slug":"autore-fiaf-sardegna-2025","status":"publish","type":"post","link":"https:\/\/fiaf.net\/sardegna\/autore-fiaf-sardegna-2025\/","title":{"rendered":"Autore Regionale FIAF  Sardegna 2025"},"content":{"rendered":"<blockquote><p>Lo spirito dell&#8217;iniziativa \u00e8 quello di creare un&#8217;occasione di incontro &#8220;per immagini&#8221; tra tutti gli appassionati della regione.<br \/>\n<strong>Possono essere presentare sino ad un massimo di 20 foto singole e 2 portfolio a tema libero inviandole a <a href=\"mailto:sardegna@fiaf.net\">sardegna@fiaf.net<\/a>\u00a0 entro il 31 dicembre 2025<\/strong><\/p><\/blockquote>\n<p>Supporteranno gestionalmente l&#8217;iniziativa\u00a0Franco Di Claudio (Civitavecchia-RM) e gli amici della regione Puglia per quanto riguarda le operazioni di giuria che sar\u00e0 quindi cos\u00ec composta:<\/p>\n<ul>\n<li>Pasquale Raimondo (Coordinatore Regionale Puglia)<\/li>\n<li>Lorenzo Di Candia (Autore Regionale Puglia e Basilicata 2025 e EFIAP\/D3 , MFA e AFI)<\/li>\n<li>Pasquale Amoruso (Presidente del Circolo di Manfredonia, organizzatore di numerosi concorsi internazionali e, anche lui, AFI, EFIAP ed EFIAF)<\/li>\n<li>Daniele Biffino (Collaboratore Didattica FIAF)<\/li>\n<li>Paolo Scrimitore (CR Lazio e Sardegna, presente per regolamento)<\/li>\n<\/ul>\n<p><strong>Per un coinvolgimento maggiore degli autori della regione quest&#8217;anno, fermo restando che l&#8217;autore regionale sar\u00e0 selezionato tra i tesserati FIAF, \u00e8 ammessa la partecipazione, fuori concorso, anche ai non tesserati.<\/strong><br \/>\nL&#8217;autore non tesserato FIAF che desidera partecipare notificher\u00e0 a Franco Di Claudio la richiesta (francodiclaudio@gmail.com, oggetto mail AUTORE FIAF) e ricever\u00e0 da questo un codice fittizio di partecipazione (ad es. Z1234) che user\u00e0 nella nomenclatura dei file in luogo del numero di tessera FIAF. Le foto cos\u00ec condivise saranno comunque oggetto di selezione, discussione, pubblicazione andando ad arricchire la raccolta di immagini tra tutti gli autori della regione partecipanti.<\/p>\n<p>Clicca sull&#8217;anteprima per scaricare il regolamento completo:<br \/>\n<a href=\"https:\/\/fiaf.net\/sardegna\/wp-content\/uploads\/sites\/21\/2025\/12\/Regolamento_Autore_2025_FIAF_SardegnaV1.pdf\"><img loading=\"lazy\" decoding=\"async\" class=\"wp-image-857 size-medium alignleft\" src=\"https:\/\/fiaf.net\/sardegna\/wp-content\/uploads\/sites\/21\/2025\/12\/anteprimaRegolamento-213x300.jpg\" alt=\"\" width=\"213\" height=\"300\" srcset=\"https:\/\/fiaf.net\/sardegna\/wp-content\/uploads\/sites\/21\/2025\/12\/anteprimaRegolamento-213x300.jpg 213w, https:\/\/fiaf.net\/sardegna\/wp-content\/uploads\/sites\/21\/2025\/12\/anteprimaRegolamento-726x1024.jpg 726w, https:\/\/fiaf.net\/sardegna\/wp-content\/uploads\/sites\/21\/2025\/12\/anteprimaRegolamento-768x1083.jpg 768w, https:\/\/fiaf.net\/sardegna\/wp-content\/uploads\/sites\/21\/2025\/12\/anteprimaRegolamento.jpg 1021w\" sizes=\"auto, (max-width: 213px) 100vw, 213px\" \/><\/a><\/p>\n<p>&nbsp;<\/p>\n<p>Clicca qui di seguito per scaricare la scheda di iscrizione:<br \/>\n<a href=\"https:\/\/fiaf.net\/sardegna\/wp-content\/uploads\/sites\/21\/2025\/12\/Scheda-iscrizione-Autore-Regionale-dellanno_DEF.pdf\">Scheda iscrizione Autore Regionale dell&#8217;anno_DEF<\/a><\/p>\n<p>&nbsp;<\/p>\n\n    <div class=\"xs_social_share_widget xs_share_url after_content \t\tmain_content  wslu-style-1 wslu-share-box-shaped wslu-fill-colored wslu-none wslu-share-horizontal wslu-theme-font-no wslu-main_content\">\n\n\t\t\n        <ul>\n\t\t\t        <\/ul>\n    <\/div> \n","protected":false},"excerpt":{"rendered":"<p>Lo spirito dell&#8217;iniziativa \u00e8 quello di creare un&#8217;occasione di incontro &#8220;per immagini&#8221; tra tutti gli appassionati della regione. Possono essere &hellip;<\/p>\n","protected":false},"author":20,"featured_media":855,"comment_status":"closed","ping_status":"open","sticky":false,"template":"","format":"standard","meta":{"_acf_changed":false,"footnotes":""},"categories":[21,22],"tags":[],"class_list":["post-851","post","type-post","status-publish","format-standard","has-post-thumbnail","hentry","category-concorsi","category-autore-regionale"],"acf":[],"_links":{"self":[{"href":"https:\/\/fiaf.net\/sardegna\/wp-json\/wp\/v2\/posts\/851","targetHints":{"allow":["GET"]}}],"collection":[{"href":"https:\/\/fiaf.net\/sardegna\/wp-json\/wp\/v2\/posts"}],"about":[{"href":"https:\/\/fiaf.net\/sardegna\/wp-json\/wp\/v2\/types\/post"}],"author":[{"embeddable":true,"href":"https:\/\/fiaf.net\/sardegna\/wp-json\/wp\/v2\/users\/20"}],"replies":[{"embeddable":true,"href":"https:\/\/fiaf.net\/sardegna\/wp-json\/wp\/v2\/comments?post=851"}],"version-history":[{"count":14,"href":"https:\/\/fiaf.net\/sardegna\/wp-json\/wp\/v2\/posts\/851\/revisions"}],"predecessor-version":[{"id":867,"href":"https:\/\/fiaf.net\/sardegna\/wp-json\/wp\/v2\/posts\/851\/revisions\/867"}],"wp:featuredmedia":[{"embeddable":true,"href":"https:\/\/fiaf.net\/sardegna\/wp-json\/wp\/v2\/media\/855"}],"wp:attachment":[{"href":"https:\/\/fiaf.net\/sardegna\/wp-json\/wp\/v2\/media?parent=851"}],"wp:term":[{"taxonomy":"category","embeddable":true,"href":"https:\/\/fiaf.net\/sardegna\/wp-json\/wp\/v2\/categories?post=851"},{"taxonomy":"post_tag","embeddable":true,"href":"https:\/\/fiaf.net\/sardegna\/wp-json\/wp\/v2\/tags?post=851"}],"curies":[{"name":"wp","href":"https:\/\/api.w.org\/{rel}","templated":true}]}}