{"id":1319,"date":"2015-06-08T18:58:17","date_gmt":"2015-06-08T16:58:17","guid":{"rendered":"https:\/\/fiaf.net\/regioni\/sicilia\/?p=1319"},"modified":"2015-06-08T18:58:17","modified_gmt":"2015-06-08T16:58:17","slug":"etna-photo-meeting-xxi-edizione-viagrande-ct","status":"publish","type":"post","link":"https:\/\/fiaf.net\/sicilia\/etna-photo-meeting-xxi-edizione-viagrande-ct\/","title":{"rendered":"Etna Photo Meeting, XXI edizione, Viagrande (CT)"},"content":{"rendered":"<p><a href=\"https:\/\/fiaf.net\/sicilia\/wp-content\/uploads\/sites\/20\/2015\/06\/locandina-web-quadrata.jpg\"><img loading=\"lazy\" decoding=\"async\" class=\"alignleft size-medium wp-image-1323\" alt=\"Stampa\" src=\"https:\/\/fiaf.net\/sicilia\/wp-content\/uploads\/sites\/20\/2015\/06\/locandina-web-quadrata-300x290.jpg\" width=\"300\" height=\"290\" \/><\/a><br \/>\n&nbsp;<br \/>\n&nbsp;<br \/>\n&nbsp;<br \/>\n&nbsp;<br \/>\n&nbsp;<br \/>\n&nbsp;<br \/>\n&nbsp;<br \/>\n&nbsp;<br \/>\n&nbsp;<br \/>\n&nbsp;<br \/>\n&nbsp;<br \/>\n&nbsp;<br \/>\nDal <strong>12 al 21 giugno<\/strong> presso il prestigioso <strong>Palazzo Turrisi Grifeo di Partanna a Viagrande<\/strong> si terr\u00e0 la 21ma edizione dell\u2019<strong>Etna\u00a0Photo Meeting,<\/strong> festival nazionale di fotografia contemporanea tra i pi\u00f9 importanti e longevi d\u2019Italia.\u00a0La kermesse fotografica di quest\u2019anno, organizzata dal <strong>Gruppo Fotografico Le Gru di Valverde<\/strong> in collaborazione con il Comune di\u00a0Viagrande, e patrocinata dalla FIAF (Federazione Italiana Associazioni Fotografiche), dall\u2019Ente Parco dell\u2019Etna e da Legambiente,\u00a0sar\u00e0 dedicata alla fotografia naturalistica, declinata in ogni suo possibile aspetto (dal paesaggio, alla caccia fotografica, dalla\u00a0macrofotografia a quella astronomica). Il titolo scelto dagli organizzatori \u00e8 \u201cDe rerum natura. Immagini dal pianeta Terra\u201d.<br \/>\nTanti gli eventi in programma nel corso dei dieci giorni di manifestazione. Tra di essi il pi\u00f9 importante sar\u00e0 la consegna del <strong>Premio\u00a0Le Gru<\/strong> (giunto quest\u2019anno alla sua decima edizione) al fotografo naturalista sardo, di fama internazionale, <strong>Domenico Ruiu,<\/strong> che\u00a0nell\u2019occasione incontrer\u00e0 addetti ai lavori e appassionati, presenter\u00e0 una sua retrospettiva e condurr\u00e0 un interessantissimo workshop fotografico.<br \/>\nRicchissima la proposta di mostre a tema di autori italiani di fama internazionale e gli omaggi a due maestri della fotografica mondiale\u00a0come <strong>Sebastiao Salgado e Yann Arthus-Bertrand.<br \/>\n<\/strong>Come ogni anno, uno degli appuntamenti pi\u00f9 seguiti dal pubblico sar\u00e0 la <strong>lettura di portfolio fotografico<\/strong> che si svolger\u00e0 nel primo\u00a0weekend della manifestazione e che sar\u00e0 curata da qualificati esperti del settore.<b><br \/>\n<\/b>In calendario ci saranno anche <strong>proiezioni di audiovisivi, seminari e incontri culturali, un workshop di macrofotografia diretto da\u00a0Toni Puma e uno di fotografia di nudo diretto da Enzo Gabriele Leanza e da Domenico Santonocito.<br \/>\n<\/strong>Inoltre nel contesto della\u00a0manifestazione avr\u00e0 luogo anche la premiazione del <strong>5^ Concorso Fotografico Nazionale \u201cLe Gru\u201d.<\/strong><br \/>\n<strong><span style=\"font-family: Cambria\">Autori e mostre<\/span><\/strong><br \/>\n<span style=\"font-family: Calibri\">Immagini: <strong>Storia fotografica in trenta scatti<\/strong> di Domenico Ruiu<\/span><br \/>\n<span style=\"font-family: Calibri\"><strong>Attimi di Natura<\/strong> di Claudio Calvani<\/span><br \/>\n<span style=\"font-family: Calibri\"><strong>La fattoria delle Gru\/ Kuril Lake<\/strong> di Valter Bernardeschi<\/span><br \/>\n<span style=\"font-family: Calibri\"><strong>Sibillini mondo sublime<\/strong> di Luca Giustozzi<\/span><br \/>\n<span style=\"font-family: Calibri\"><strong>Seascape Heaven<\/strong> di Fortunato Gatto<\/span><br \/>\n<span style=\"font-family: Calibri\"><strong>Microcosmos<\/strong> di Toni Puma<\/span><br \/>\n<span style=\"font-family: Calibri\"><strong>Paesaggi di stelle e galassie<\/strong> di Gianni Benintende<\/span><br \/>\n<span style=\"font-family: Calibri\"><strong>Visioni grandangolari<\/strong> di Stefano Proakis<\/span><br \/>\n<span style=\"font-family: Calibri\"><strong>Mondi Microscopici<\/strong> di Cirrincione &#8211; Rosso &#8211; Sanfilippo<\/span><br \/>\n<span style=\"font-family: Calibri\"><strong>A pen please<\/strong> di Daniela D&#8217;Arrigo<\/span><br \/>\n<span style=\"font-family: Calibri\"><strong>Viaggio nella citt\u00e0 contemporanea<\/strong> di Francesco Landino<\/span><br \/>\n<span style=\"font-family: Calibri\"><strong>Un piccolo dono<\/strong> di Massimo Minglino<\/span><br \/>\n<span style=\"font-family: Calibri\"><strong>Etna UNESCO World Heritage,<\/strong> Collettiva Gruppo Fotografico Le Gru\u00a0<\/span><br \/>\n<span style=\"font-family: Cambria\">Per maggiori informazioni\u00a0<\/span><span style=\"color: #0000ff;font-family: Cambria\"><a href=\"http:\/\/www.fotoclublegru.it\/\" target=\"_blank\" rel=\"noopener\">www.fotoclublegru.it<\/a><\/span><br \/>\n<div id='gallery-1' class='gallery galleryid-1319 gallery-columns-3 gallery-size-thumbnail'><figure class='gallery-item'>\n\t\t\t<div class='gallery-icon landscape'>\n\t\t\t\t<a href=\"https:\/\/fiaf.net\/sicilia\/etna-photo-meeting-xxi-edizione-viagrande-ct\/cirrincione-sanfilippo-rosso-etna-photo-meeting-2015\/\"><img loading=\"lazy\" decoding=\"async\" width=\"150\" height=\"150\" src=\"https:\/\/fiaf.net\/sicilia\/wp-content\/uploads\/sites\/20\/2015\/06\/cirrincione-sanfilippo-rosso-etna-photo-meeting-2015-150x150.jpg\" class=\"attachment-thumbnail size-thumbnail\" alt=\"\" aria-describedby=\"gallery-1-1325\" \/><\/a>\n\t\t\t<\/div>\n\t\t\t\t<figcaption class='wp-caption-text gallery-caption' id='gallery-1-1325'>\n\t\t\t\tcirrincione-sanfilippo-rosso-etna-photo-meeting-2015\n\t\t\t\t<\/figcaption><\/figure><figure class='gallery-item'>\n\t\t\t<div class='gallery-icon landscape'>\n\t\t\t\t<a href=\"https:\/\/fiaf.net\/sicilia\/etna-photo-meeting-xxi-edizione-viagrande-ct\/stefano-proakis-etna-photo-meeting-2015\/\"><img loading=\"lazy\" decoding=\"async\" width=\"150\" height=\"150\" src=\"https:\/\/fiaf.net\/sicilia\/wp-content\/uploads\/sites\/20\/2015\/06\/stefano-proakis-etna-photo-meeting-2015-150x150.jpg\" class=\"attachment-thumbnail size-thumbnail\" alt=\"\" aria-describedby=\"gallery-1-1334\" srcset=\"https:\/\/fiaf.net\/sicilia\/wp-content\/uploads\/sites\/20\/2015\/06\/stefano-proakis-etna-photo-meeting-2015-150x150.jpg 150w, https:\/\/fiaf.net\/sicilia\/wp-content\/uploads\/sites\/20\/2015\/06\/stefano-proakis-etna-photo-meeting-2015-300x300.jpg 300w, https:\/\/fiaf.net\/sicilia\/wp-content\/uploads\/sites\/20\/2015\/06\/stefano-proakis-etna-photo-meeting-2015.jpg 700w\" sizes=\"auto, (max-width: 150px) 100vw, 150px\" \/><\/a>\n\t\t\t<\/div>\n\t\t\t\t<figcaption class='wp-caption-text gallery-caption' id='gallery-1-1334'>\n\t\t\t\tstefano-proakis-etna-photo-meeting-2015.jpg\n\t\t\t\t<\/figcaption><\/figure><figure class='gallery-item'>\n\t\t\t<div class='gallery-icon landscape'>\n\t\t\t\t<a href=\"https:\/\/fiaf.net\/sicilia\/etna-photo-meeting-xxi-edizione-viagrande-ct\/fortunato-gatto-etna-photo-meeting-2015\/\"><img loading=\"lazy\" decoding=\"async\" width=\"150\" height=\"150\" src=\"https:\/\/fiaf.net\/sicilia\/wp-content\/uploads\/sites\/20\/2015\/06\/fortunato-gatto-etna-photo-meeting-2015-150x150.jpg\" class=\"attachment-thumbnail size-thumbnail\" alt=\"\" aria-describedby=\"gallery-1-1328\" \/><\/a>\n\t\t\t<\/div>\n\t\t\t\t<figcaption class='wp-caption-text gallery-caption' id='gallery-1-1328'>\n\t\t\t\tfortunato-gatto-etna-photo-meeting-2015\n\t\t\t\t<\/figcaption><\/figure><figure class='gallery-item'>\n\t\t\t<div class='gallery-icon landscape'>\n\t\t\t\t<a href=\"https:\/\/fiaf.net\/sicilia\/etna-photo-meeting-xxi-edizione-viagrande-ct\/foto-di-domenico-di-ruiu_aquila-reale-jpeg-piccolo\/\"><img loading=\"lazy\" decoding=\"async\" width=\"150\" height=\"150\" src=\"https:\/\/fiaf.net\/sicilia\/wp-content\/uploads\/sites\/20\/2015\/06\/Foto-di-Domenico-di-Ruiu_aquila-reale-jpeg-piccolo-150x150.jpg\" class=\"attachment-thumbnail size-thumbnail\" alt=\"\" aria-describedby=\"gallery-1-1329\" \/><\/a>\n\t\t\t<\/div>\n\t\t\t\t<figcaption class='wp-caption-text gallery-caption' id='gallery-1-1329'>\n\t\t\t\tFoto di Domenico di Ruiu_aquila reale &#8211; jpeg piccolo.jpg\n\t\t\t\t<\/figcaption><\/figure><figure class='gallery-item'>\n\t\t\t<div class='gallery-icon landscape'>\n\t\t\t\t<a href=\"https:\/\/fiaf.net\/sicilia\/etna-photo-meeting-xxi-edizione-viagrande-ct\/olympus-digital-camera\/\"><img loading=\"lazy\" decoding=\"async\" width=\"150\" height=\"150\" src=\"https:\/\/fiaf.net\/sicilia\/wp-content\/uploads\/sites\/20\/2015\/06\/francesco-landino-etna-photo-meeting-2015-150x150.jpg\" class=\"attachment-thumbnail size-thumbnail\" alt=\"\" aria-describedby=\"gallery-1-1330\" \/><\/a>\n\t\t\t<\/div>\n\t\t\t\t<figcaption class='wp-caption-text gallery-caption' id='gallery-1-1330'>\n\t\t\t\tfrancesco-landino-etna-photo-meeting-2015\n\t\t\t\t<\/figcaption><\/figure><figure class='gallery-item'>\n\t\t\t<div class='gallery-icon landscape'>\n\t\t\t\t<a href=\"https:\/\/fiaf.net\/sicilia\/etna-photo-meeting-xxi-edizione-viagrande-ct\/luca-giustozzi-etna-photo-meeting-2015\/\"><img loading=\"lazy\" decoding=\"async\" width=\"150\" height=\"150\" src=\"https:\/\/fiaf.net\/sicilia\/wp-content\/uploads\/sites\/20\/2015\/06\/luca-giustozzi-etna-photo-meeting-2015-150x150.jpg\" class=\"attachment-thumbnail size-thumbnail\" alt=\"\" aria-describedby=\"gallery-1-1332\" \/><\/a>\n\t\t\t<\/div>\n\t\t\t\t<figcaption class='wp-caption-text gallery-caption' id='gallery-1-1332'>\n\t\t\t\tluca-giustozzi-etna-photo-meeting-2015\n\t\t\t\t<\/figcaption><\/figure><figure class='gallery-item'>\n\t\t\t<div class='gallery-icon portrait'>\n\t\t\t\t<a href=\"https:\/\/fiaf.net\/sicilia\/etna-photo-meeting-xxi-edizione-viagrande-ct\/claudio-calvani-etna-photo-meeting-2015\/\"><img loading=\"lazy\" decoding=\"async\" width=\"150\" height=\"150\" src=\"https:\/\/fiaf.net\/sicilia\/wp-content\/uploads\/sites\/20\/2015\/06\/claudio-calvani-etna-photo-meeting-2015-150x150.jpg\" class=\"attachment-thumbnail size-thumbnail\" alt=\"\" aria-describedby=\"gallery-1-1326\" \/><\/a>\n\t\t\t<\/div>\n\t\t\t\t<figcaption class='wp-caption-text gallery-caption' id='gallery-1-1326'>\n\t\t\t\tclaudio-calvani-etna-photo-meeting-2015\n\t\t\t\t<\/figcaption><\/figure><figure class='gallery-item'>\n\t\t\t<div class='gallery-icon landscape'>\n\t\t\t\t<a href=\"https:\/\/fiaf.net\/sicilia\/etna-photo-meeting-xxi-edizione-viagrande-ct\/giovanni-benintende-etna-photo-meeting-2015\/\"><img loading=\"lazy\" decoding=\"async\" width=\"150\" height=\"150\" src=\"https:\/\/fiaf.net\/sicilia\/wp-content\/uploads\/sites\/20\/2015\/06\/giovanni-benintende-etna-photo-meeting-2015-150x150.jpg\" class=\"attachment-thumbnail size-thumbnail\" alt=\"\" aria-describedby=\"gallery-1-1331\" srcset=\"https:\/\/fiaf.net\/sicilia\/wp-content\/uploads\/sites\/20\/2015\/06\/giovanni-benintende-etna-photo-meeting-2015-150x150.jpg 150w, https:\/\/fiaf.net\/sicilia\/wp-content\/uploads\/sites\/20\/2015\/06\/giovanni-benintende-etna-photo-meeting-2015-300x300.jpg 300w, https:\/\/fiaf.net\/sicilia\/wp-content\/uploads\/sites\/20\/2015\/06\/giovanni-benintende-etna-photo-meeting-2015.jpg 700w\" sizes=\"auto, (max-width: 150px) 100vw, 150px\" \/><\/a>\n\t\t\t<\/div>\n\t\t\t\t<figcaption class='wp-caption-text gallery-caption' id='gallery-1-1331'>\n\t\t\t\tgiovanni-benintende-etna-photo-meeting-2015.jpg\n\t\t\t\t<\/figcaption><\/figure><figure class='gallery-item'>\n\t\t\t<div class='gallery-icon landscape'>\n\t\t\t\t<a href=\"https:\/\/fiaf.net\/sicilia\/etna-photo-meeting-xxi-edizione-viagrande-ct\/daniela-darrigo-etna-photo-meeting-2015\/\"><img loading=\"lazy\" decoding=\"async\" width=\"150\" height=\"150\" src=\"https:\/\/fiaf.net\/sicilia\/wp-content\/uploads\/sites\/20\/2015\/06\/daniela-DArrigo-etna-photo-meeting-2015-150x150.jpg\" class=\"attachment-thumbnail size-thumbnail\" alt=\"\" aria-describedby=\"gallery-1-1327\" \/><\/a>\n\t\t\t<\/div>\n\t\t\t\t<figcaption class='wp-caption-text gallery-caption' id='gallery-1-1327'>\n\t\t\t\tdaniela-D&#8217;Arrigo-etna-photo-meeting-2015\n\t\t\t\t<\/figcaption><\/figure><figure class='gallery-item'>\n\t\t\t<div class='gallery-icon landscape'>\n\t\t\t\t<a href=\"https:\/\/fiaf.net\/sicilia\/etna-photo-meeting-xxi-edizione-viagrande-ct\/valter-bernardeschi-etna-photo-meeting-2015\/\"><img loading=\"lazy\" decoding=\"async\" width=\"150\" height=\"150\" src=\"https:\/\/fiaf.net\/sicilia\/wp-content\/uploads\/sites\/20\/2015\/06\/valter-bernardeschi-etna-photo-meeting-2015-150x150.jpg\" class=\"attachment-thumbnail size-thumbnail\" alt=\"\" aria-describedby=\"gallery-1-1336\" \/><\/a>\n\t\t\t<\/div>\n\t\t\t\t<figcaption class='wp-caption-text gallery-caption' id='gallery-1-1336'>\n\t\t\t\tvalter-bernardeschi-etna-photo-meeting-2015.jpg\n\t\t\t\t<\/figcaption><\/figure><figure class='gallery-item'>\n\t\t\t<div class='gallery-icon landscape'>\n\t\t\t\t<a href=\"https:\/\/fiaf.net\/sicilia\/etna-photo-meeting-xxi-edizione-viagrande-ct\/toni-puma-etna-photo-meeting-2015\/\"><img loading=\"lazy\" decoding=\"async\" width=\"150\" height=\"150\" src=\"https:\/\/fiaf.net\/sicilia\/wp-content\/uploads\/sites\/20\/2015\/06\/toni-puma-etna-photo-meeting-2015-150x150.jpg\" class=\"attachment-thumbnail size-thumbnail\" alt=\"\" aria-describedby=\"gallery-1-1335\" \/><\/a>\n\t\t\t<\/div>\n\t\t\t\t<figcaption class='wp-caption-text gallery-caption' id='gallery-1-1335'>\n\t\t\t\ttoni-puma-etna-photo-meeting-2015\n\t\t\t\t<\/figcaption><\/figure><figure class='gallery-item'>\n\t\t\t<div class='gallery-icon landscape'>\n\t\t\t\t<a href=\"https:\/\/fiaf.net\/sicilia\/etna-photo-meeting-xxi-edizione-viagrande-ct\/ruiu-etna-photo-meeting-2015\/\"><img loading=\"lazy\" decoding=\"async\" width=\"150\" height=\"150\" src=\"https:\/\/fiaf.net\/sicilia\/wp-content\/uploads\/sites\/20\/2015\/06\/ruiu-etna-photo-meeting-2015-150x150.jpg\" class=\"attachment-thumbnail size-thumbnail\" alt=\"\" aria-describedby=\"gallery-1-1333\" \/><\/a>\n\t\t\t<\/div>\n\t\t\t\t<figcaption class='wp-caption-text gallery-caption' id='gallery-1-1333'>\n\t\t\t\truiu-etna-photo-meeting-2015\n\t\t\t\t<\/figcaption><\/figure><figure class='gallery-item'>\n\t\t\t<div class='gallery-icon landscape'>\n\t\t\t\t<a href=\"https:\/\/fiaf.net\/sicilia\/etna-photo-meeting-xxi-edizione-viagrande-ct\/antonio-lorenzo-agata-etna-photo-meeting-2015\/\"><img loading=\"lazy\" decoding=\"async\" width=\"150\" height=\"150\" src=\"https:\/\/fiaf.net\/sicilia\/wp-content\/uploads\/sites\/20\/2015\/06\/antonio-lorenzo-agata-etna-photo-meeting-2015-150x150.jpg\" class=\"attachment-thumbnail size-thumbnail\" alt=\"\" aria-describedby=\"gallery-1-1324\" \/><\/a>\n\t\t\t<\/div>\n\t\t\t\t<figcaption class='wp-caption-text gallery-caption' id='gallery-1-1324'>\n\t\t\t\tantonio-lorenzo-agata-etna-photo-meeting-2015\n\t\t\t\t<\/figcaption><\/figure>\n\t\t<\/div>\n\n&nbsp;<\/p>\n\n    <div class=\"xs_social_share_widget xs_share_url after_content \t\tmain_content  wslu-style-1 wslu-share-box-shaped wslu-fill-colored wslu-none wslu-share-horizontal wslu-theme-font-no wslu-main_content\">\n\n\t\t\n        <ul>\n\t\t\t        <\/ul>\n    <\/div> \n","protected":false},"excerpt":{"rendered":"<p>&nbsp; &nbsp; &nbsp; &nbsp; &nbsp; &nbsp; &nbsp; &nbsp; &nbsp; &nbsp; &nbsp; &nbsp; Dal 12 al 21 giugno presso il prestigioso &hellip;<\/p>\n","protected":false},"author":1,"featured_media":1323,"comment_status":"closed","ping_status":"closed","sticky":false,"template":"","format":"standard","meta":{"_acf_changed":false,"footnotes":""},"categories":[8],"tags":[83,91,120,124,267],"class_list":["post-1319","post","type-post","status-publish","format-standard","has-post-thumbnail","hentry","category-manifestazioni","tag-de-rerum-natura-immagini-dal-pianeta-terra","tag-etna-photo-meeting-2015","tag-giugno-2015","tag-gruppo-fotografico-le-gru-di-valverde","tag-viagrande-ct"],"acf":[],"_links":{"self":[{"href":"https:\/\/fiaf.net\/sicilia\/wp-json\/wp\/v2\/posts\/1319","targetHints":{"allow":["GET"]}}],"collection":[{"href":"https:\/\/fiaf.net\/sicilia\/wp-json\/wp\/v2\/posts"}],"about":[{"href":"https:\/\/fiaf.net\/sicilia\/wp-json\/wp\/v2\/types\/post"}],"author":[{"embeddable":true,"href":"https:\/\/fiaf.net\/sicilia\/wp-json\/wp\/v2\/users\/1"}],"replies":[{"embeddable":true,"href":"https:\/\/fiaf.net\/sicilia\/wp-json\/wp\/v2\/comments?post=1319"}],"version-history":[{"count":0,"href":"https:\/\/fiaf.net\/sicilia\/wp-json\/wp\/v2\/posts\/1319\/revisions"}],"wp:featuredmedia":[{"embeddable":true,"href":"https:\/\/fiaf.net\/sicilia\/wp-json\/wp\/v2\/media\/1323"}],"wp:attachment":[{"href":"https:\/\/fiaf.net\/sicilia\/wp-json\/wp\/v2\/media?parent=1319"}],"wp:term":[{"taxonomy":"category","embeddable":true,"href":"https:\/\/fiaf.net\/sicilia\/wp-json\/wp\/v2\/categories?post=1319"},{"taxonomy":"post_tag","embeddable":true,"href":"https:\/\/fiaf.net\/sicilia\/wp-json\/wp\/v2\/tags?post=1319"}],"curies":[{"name":"wp","href":"https:\/\/api.w.org\/{rel}","templated":true}]}}