{"id":1836,"date":"2018-02-12T21:09:43","date_gmt":"2018-02-12T19:09:43","guid":{"rendered":"https:\/\/fiaf.net\/regioni\/sicilia\/?p=1836"},"modified":"2018-02-12T21:09:43","modified_gmt":"2018-02-12T19:09:43","slug":"terzo-paesaggio-santo-eduardo-di-miceli","status":"publish","type":"post","link":"https:\/\/fiaf.net\/sicilia\/terzo-paesaggio-santo-eduardo-di-miceli\/","title":{"rendered":"TERZO PAESAGGIO,  SANTO EDUARDO DI MICELI"},"content":{"rendered":"<p>Ad Augusta, sabato 17 febbraio 2018 alle ore 17:00, presso la Galleria FIAF in via Cristoforo Colombo &#8211; Ronco Rossi n. 12, avr\u00e0 luogo una giornata di studi sul lavoro di Santo Eduardo Di Miceli, IL TERZO PAESAGGIO.<br \/>\n<a href=\"https:\/\/fiaf.net\/sicilia\/wp-content\/uploads\/sites\/20\/2018\/02\/locandina-giornata-di-studio.jpg\"><img loading=\"lazy\" decoding=\"async\" src=\"https:\/\/fiaf.net\/sicilia\/wp-content\/uploads\/sites\/20\/2018\/02\/locandina-giornata-di-studio-744x1024.jpg\" alt=\"locandina giornata di studio\" width=\"744\" height=\"1024\" class=\"alignleft size-large wp-image-1837\" \/><\/a><a href=\"https:\/\/fiaf.net\/sicilia\/wp-content\/uploads\/sites\/20\/2018\/02\/01-026.jpg\"><img loading=\"lazy\" decoding=\"async\" src=\"https:\/\/fiaf.net\/sicilia\/wp-content\/uploads\/sites\/20\/2018\/02\/01-026.jpg\" alt=\"01 - 026\" width=\"850\" height=\"652\" class=\"alignleft size-full wp-image-1838\" srcset=\"https:\/\/fiaf.net\/sicilia\/wp-content\/uploads\/sites\/20\/2018\/02\/01-026.jpg 850w, https:\/\/fiaf.net\/sicilia\/wp-content\/uploads\/sites\/20\/2018\/02\/01-026-300x230.jpg 300w, https:\/\/fiaf.net\/sicilia\/wp-content\/uploads\/sites\/20\/2018\/02\/01-026-768x589.jpg 768w\" sizes=\"auto, (max-width: 850px) 100vw, 850px\" \/><\/a><br \/>\n<a href=\"https:\/\/fiaf.net\/sicilia\/wp-content\/uploads\/sites\/20\/2018\/02\/02-012.jpg\"><img loading=\"lazy\" decoding=\"async\" src=\"https:\/\/fiaf.net\/sicilia\/wp-content\/uploads\/sites\/20\/2018\/02\/02-012.jpg\" alt=\"02 - 012+\" width=\"850\" height=\"652\" class=\"alignleft size-large wp-image-1839\" srcset=\"https:\/\/fiaf.net\/sicilia\/wp-content\/uploads\/sites\/20\/2018\/02\/02-012.jpg 850w, https:\/\/fiaf.net\/sicilia\/wp-content\/uploads\/sites\/20\/2018\/02\/02-012-300x230.jpg 300w, https:\/\/fiaf.net\/sicilia\/wp-content\/uploads\/sites\/20\/2018\/02\/02-012-768x589.jpg 768w\" sizes=\"auto, (max-width: 850px) 100vw, 850px\" \/><\/a><br \/>\n<a href=\"https:\/\/fiaf.net\/sicilia\/wp-content\/uploads\/sites\/20\/2018\/02\/03-005.jpg\"><img loading=\"lazy\" decoding=\"async\" src=\"https:\/\/fiaf.net\/sicilia\/wp-content\/uploads\/sites\/20\/2018\/02\/03-005.jpg\" alt=\"03 - 005+\" width=\"850\" height=\"652\" class=\"alignleft size-large wp-image-1840\" srcset=\"https:\/\/fiaf.net\/sicilia\/wp-content\/uploads\/sites\/20\/2018\/02\/03-005.jpg 850w, https:\/\/fiaf.net\/sicilia\/wp-content\/uploads\/sites\/20\/2018\/02\/03-005-300x230.jpg 300w, https:\/\/fiaf.net\/sicilia\/wp-content\/uploads\/sites\/20\/2018\/02\/03-005-768x589.jpg 768w\" sizes=\"auto, (max-width: 850px) 100vw, 850px\" \/><\/a><br \/>\n<a href=\"https:\/\/fiaf.net\/sicilia\/wp-content\/uploads\/sites\/20\/2018\/02\/04-023.jpg\"><img loading=\"lazy\" decoding=\"async\" src=\"https:\/\/fiaf.net\/sicilia\/wp-content\/uploads\/sites\/20\/2018\/02\/04-023.jpg\" alt=\"04 - 023\" width=\"850\" height=\"652\" class=\"alignleft size-large wp-image-1841\" srcset=\"https:\/\/fiaf.net\/sicilia\/wp-content\/uploads\/sites\/20\/2018\/02\/04-023.jpg 850w, https:\/\/fiaf.net\/sicilia\/wp-content\/uploads\/sites\/20\/2018\/02\/04-023-300x230.jpg 300w, https:\/\/fiaf.net\/sicilia\/wp-content\/uploads\/sites\/20\/2018\/02\/04-023-768x589.jpg 768w\" sizes=\"auto, (max-width: 850px) 100vw, 850px\" \/><\/a><br \/>\n<a href=\"https:\/\/fiaf.net\/sicilia\/wp-content\/uploads\/sites\/20\/2018\/02\/05-025.jpg\"><img loading=\"lazy\" decoding=\"async\" src=\"https:\/\/fiaf.net\/sicilia\/wp-content\/uploads\/sites\/20\/2018\/02\/05-025.jpg\" alt=\"05 - 025\" width=\"850\" height=\"652\" class=\"alignleft size-large wp-image-1842\" srcset=\"https:\/\/fiaf.net\/sicilia\/wp-content\/uploads\/sites\/20\/2018\/02\/05-025.jpg 850w, https:\/\/fiaf.net\/sicilia\/wp-content\/uploads\/sites\/20\/2018\/02\/05-025-300x230.jpg 300w, https:\/\/fiaf.net\/sicilia\/wp-content\/uploads\/sites\/20\/2018\/02\/05-025-768x589.jpg 768w\" sizes=\"auto, (max-width: 850px) 100vw, 850px\" \/><\/a><br \/>\n<a href=\"https:\/\/fiaf.net\/sicilia\/wp-content\/uploads\/sites\/20\/2018\/02\/06-014.jpg\"><img loading=\"lazy\" decoding=\"async\" src=\"https:\/\/fiaf.net\/sicilia\/wp-content\/uploads\/sites\/20\/2018\/02\/06-014.jpg\" alt=\"06 - 014+\" width=\"850\" height=\"652\" class=\"alignleft size-large wp-image-1843\" srcset=\"https:\/\/fiaf.net\/sicilia\/wp-content\/uploads\/sites\/20\/2018\/02\/06-014.jpg 850w, https:\/\/fiaf.net\/sicilia\/wp-content\/uploads\/sites\/20\/2018\/02\/06-014-300x230.jpg 300w, https:\/\/fiaf.net\/sicilia\/wp-content\/uploads\/sites\/20\/2018\/02\/06-014-768x589.jpg 768w\" sizes=\"auto, (max-width: 850px) 100vw, 850px\" \/><\/a><br \/>\n<a href=\"https:\/\/fiaf.net\/sicilia\/wp-content\/uploads\/sites\/20\/2018\/02\/07-018.jpg\"><img loading=\"lazy\" decoding=\"async\" src=\"https:\/\/fiaf.net\/sicilia\/wp-content\/uploads\/sites\/20\/2018\/02\/07-018.jpg\" alt=\"07 - 018\" width=\"850\" height=\"652\" class=\"alignleft size-large wp-image-1844\" srcset=\"https:\/\/fiaf.net\/sicilia\/wp-content\/uploads\/sites\/20\/2018\/02\/07-018.jpg 850w, https:\/\/fiaf.net\/sicilia\/wp-content\/uploads\/sites\/20\/2018\/02\/07-018-300x230.jpg 300w, https:\/\/fiaf.net\/sicilia\/wp-content\/uploads\/sites\/20\/2018\/02\/07-018-768x589.jpg 768w\" sizes=\"auto, (max-width: 850px) 100vw, 850px\" \/><\/a><br \/>\n<a href=\"https:\/\/fiaf.net\/sicilia\/wp-content\/uploads\/sites\/20\/2018\/02\/08-008.jpg\"><img loading=\"lazy\" decoding=\"async\" src=\"https:\/\/fiaf.net\/sicilia\/wp-content\/uploads\/sites\/20\/2018\/02\/08-008.jpg\" alt=\"08 - 008\" width=\"850\" height=\"652\" class=\"alignleft size-large wp-image-1845\" srcset=\"https:\/\/fiaf.net\/sicilia\/wp-content\/uploads\/sites\/20\/2018\/02\/08-008.jpg 850w, https:\/\/fiaf.net\/sicilia\/wp-content\/uploads\/sites\/20\/2018\/02\/08-008-300x230.jpg 300w, https:\/\/fiaf.net\/sicilia\/wp-content\/uploads\/sites\/20\/2018\/02\/08-008-768x589.jpg 768w\" sizes=\"auto, (max-width: 850px) 100vw, 850px\" \/><\/a><br \/>\n<a href=\"https:\/\/fiaf.net\/sicilia\/wp-content\/uploads\/sites\/20\/2018\/02\/09-019.jpg\"><img loading=\"lazy\" decoding=\"async\" src=\"https:\/\/fiaf.net\/sicilia\/wp-content\/uploads\/sites\/20\/2018\/02\/09-019.jpg\" alt=\"09 - 019\" width=\"850\" height=\"652\" class=\"alignleft size-large wp-image-1846\" srcset=\"https:\/\/fiaf.net\/sicilia\/wp-content\/uploads\/sites\/20\/2018\/02\/09-019.jpg 850w, https:\/\/fiaf.net\/sicilia\/wp-content\/uploads\/sites\/20\/2018\/02\/09-019-300x230.jpg 300w, https:\/\/fiaf.net\/sicilia\/wp-content\/uploads\/sites\/20\/2018\/02\/09-019-768x589.jpg 768w\" sizes=\"auto, (max-width: 850px) 100vw, 850px\" \/><\/a><br \/>\n<a href=\"https:\/\/fiaf.net\/sicilia\/wp-content\/uploads\/sites\/20\/2018\/02\/10-020.jpg\"><img loading=\"lazy\" decoding=\"async\" src=\"https:\/\/fiaf.net\/sicilia\/wp-content\/uploads\/sites\/20\/2018\/02\/10-020.jpg\" alt=\"10 - 020\" width=\"850\" height=\"652\" class=\"alignleft size-large wp-image-1847\" srcset=\"https:\/\/fiaf.net\/sicilia\/wp-content\/uploads\/sites\/20\/2018\/02\/10-020.jpg 850w, https:\/\/fiaf.net\/sicilia\/wp-content\/uploads\/sites\/20\/2018\/02\/10-020-300x230.jpg 300w, https:\/\/fiaf.net\/sicilia\/wp-content\/uploads\/sites\/20\/2018\/02\/10-020-768x589.jpg 768w\" sizes=\"auto, (max-width: 850px) 100vw, 850px\" \/><\/a><br \/>\n<a href=\"https:\/\/fiaf.net\/sicilia\/wp-content\/uploads\/sites\/20\/2018\/02\/11-009a.jpg\"><img loading=\"lazy\" decoding=\"async\" src=\"https:\/\/fiaf.net\/sicilia\/wp-content\/uploads\/sites\/20\/2018\/02\/11-009a.jpg\" alt=\"11 - 009a\" width=\"850\" height=\"652\" class=\"alignleft size-large wp-image-1848\" srcset=\"https:\/\/fiaf.net\/sicilia\/wp-content\/uploads\/sites\/20\/2018\/02\/11-009a.jpg 850w, https:\/\/fiaf.net\/sicilia\/wp-content\/uploads\/sites\/20\/2018\/02\/11-009a-300x230.jpg 300w, https:\/\/fiaf.net\/sicilia\/wp-content\/uploads\/sites\/20\/2018\/02\/11-009a-768x589.jpg 768w\" sizes=\"auto, (max-width: 850px) 100vw, 850px\" \/><\/a><br \/>\n<a href=\"https:\/\/fiaf.net\/sicilia\/wp-content\/uploads\/sites\/20\/2018\/02\/12-020.jpg\"><img loading=\"lazy\" decoding=\"async\" src=\"https:\/\/fiaf.net\/sicilia\/wp-content\/uploads\/sites\/20\/2018\/02\/12-020.jpg\" alt=\"12 - 020+\" width=\"850\" height=\"652\" class=\"alignleft size-large wp-image-1849\" srcset=\"https:\/\/fiaf.net\/sicilia\/wp-content\/uploads\/sites\/20\/2018\/02\/12-020.jpg 850w, https:\/\/fiaf.net\/sicilia\/wp-content\/uploads\/sites\/20\/2018\/02\/12-020-300x230.jpg 300w, https:\/\/fiaf.net\/sicilia\/wp-content\/uploads\/sites\/20\/2018\/02\/12-020-768x589.jpg 768w\" sizes=\"auto, (max-width: 850px) 100vw, 850px\" \/><\/a><br \/>\nTERZO PAESAGGIO<br \/>\nSANTO EDUARDO DI MICELI<br \/>\n01. Premessa<br \/>\nQuesto mio lavoro fotografico \u00e8 diviso in tre temi differenti che sono sostanzialmente tre esercizi sulla Fotografia di Paesaggio. Per me \u00e8 fondamentale che si possano cogliere quelle strutture permanenti, solidali e simboliche; che si possano scorgere gli stili di vita, i comportamenti quotidiani ed i tanti modi di essere che contrassegnano l\u2019identit\u00e0 collettiva di una comunit\u00e0 e il rapporto che essa ha con il Paesaggio. In questa mostra ad Augusta sono esposte le 12 fotografie che compongono l\u2019esercizio sul \u201cTerzo Paesaggio\u201d come lo ha sapientemente definito Gilles Cl\u00e9ment nel suo Manifesto del Terzo paesaggio1. Prima di arrivare alle considerazioni sul \u201cTerzo Paesaggio\u201d \u00e8 necessario introdurre i due esercizi che completano il lavoro che \u00e8 gi\u00e0 stato esposto nella sua forma completa a Caltanissetta.<br \/>\n02. L\u2019origine del vedere<br \/>\nPer capire cos\u2019\u00e8 l\u2019origine del vedere potremmo provare ad analizzare la produzione figurativa nell\u2019antica Grecia che ha per scopo la \u201crappresentazione\u201d. Nel campo delle arti figurative rientrano fondamentalmente la pittura e la scultura, ma nella loro accezione pi\u00f9 ampia, \u00e8 da intendere con il primo termine tutte le arti che producono immagini, e con il secondo tutte le arti che producono oggetti. La rappresentazione \u00e8 quindi quell\u2019atto, cosciente e volontario, del dar forma.<br \/>\nDar forma, significa far entrare nel mondo qualcosa che, da quel momento, inizia ad esistere.<br \/>\nDar forma, in questo caso, diviene il risultato di un processo creativo.<br \/>\nInoltre, le rappresentazioni si suddividono in due tipi fondamentali: le rappresentazioni analogiche e le rappresentazioni logiche. Le prime nascono da un rapporto di analogia con la realt\u00e0, le seconde si affidano al logos. Le rappresentazioni logiche ricorrono in genere a simboli o segni di tipo linguistico.<br \/>\nLe rappresentazioni analogiche usano quasi esclusivamente le immagini.<br \/>\nIn pratica anche nella costruzione dell\u2019immagine si pu\u00f2 dare prevalenza o agli elementi della percezione o a quelli dell\u2019interpretazione. Nel primo caso diciamo che l\u2019immagine \u00e8 di tipo naturalistico, e quindi l\u2019arte che la produce si muove in un sistema ottico. Analizziamo adesso come si strutturava la rappresentazione teatrale greca2: ai tempi dei primi tragici greci, lo spettacolo consisteva in una trilogia, ossia in un poema ciclico che raccontava in tre drammi, ciascuno dei quali in s\u00e9 perfettamente concluso, un\u2019unica vicenda.<br \/>\nLa prima tragedia doveva parlare all\u2019animo dello spettatore, essere cio\u00e8 prevalentemente drammatica, la seconda all\u2019orecchio, essere quindi essenzialmente lirica, la terza all\u2019occhio, ossia offrirgli un grande spettacolo visivo. Ecco perch\u00e8 credo che il teatro greco sia l\u2019origine del vedere.<br \/>\nPoi vi \u00e8 un\u2019altra questione che riguarda la costruzione dei teatri greco &#8211; ellenistici di Sicilia in luoghi che hanno un paesaggio che dona all\u2019occhio una \u201cvisione del mondo\u201d.<br \/>\nQuesta \u00e8 l\u2019origine del vedere ed \u00e8 il grande poema che il popolo greco ci ha lasciato.<br \/>\n03. Il paesaggio italiano<br \/>\nNel 1632 a Delft nasce Johannes Vermeer. Delft era un centro culturale modesto rispetto a Utrecht ed Amsterdam, Delft era per\u00f2 un importante crocevia dei commerci marittimi e navali e ci\u00f2 permise a Vermeer di tenersi in contatto con l\u2019evoluzione dell\u2019arte e del pensiero e di poter nel contempo formare lontano dai pi\u00f9 celebrati maestri fiamminghi contemporanei, la sua originale visione della pittura. Troppo sottile ed avanzata nella sua apparente semplicit\u00e0 l\u2019opera di Vermeer, \u00e8 presto dimenticata per essere riscoperta solo duecento anni dopo, nel secolo che vede l\u2019invenzione della fotografia.<br \/>\nIl Canaletto, invece, con le sue nitide e realistiche vedute di Venezia e di Londra esprime l\u2019esigenza di una visione del mondo sempre pi\u00f9 analitica e scientifica.<br \/>\nLe sue vedute sono tracciate con l\u2019ausilio dell\u2019occhio artificiale cio\u00e8 della camera oscura in questo modo viene eliminata ogni dimensione fantastica e nella perfetta corrispondenza di ogni dettaglio del quadro al reale, viene mostrata anche la verit\u00e0 quotidiana dei gesti della gente fermata per strada.<br \/>\nLa pittura di paesaggio ebbe per\u00f2 un cambiamento radicale con la Scuola di Barbizon3 con Corot.<br \/>\nLa scuola di Barbizon cerca nella rappresentazione sincera del vero, l\u2019espressione del sentimento e di valori etici arrivando, come risultato, alla raffigurazione di paesaggi lirici, pi\u00f9 profondi ed inquieti, spinti da un irrefrenabile desiderio di conoscere i meandri della natura.<br \/>\nNel dipinto \u201cLa cattedrale di Chartres\u201d di Corot possiamo osservare un monumento storico trasportato fuori dalla sua importanza intrinseca, e calato in un paesaggio come parte di esso, al pari di un monte o di una casa. In Corot e Lorrain \u00e8 visibile una somiglianza nei metodi.<br \/>\nCorot visit\u00f2 spesso l\u2019Italia in almeno tre occasioni e due suoi \u201cStudi Romani\u201d sono esposti al Louvre. Questa rappresentazione del paesaggio, che \u00e8 alla base del Viaggio in Italia4, nei disegni e nelle raffigurazioni storiche \u00e8 il tema che m\u2019interessa perch\u00e8 mette insieme il paesaggio naturale e quello colturale rendendolo unico nel suo genere.<br \/>\nQuesta rappresentazione del Paesaggio diventa quella a cui storicamente siamo abituati riferendoci alle pi\u00f9 recenti riproduzioni nei nostri libri fino all\u2019altro ieri in bianconero. Questo \u00e8 il paesaggio che viene rappresentato fino alla scoperta da parte di un gruppo di fotografi di un \u201cnuovo\u201d paesaggio che tratteggia un altro modo di vedere la nostra Italia.<br \/>\nDobbiamo ad Arturo Carlo Quintavalle la scoperta dei fotografi come possibili \u201clettori\u201d del Paesaggio Italiano. Quintavalle studia quando Carlo Ludovico Ragghianti insegna a Pisa e torna alla vita universitaria perch\u00e8 viene nominato professore di ruolo, dove succede al suo maestro Matteo Marangoni. Quest\u2019esperienza didattica sar\u00e0 fondamentale per Quintavalle perch\u00e8 essendo dentro questa genealogia potr\u00e0 scoprire le fotografie di Luigi Ghirri e riconoscerle.<br \/>\n04. Il terzo paesaggio<br \/>\nDobbiamo al fotografo italiano Luigi Ghirri la rivoluzione culturale nella fotografia di paesaggio italiana. Come scrive Antonella Russo nella Storia Culturale della Fotografia Italiana:<br \/>\n\u201cLa vera novit\u00e0 di Viaggio in Italia era costituita, dalle opere dello stesso Ghirri, che avevano inaugurato una fase per lui iniziata nei primi anni \u201980.<br \/>\nFu in quel periodo che Ghirri si dedic\u00f2 a una narrazione visiva del paesaggio, che divent\u00f2 il suo strumento per comprendere il mondo, analizzarlo e registrarne anche i minimi cambiamenti. Gi\u00e0 verso la fine degli anni \u201980, con il tramonto delle ideologie e con la perdita di riferimenti culturali consolidati, quelle immagini sembrarono acquistare un carattere prescrittivo, capace di indicare un modo preciso di guardare al paesaggio: da una parte esso doveva evocare la meraviglia e lo stupore del bambino che apre gli occhi sul mondo, dall\u2019altra doveva suscitare una nostalgia o un sentire etico, una commossa consapevolezza della sua progressiva scomparsa5.\u201d<br \/>\nPer completare l\u2019esercizio sul \u201cTerzo Paesaggio\u201d ci viene in aiuto Gilles Cl\u00e9ment, un paesaggista francese, che ha sapientemente definito nel suo Manifesto, il Terzo paesaggio.<br \/>\nQuello che mi interessa \u00e8 il punto XII \u2013 Rapporto con la cultura al punto 1 delle definizioni:<br \/>\n\u201cIl Terzo Paesaggio pu\u00f2 essere considerato come frammento condiviso di una coscienza collettiva a patto di situare la condivisione nell\u2019ambito di una stessa cultura.6\u201d<br \/>\nLa cultura dell\u2019abbandono del territorio tipico del Sud Italia \u00e8 il punctum di quest\u2019indagine fotografica ed \u00e8 il messaggio culturale che urgentemente \u00e8 necessario rivedere.<br \/>\nCome scrive Cl\u00e9ment nel suo Manifesto nella parte sul rapporto con la cultura al punto 2:<br \/>\n\u201cConferire al Terzo paesaggio il ruolo di matrice di un paesaggio globale in divenire\u201d.<br \/>\nL\u2019idea \u00e8 quella di imparare a guardare questo paesaggio e affrontare quelle strutture mentali e culturali che hanno permesso al nostro meraviglioso paesaggio italiano di essere abbandonato e trascurato in questo modo.<br \/>\nAbbiamo bisogno di tornare a prenderci cura del nostro paesaggio e i fotografi sono testimoni che hanno il compito di rivelare e di farci vedere la dove normalmente non ci piace guardare.<br \/>\nNOTE<br \/>\n1.\tGilles Cl\u00e9ment, Manifesto del Terzo Paesaggio, Quodlibet, 2005, Macerata;<br \/>\n2.\tGiovanni Chiaramonte, Storia della Fotografia, Jaca Book, 1983, Milano;<br \/>\n3. \tGiovanni Chiaramonte, idem;<br \/>\n4.\tJohann Wolfgang Goethe, Viaggio in Italia (1786-1788), a cura di Lorenza Rega, Rizzoli, 1991, Milano.<br \/>\nIl diario del Gran Tour italiano compiuto da Goethe. Da dovere culturale di ogni gentiluomo, il viaggio in Italia diventa per il poeta tedesco un\u2019esperienza fondamentale. Il suo diario si colloca a meta strada tra lo scritto autobiografico, il romanzo di formazione e il saggio di poetica.<br \/>\n5.\tAntonella Russo, Storia culturale della fotografia italiana, Einaudi, 2011, Torino.<br \/>\n6.\tGilles Cl\u00e9ment, Manifesto del Terzo Paesaggio, Quodlibet, 2005, Macerata.<\/p>\n\n    <div class=\"xs_social_share_widget xs_share_url after_content \t\tmain_content  wslu-style-1 wslu-share-box-shaped wslu-fill-colored wslu-none wslu-share-horizontal wslu-theme-font-no wslu-main_content\">\n\n\t\t\n        <ul>\n\t\t\t        <\/ul>\n    <\/div> \n","protected":false},"excerpt":{"rendered":"<p>Ad Augusta, sabato 17 febbraio 2018 alle ore 17:00, presso la Galleria FIAF in via Cristoforo Colombo &#8211; Ronco Rossi &hellip;<\/p>\n","protected":false},"author":1,"featured_media":1837,"comment_status":"closed","ping_status":"closed","sticky":false,"template":"","format":"standard","meta":{"_acf_changed":false,"footnotes":""},"categories":[7,9],"tags":[32,227,253],"class_list":["post-1836","post","type-post","status-publish","format-standard","has-post-thumbnail","hentry","category-gallerie","category-mostre","tag-apf","tag-santo-eduardo-di-miceli","tag-terzo-paesaggio"],"acf":[],"_links":{"self":[{"href":"https:\/\/fiaf.net\/sicilia\/wp-json\/wp\/v2\/posts\/1836","targetHints":{"allow":["GET"]}}],"collection":[{"href":"https:\/\/fiaf.net\/sicilia\/wp-json\/wp\/v2\/posts"}],"about":[{"href":"https:\/\/fiaf.net\/sicilia\/wp-json\/wp\/v2\/types\/post"}],"author":[{"embeddable":true,"href":"https:\/\/fiaf.net\/sicilia\/wp-json\/wp\/v2\/users\/1"}],"replies":[{"embeddable":true,"href":"https:\/\/fiaf.net\/sicilia\/wp-json\/wp\/v2\/comments?post=1836"}],"version-history":[{"count":0,"href":"https:\/\/fiaf.net\/sicilia\/wp-json\/wp\/v2\/posts\/1836\/revisions"}],"wp:featuredmedia":[{"embeddable":true,"href":"https:\/\/fiaf.net\/sicilia\/wp-json\/wp\/v2\/media\/1837"}],"wp:attachment":[{"href":"https:\/\/fiaf.net\/sicilia\/wp-json\/wp\/v2\/media?parent=1836"}],"wp:term":[{"taxonomy":"category","embeddable":true,"href":"https:\/\/fiaf.net\/sicilia\/wp-json\/wp\/v2\/categories?post=1836"},{"taxonomy":"post_tag","embeddable":true,"href":"https:\/\/fiaf.net\/sicilia\/wp-json\/wp\/v2\/tags?post=1836"}],"curies":[{"name":"wp","href":"https:\/\/api.w.org\/{rel}","templated":true}]}}