{"id":1873,"date":"2018-03-06T14:00:22","date_gmt":"2018-03-06T12:00:22","guid":{"rendered":"https:\/\/fiaf.net\/regioni\/sicilia\/?p=1873"},"modified":"2018-03-06T14:00:22","modified_gmt":"2018-03-06T12:00:22","slug":"contemporary-and-interior-landscape-workshop-di-carmelo-bongiorno","status":"publish","type":"post","link":"https:\/\/fiaf.net\/sicilia\/contemporary-and-interior-landscape-workshop-di-carmelo-bongiorno\/","title":{"rendered":"&quot;Contemporary and Interior Landscape&quot; Workshop di Carmelo Bongiorno"},"content":{"rendered":"<p>Fra i molteplici linguaggi dell&#8217;arte contemporanea, quello fotografico, ci consente di esprimere stati d&#8217;animo e punti di vista inaspettati.<br \/>\nA questo proposito Arvis, l\u2019Associazione per le arti visive di Palermo, ospita il workshop di Carmelo Bongiorno, cui \u00e8 possibile iscriversi entro luned\u00ec 12 Marzo.<br \/>\nBongiorno, artista, professionista di fama internazionale e docente di fotografia all&#8217;Accademia di Belle Arti di Palermo e di Catania, con esperienze trentennali di mostre, pubblicazioni e riconoscimenti ( in questi giorni sue foto son in mostra alla Polka Gallery di Parigi insieme a Salgato, Moriyama ed altri grandi fotografi sul tema \u201cterre des iles\u201d), propone il suo &#8220;Contemporary and Interior Landscape&#8221;, in programma da venerd\u00ec pomeriggio 16  marzo a domenica 18 marzo.<br \/>\nSi tratta di un workshop che, partendo dalla visione di alcune foto dei partecipanti, si propone di far riflettere gli stessi sulle infinite possibilit\u00e0 espressive che offre lo strumento fotografico quando questo viene utilizzato attraverso il filtro delle proprie esperienze e delle proprie emozioni per raccontare in modo privato il mondo che ci circonda.<br \/>\nIl workshop si svolger\u00e0 nella sede di Arvis, in via Giovanni Di Giovanni 14  Palermo e in alcune zone periferiche della citt\u00e0 per le riprese  esterne, nei seguenti orari: venerd\u00ec dalle ore 18,30  alle ore 20,30, sabato dalle ore 9,30 alle ore 19,00 (con una pausa dalle ore 13 alle ore 15)) e domenica dalle ore 9,30 alle 13,00.<br \/>\nNel WS \u00e8 compresa una lettura di portfolio nei giorni successivi da concordare con i partecipanti che saranno interessati.<br \/>\nPer tutte le informazioni e le iscrizioni \u00e8 possibile telefonare ai numeri 329.9669508 o 327.3821946 o inviare una mail a arvispalermo@gmail.com<br \/>\nCHI E\u2019 L\u2019AUTORE\u00a0<br \/>\nArtista, professionista e docente di fotografia di fama internazionale con esperienze trentennali di mostre, pubblicazioni, riconoscimenti, commissioni pubbliche, ricerche, volumi&#8230;<br \/>\nhttp:\/\/www.accademiadicatania.com\/docenti\/CarmeloBongiorno<br \/>\nhttp:\/\/www.google.it\/search?hl=it&#038;q=Carmelo+Bongiorno&#038;aq=f&#038;aqi&#038;aql&#038;oq<\/p>\n<div data-url=\"https:\/\/issuu.com\/lazagnemagazine\/docs\/lazagnemagazine_2\/11\" style=\"width: 500px; height: 317px;\" class=\"issuuembed\"><\/div>\n<p><script type=\"text\/javascript\" src=\"\/\/e.issuu.com\/embed.js\" async=\"true\"><\/script><br \/>\n<iframe loading=\"lazy\" title=\"Carmelo Bongiorno 1985-2010\" width=\"500\" height=\"375\" src=\"https:\/\/www.youtube.com\/embed\/mK8Z0epLWR8?feature=oembed\" frameborder=\"0\" allow=\"accelerometer; autoplay; clipboard-write; encrypted-media; gyroscope; picture-in-picture; web-share\" referrerpolicy=\"strict-origin-when-cross-origin\" allowfullscreen><\/iframe><br \/>\nhttp:\/\/www.agnelliniartemoderna.it\/uploads\/pubblicazioni\/CATALOGO_BONGIORNO.pdf<br \/>\nhttp:\/\/sandroiovine.blogspot.it\/2010\/09\/carmelo-\u2010bongiorno-\u2010intime-\u2010visioni.html<br \/>\nhttp:\/\/www.girasicilia.it\/andata-\u2010e-\u2010ritorno-\u2010il-\u2010documentario-\u2010su-\u2010catania-\u2010di-\u2010donatella-\u2010finocchiaro\/<br \/>\n<a href=\"https:\/\/fiaf.net\/sicilia\/wp-content\/uploads\/sites\/20\/2018\/03\/workshop-c-bongiorno-Marzo.jpg\"><img loading=\"lazy\" decoding=\"async\" src=\"https:\/\/fiaf.net\/sicilia\/wp-content\/uploads\/sites\/20\/2018\/03\/workshop-c-bongiorno-Marzo-1024x512.jpg\" alt=\"workshop c bongiorno Marzo\" width=\"1024\" height=\"512\" class=\"alignleft size-large wp-image-1874\" srcset=\"https:\/\/fiaf.net\/sicilia\/wp-content\/uploads\/sites\/20\/2018\/03\/workshop-c-bongiorno-Marzo-1024x512.jpg 1024w, https:\/\/fiaf.net\/sicilia\/wp-content\/uploads\/sites\/20\/2018\/03\/workshop-c-bongiorno-Marzo-300x150.jpg 300w, https:\/\/fiaf.net\/sicilia\/wp-content\/uploads\/sites\/20\/2018\/03\/workshop-c-bongiorno-Marzo-768x384.jpg 768w, https:\/\/fiaf.net\/sicilia\/wp-content\/uploads\/sites\/20\/2018\/03\/workshop-c-bongiorno-Marzo-1536x768.jpg 1536w, https:\/\/fiaf.net\/sicilia\/wp-content\/uploads\/sites\/20\/2018\/03\/workshop-c-bongiorno-Marzo-2048x1024.jpg 2048w\" sizes=\"auto, (max-width: 1024px) 100vw, 1024px\" \/><\/a><\/p>\n\n    <div class=\"xs_social_share_widget xs_share_url after_content \t\tmain_content  wslu-style-1 wslu-share-box-shaped wslu-fill-colored wslu-none wslu-share-horizontal wslu-theme-font-no wslu-main_content\">\n\n\t\t\n        <ul>\n\t\t\t        <\/ul>\n    <\/div> \n","protected":false},"excerpt":{"rendered":"<p>Fra i molteplici linguaggi dell&#8217;arte contemporanea, quello fotografico, ci consente di esprimere stati d&#8217;animo e punti di vista inaspettati. A &hellip;<\/p>\n","protected":false},"author":1,"featured_media":1874,"comment_status":"closed","ping_status":"closed","sticky":false,"template":"","format":"standard","meta":{"_acf_changed":false,"footnotes":""},"categories":[7],"tags":[36,273],"class_list":["post-1873","post","type-post","status-publish","format-standard","has-post-thumbnail","hentry","category-gallerie","tag-arvis","tag-workshop"],"acf":[],"_links":{"self":[{"href":"https:\/\/fiaf.net\/sicilia\/wp-json\/wp\/v2\/posts\/1873","targetHints":{"allow":["GET"]}}],"collection":[{"href":"https:\/\/fiaf.net\/sicilia\/wp-json\/wp\/v2\/posts"}],"about":[{"href":"https:\/\/fiaf.net\/sicilia\/wp-json\/wp\/v2\/types\/post"}],"author":[{"embeddable":true,"href":"https:\/\/fiaf.net\/sicilia\/wp-json\/wp\/v2\/users\/1"}],"replies":[{"embeddable":true,"href":"https:\/\/fiaf.net\/sicilia\/wp-json\/wp\/v2\/comments?post=1873"}],"version-history":[{"count":0,"href":"https:\/\/fiaf.net\/sicilia\/wp-json\/wp\/v2\/posts\/1873\/revisions"}],"wp:featuredmedia":[{"embeddable":true,"href":"https:\/\/fiaf.net\/sicilia\/wp-json\/wp\/v2\/media\/1874"}],"wp:attachment":[{"href":"https:\/\/fiaf.net\/sicilia\/wp-json\/wp\/v2\/media?parent=1873"}],"wp:term":[{"taxonomy":"category","embeddable":true,"href":"https:\/\/fiaf.net\/sicilia\/wp-json\/wp\/v2\/categories?post=1873"},{"taxonomy":"post_tag","embeddable":true,"href":"https:\/\/fiaf.net\/sicilia\/wp-json\/wp\/v2\/tags?post=1873"}],"curies":[{"name":"wp","href":"https:\/\/api.w.org\/{rel}","templated":true}]}}