{"id":2050,"date":"2019-03-16T10:43:44","date_gmt":"2019-03-16T08:43:44","guid":{"rendered":"https:\/\/fiaf.net\/regioni\/sicilia\/?p=2050"},"modified":"2019-03-16T10:43:44","modified_gmt":"2019-03-16T08:43:44","slug":"la-thonet-delle-eumenidi-di-vittorio-graziano","status":"publish","type":"post","link":"https:\/\/fiaf.net\/sicilia\/la-thonet-delle-eumenidi-di-vittorio-graziano\/","title":{"rendered":"LA THONET DELLE EUMENIDI di Vittorio Graziano"},"content":{"rendered":"<p>Presso la Galleria FIAF di Augusta Photo Freelance, sabato 16 marzo 2019 alle ore 18:00, in via Cristoforo Colombo \u2013 Ronco Rossi n. 12 in Augusta, ci sar\u00e0 l\u2019inaugurazione della mostra \u201cLa Thonet delle Eumenidi\u201d di Vittorio Graziano. La mostra sar\u00e0 visitabile nei giorni 17-22-23-24 marzo dalle ore 18:00 alle ore 20:30.<br \/>\nLA THONET DELLE EUMENIDI<br \/>\nVittorio Graziano<br \/>\nUna scelta di donne comuni, non selezionate secondo particolari caratteristiche: una galleria tutta al femminile di musiciste, scrittrici, attrici, studentesse, danzatrici del ventre e anche fotografe. Tutte mostrano un\u2019espressione che le accomuna: guardano direttamente dentro l\u2019obiettivo della macchina che le sta puntando; rivolgono lo sguardo al fotografo che sta passando in rassegna i volti con piglio affilato.<br \/>\nForse per\u00f2 questi sguardi, chiaramente orientati fuori della scena, sono rivolti all\u2019ipotetico spettatore o spettatrice, di quelle foto. O forse queste donne rispediscono al mittente-fotografo lo sguardo per avere una presunta conferma. Oppure, o anche, si offrono al pubblico che le guarder\u00e0, per suscitare un\u2019approvazione o pi\u00f9 semplicemente per stimolare un dialogo. Ci\u00f2 non \u00e8 dato sapere.<br \/>\nVittorio Graziano, le fotografa in bianco e nero, com\u2019\u00e8 d\u2019uso nella pi\u00f9 tradizionale iconografia della ritrattistica. Definisce uno sfondo che si presenta sempre lo stesso: una specie di box naturale, un quadrato scuro (come il formato delle foto e del volume che le contiene), dove si alternano in una scena minimalista, le ragazze e le donne: accanto a una vittoriana sedia Thonet o su essa sedute, con in mano una chitarra, un violino, un libro aperto o una macchina fotografica.<br \/>\nLa composizione appare serena, consueta e rassicurante. Il fotografo concentra la sua attenzione nella postura del corpo femminile, insistendo soprattutto nell\u2019esposizione delle mani. Le mani sembrano voler rappresentare il nucleo generativo di questo studio sulla persona. Sono mani intrecciate, mani che abbracciano una sedia, mani che riposano sul corpo stesso, mani che reggono un libro o che nascondono parzialmente un volto.<br \/>\nQuelli di Vittorio Graziano sono ritratti che intendono raccontare una quotidianit\u00e0, ma una quotidianit\u00e0 rituale e organizzata intorno ai vagheggiamenti dei soggetti raffigurati; una normalit\u00e0 che evidenzia un atteggiamento contemplativo, quasi di attesa. Queste figure sembrano illustrare le aspirazioni, i desideri, la vanit\u00e0 femminile e, in taluni casi, si mostrano come una semplice presenza, una testimonianza in uno studio fotografico.<br \/>\n(Carlo Guarrera)<br \/>\n<a href=\"https:\/\/fiaf.net\/sicilia\/wp-content\/uploads\/sites\/20\/2019\/03\/locandina-Vittorio-Graziano-small.jpg\"><img loading=\"lazy\" decoding=\"async\" src=\"https:\/\/fiaf.net\/sicilia\/wp-content\/uploads\/sites\/20\/2019\/03\/locandina-Vittorio-Graziano-small-716x1024.jpg\" alt=\"locandina Vittorio Graziano-small\" width=\"716\" height=\"1024\" class=\"alignleft size-large wp-image-2051\" \/><\/a><br \/>\n<a href=\"https:\/\/fiaf.net\/sicilia\/wp-content\/uploads\/sites\/20\/2019\/03\/Marta-2012.jpg\"><img loading=\"lazy\" decoding=\"async\" src=\"https:\/\/fiaf.net\/sicilia\/wp-content\/uploads\/sites\/20\/2019\/03\/Marta-2012-1024x1024.jpg\" alt=\"Marta, 2012\" width=\"1024\" height=\"1024\" class=\"alignleft size-large wp-image-2052\" srcset=\"https:\/\/fiaf.net\/sicilia\/wp-content\/uploads\/sites\/20\/2019\/03\/Marta-2012-1024x1024.jpg 1024w, https:\/\/fiaf.net\/sicilia\/wp-content\/uploads\/sites\/20\/2019\/03\/Marta-2012-300x300.jpg 300w, https:\/\/fiaf.net\/sicilia\/wp-content\/uploads\/sites\/20\/2019\/03\/Marta-2012-150x150.jpg 150w, https:\/\/fiaf.net\/sicilia\/wp-content\/uploads\/sites\/20\/2019\/03\/Marta-2012-768x768.jpg 768w, https:\/\/fiaf.net\/sicilia\/wp-content\/uploads\/sites\/20\/2019\/03\/Marta-2012-1536x1536.jpg 1536w, https:\/\/fiaf.net\/sicilia\/wp-content\/uploads\/sites\/20\/2019\/03\/Marta-2012.jpg 1837w\" sizes=\"auto, (max-width: 1024px) 100vw, 1024px\" \/><\/a><br \/>\n<a href=\"https:\/\/fiaf.net\/sicilia\/wp-content\/uploads\/sites\/20\/2019\/03\/Veronica-2012.jpg\"><img loading=\"lazy\" decoding=\"async\" src=\"https:\/\/fiaf.net\/sicilia\/wp-content\/uploads\/sites\/20\/2019\/03\/Veronica-2012-1024x1024.jpg\" alt=\"Veronica, 2012\" width=\"1024\" height=\"1024\" class=\"alignleft size-large wp-image-2053\" srcset=\"https:\/\/fiaf.net\/sicilia\/wp-content\/uploads\/sites\/20\/2019\/03\/Veronica-2012-1024x1024.jpg 1024w, https:\/\/fiaf.net\/sicilia\/wp-content\/uploads\/sites\/20\/2019\/03\/Veronica-2012-300x300.jpg 300w, https:\/\/fiaf.net\/sicilia\/wp-content\/uploads\/sites\/20\/2019\/03\/Veronica-2012-150x150.jpg 150w, https:\/\/fiaf.net\/sicilia\/wp-content\/uploads\/sites\/20\/2019\/03\/Veronica-2012-768x768.jpg 768w, https:\/\/fiaf.net\/sicilia\/wp-content\/uploads\/sites\/20\/2019\/03\/Veronica-2012-1536x1536.jpg 1536w, https:\/\/fiaf.net\/sicilia\/wp-content\/uploads\/sites\/20\/2019\/03\/Veronica-2012-2048x2048.jpg 2048w\" sizes=\"auto, (max-width: 1024px) 100vw, 1024px\" \/><\/a><\/p>\n\n    <div class=\"xs_social_share_widget xs_share_url after_content \t\tmain_content  wslu-style-1 wslu-share-box-shaped wslu-fill-colored wslu-none wslu-share-horizontal wslu-theme-font-no wslu-main_content\">\n\n\t\t\n        <ul>\n\t\t\t        <\/ul>\n    <\/div> \n","protected":false},"excerpt":{"rendered":"<p>Presso la Galleria FIAF di Augusta Photo Freelance, sabato 16 marzo 2019 alle ore 18:00, in via Cristoforo Colombo \u2013 &hellip;<\/p>\n","protected":false},"author":1,"featured_media":2051,"comment_status":"closed","ping_status":"closed","sticky":false,"template":"","format":"standard","meta":{"_acf_changed":false,"footnotes":""},"categories":[7,9],"tags":[48,112,178,269],"class_list":["post-2050","post","type-post","status-publish","format-standard","has-post-thumbnail","hentry","category-gallerie","category-mostre","tag-augusta-photo-freelance","tag-galleria-fiaf","tag-mostra","tag-vittorio-graziano"],"acf":[],"_links":{"self":[{"href":"https:\/\/fiaf.net\/sicilia\/wp-json\/wp\/v2\/posts\/2050","targetHints":{"allow":["GET"]}}],"collection":[{"href":"https:\/\/fiaf.net\/sicilia\/wp-json\/wp\/v2\/posts"}],"about":[{"href":"https:\/\/fiaf.net\/sicilia\/wp-json\/wp\/v2\/types\/post"}],"author":[{"embeddable":true,"href":"https:\/\/fiaf.net\/sicilia\/wp-json\/wp\/v2\/users\/1"}],"replies":[{"embeddable":true,"href":"https:\/\/fiaf.net\/sicilia\/wp-json\/wp\/v2\/comments?post=2050"}],"version-history":[{"count":0,"href":"https:\/\/fiaf.net\/sicilia\/wp-json\/wp\/v2\/posts\/2050\/revisions"}],"wp:featuredmedia":[{"embeddable":true,"href":"https:\/\/fiaf.net\/sicilia\/wp-json\/wp\/v2\/media\/2051"}],"wp:attachment":[{"href":"https:\/\/fiaf.net\/sicilia\/wp-json\/wp\/v2\/media?parent=2050"}],"wp:term":[{"taxonomy":"category","embeddable":true,"href":"https:\/\/fiaf.net\/sicilia\/wp-json\/wp\/v2\/categories?post=2050"},{"taxonomy":"post_tag","embeddable":true,"href":"https:\/\/fiaf.net\/sicilia\/wp-json\/wp\/v2\/tags?post=2050"}],"curies":[{"name":"wp","href":"https:\/\/api.w.org\/{rel}","templated":true}]}}