{"id":2062,"date":"2019-05-08T12:29:14","date_gmt":"2019-05-08T10:29:14","guid":{"rendered":"https:\/\/fiaf.net\/regioni\/sicilia\/?p=2062"},"modified":"2019-05-08T12:29:14","modified_gmt":"2019-05-08T10:29:14","slug":"bangladesh-un-viaggio-indietro-nel-tempo","status":"publish","type":"post","link":"https:\/\/fiaf.net\/sicilia\/bangladesh-un-viaggio-indietro-nel-tempo\/","title":{"rendered":"\u201cBANGLADESH, un viaggio indietro nel tempo\u201d"},"content":{"rendered":"<p>Giorno 18 maggio 2019, alle ore 18 presso la galleria FIAF &#8220;Augusta Photo Freelance&#8221; , Ronco Rossi n. 12 Augusta, avr\u00e0 luogo l&#8217;inaugurazione della mostra di Saro di Bartolo &#8220;Bangladesh, un viaggio indietro nel tempo&#8221;.<br \/>\nLa mostra sar\u00e0 visitabile sino al 26 maggio 2019.<br \/>\nPer molti aspetti, il Bangladesh \u00e8 un paese antico, una nazione che vive in un \u201cmedioevo contemporaneo\u201d. E\u2019 per\u00f2 proprio tale non felice stato del paese e le sue condizioni di vita retrograde ad offrire opportunit\u00e0 fotografiche che non sarebbero<br \/>\naltrimenti possibili. In certi momenti sembra di essere stati condotti nel passato.<br \/>\nIn qualsiasi direzione si guarda, ci\u00f2 che gli occhi narrano accredita la percezione di un viaggio indietro nel tempo.<br \/>\nFacendo un confronto con India, Myanmar e Vietnam, nazioni limitrofi non certo evolute, la vita in Bangladesh \u00e8 visibilmente pi\u00f9 dura. Il paese \u00e8 meno sviluppato e molto pi\u00f9 povero \u2026diffusamente povero. Condizione che per\u00f2 non va a discapito del calore umano e senso dell\u2019ospitalit\u00e0 del suo popolo, percepibili nonostante la barriera linguistica. Si \u00e8 infatti sempre accolti da sorrisi e modi gentili e mai ci si sente non voluti, n\u00e9 si \u00e8 oggetto di alcuna forma di ostilit\u00e0.<br \/>\nVivere il Bangladesh \u00e8 un\u2019esperienza veramente &#8220;forte&#8221; sotto molti punti di vista, pure<br \/>\nper chi sa essere spartano ed \u00e8 in grado di affrontare e superare la mancanza di comfort e le difficolt\u00e0. In altre parole, un viaggio ricchissimo di intense emozioni ed<br \/>\nopportunit\u00e0 fotografiche, ma prevalentemente molto disagevole e pieno di \u201cimprevisti non prevedibili\u201d.<br \/>\nBisogna essere estremamente flessibili e pronti a tutto. Pericolosa pi\u00f9 di quanto si possa immaginare la loro \u201cguida creativa\u201d, incredibili il chiasso e lo smog diffuso.<br \/>\nNotevole \u00e8 la difficolt\u00e0 di adattamento agli alimenti e la mancanza di igiene, con sporcizia pure negli alberghi e ristoranti \u201cbuoni\u201d. Molti i pasti affrontati in bettole<br \/>\ninfelici oltre l\u2019impensabile, o saltati del tutto, come varie le notti trascorse dormendo vestiti in umili stamberghe. E&#8217; dunque da sconsigliare un tour del Bangladesh a chi non ha motivazioni davvero intense, quale pu\u00f2 essere una profonda passione per la<br \/>\nfotografia.<br \/>\nA prevalere prepotentemente su tutto sono le immagini scattate, che diventano l\u2019energia propellente del viaggio. E\u2019 infatti il serale riepilogo mentale dei luoghi, le persone e le situazioni riprese a rendere possibile accettare gli aspetti negativi vissuti.<br \/>\nLe foto realizzate durante la giornata, sono i motori che motivano a ripartire con grinta il mattino successivo.<br \/>\nSARO DI BARTOLO<br \/>\nFin da giovane Saro coltiva lo studio della fotografia e dal 1969 se ne occupa pure<br \/>\nprofessionalmente. Collabora con studi di advertising, editori e tour operator.<br \/>\nAppassionato di storia, arte e costumi dei popoli, ha realizzato reportage in varie<br \/>\nregioni del mondo. Raccolte da cui sono scaturiti splendidi video, oggi su Youtube.<br \/>\nDagli anni \u201980 si occupa di internet e prodotti multimediali, ottenendo prestigiosi<br \/>\nriconoscimenti.<br \/>\nSuoi articoli e immagini sono apparsi su varie pubblicazioni. Tra tali presenze: Airone, Bell&#8217;Italia, Capital, il Resto del Carlino, La Maison\/Lifestyle, la Repubblica, Qui Touring.<br \/>\nE&#8217; autore di oltre 30 mostre, personali e collettIve, tra l&#8217;altro insieme a celebrit\u00e0 internazionali quali Mike Goldwater e Tim Fitzharris.<br \/>\nTra le pi\u00f9 recenti: \u201cBangladesh\u201d, quale autore italiano ospite d\u2019onore al \u201cCircuito OFF<br \/>\nLucca 2018\u201d e presso la Galleria del Comune di Riccione &#8211; Vietnam, un Paese da Scoprire, Torino &#8211; \u201cFuturist Photopaintings&#8221;, Morciano &#8211; \u201cCortona on the Move Festival\u201d &#8211; \u201dFatto Quotidiano Festival, Marina di Pietrasanta, selezionato da Oliviero Toscani \u201c &#8211; \u201dIl Racconto di Rimini\u201d, \u201cTeatro degli Atti\u201d, Rimini &#8211; \u201cSplash &#8211; Water for Life\u201d, &#8220;Emporio 31&#8221;, Milano &#8211; &#8220;Rocce e Granelli&#8221;, Repubblica di San Marino &#8211; &#8220;Il Bello Fa Bene&#8221;, Archiginnasio di Bologna, con collocazione permanente delle foto negli ospedali della citt\u00e0 &#8211; &#8220;Paesaggi Dal Mondo&#8221;, Fiera di Rimini.<br \/>\nTra le realizzazioni editoriali: &#8220;Gi\u00f2 Pomodoro &#8211; Ornamenti 1954-95&#8221;, alla Biennale di Venezia ed al &#8220;Fashion Institute of Technology Museum&#8221; di New York &#8211; \u201cMagiche Trasparenze, Le Vetrate Antiche&#8221; &#8211; la collana &#8220;Guide ai 7 Musei della Provincia di Rimini\u201d &#8211; &#8220;Tesori d\u2019Arte e di Fede&#8221;, Regione Emilia Romagna &#8211; le opere monumentali<br \/>\n&#8220;I Colossei nel Mondo&#8221; e \u201cTheatra\u201d. Tra i riconoscimenti: 1\u00b0 Premio &#8220;International<br \/>\nTravel Photography Grand Prize&#8221; della United Airlines, su 15.000 fotografi da tutto il<br \/>\nmondo &#8211; RAI3 gli dedica uno spazio apposito nel corso del programma \u201cMediterraneo&#8221;<br \/>\n&#8211; tra 3.000 partecipanti vince il concorso Lonely Planet &#8220;Mondo Passione Senza Fine\u201d<br \/>\n&#8211; 1\u00b0 Premio al 12 Festival Internazionale del Film e Cd-Rom Turistico di Varese, cui<br \/>\nGalleria Fiaf c\/o Associazione Fotografica Augusta Photo Freelance Via Cristoforo Colombo, Ronco Rossi 12<br \/>\napf.galleriafiaf@gmail.com &#8211; apfaugusta@gmail.com<br \/>\nCod. FIAF 002344<br \/>\npartecipano 26 paesi &#8211; Premio Speciale per l&#8217;Ambiente del Ministero del Turismo della<br \/>\nTurchia &#8211; &#8220;Posidone, Rassegna Mediterranea di Cultura ed Ambiente&#8221;, Premio Cultura-<br \/>\nFotografia, del WWF &#8211; Vincitore del 44\u00b0 Garofano d\u2018Argento &#8211; prescelto a Los Angeles,<br \/>\ninsieme ai migliori fotografi naturalistici del mondo, per il prestigioso \u201cInner Reflections Calendar\u201d &#8211; primo fotografo straniero, insieme a Giulietta Laconeo, a<br \/>\npubblicare un reportage su \u201cEnthusiast Photographers Magazine\u201d la prima rivista<br \/>\nfotografica internazionale in lingua inglese del Bangladesh.<br \/>\nIl sito www.sarodibartolo.it, attivo dal 1997 e costantemente rinnovato, vanta oltre 2<br \/>\nmilioni di pagine viste. Saro Di Bartolo \u00e8 presente naturalmente su Facebook.<br \/>\n<a href=\"https:\/\/fiaf.net\/sicilia\/wp-content\/uploads\/sites\/20\/2019\/05\/SARO-DSC08680a-saro_di_bartolo-1.jpg\"><img loading=\"lazy\" decoding=\"async\" src=\"https:\/\/fiaf.net\/sicilia\/wp-content\/uploads\/sites\/20\/2019\/05\/SARO-DSC08680a-saro_di_bartolo-1-1024x724.jpg\" alt=\"SARO DSC08680a saro_di_bartolo (1)\" width=\"1024\" height=\"724\" class=\"alignleft size-large wp-image-2064\" srcset=\"https:\/\/fiaf.net\/sicilia\/wp-content\/uploads\/sites\/20\/2019\/05\/SARO-DSC08680a-saro_di_bartolo-1-1024x724.jpg 1024w, https:\/\/fiaf.net\/sicilia\/wp-content\/uploads\/sites\/20\/2019\/05\/SARO-DSC08680a-saro_di_bartolo-1-300x212.jpg 300w, https:\/\/fiaf.net\/sicilia\/wp-content\/uploads\/sites\/20\/2019\/05\/SARO-DSC08680a-saro_di_bartolo-1-768x543.jpg 768w, https:\/\/fiaf.net\/sicilia\/wp-content\/uploads\/sites\/20\/2019\/05\/SARO-DSC08680a-saro_di_bartolo-1-1536x1086.jpg 1536w, https:\/\/fiaf.net\/sicilia\/wp-content\/uploads\/sites\/20\/2019\/05\/SARO-DSC08680a-saro_di_bartolo-1-2048x1448.jpg 2048w\" sizes=\"auto, (max-width: 1024px) 100vw, 1024px\" \/><\/a><br \/>\n<a href=\"https:\/\/fiaf.net\/sicilia\/wp-content\/uploads\/sites\/20\/2019\/05\/invito-Saro-Di-Bartolo.jpg\"><img loading=\"lazy\" decoding=\"async\" src=\"https:\/\/fiaf.net\/sicilia\/wp-content\/uploads\/sites\/20\/2019\/05\/invito-Saro-Di-Bartolo-1024x460.jpg\" alt=\"invito Saro Di Bartolo\" width=\"1024\" height=\"460\" class=\"alignleft size-large wp-image-2065\" srcset=\"https:\/\/fiaf.net\/sicilia\/wp-content\/uploads\/sites\/20\/2019\/05\/invito-Saro-Di-Bartolo-1024x460.jpg 1024w, https:\/\/fiaf.net\/sicilia\/wp-content\/uploads\/sites\/20\/2019\/05\/invito-Saro-Di-Bartolo-300x135.jpg 300w, https:\/\/fiaf.net\/sicilia\/wp-content\/uploads\/sites\/20\/2019\/05\/invito-Saro-Di-Bartolo-768x345.jpg 768w, https:\/\/fiaf.net\/sicilia\/wp-content\/uploads\/sites\/20\/2019\/05\/invito-Saro-Di-Bartolo-1536x691.jpg 1536w, https:\/\/fiaf.net\/sicilia\/wp-content\/uploads\/sites\/20\/2019\/05\/invito-Saro-Di-Bartolo-2048x921.jpg 2048w\" sizes=\"auto, (max-width: 1024px) 100vw, 1024px\" \/><\/a><\/p>\n\n    <div class=\"xs_social_share_widget xs_share_url after_content \t\tmain_content  wslu-style-1 wslu-share-box-shaped wslu-fill-colored wslu-none wslu-share-horizontal wslu-theme-font-no wslu-main_content\">\n\n\t\t\n        <ul>\n\t\t\t        <\/ul>\n    <\/div> \n","protected":false},"excerpt":{"rendered":"<p>Giorno 18 maggio 2019, alle ore 18 presso la galleria FIAF &#8220;Augusta Photo Freelance&#8221; , Ronco Rossi n. 12 Augusta, &hellip;<\/p>\n","protected":false},"author":1,"featured_media":2063,"comment_status":"closed","ping_status":"closed","sticky":false,"template":"","format":"standard","meta":{"_acf_changed":false,"footnotes":""},"categories":[2,7,9],"tags":[48,230],"class_list":["post-2062","post","type-post","status-publish","format-standard","has-post-thumbnail","hentry","category-attivita-circoli","category-gallerie","category-mostre","tag-augusta-photo-freelance","tag-saro-di-bartolo"],"acf":[],"_links":{"self":[{"href":"https:\/\/fiaf.net\/sicilia\/wp-json\/wp\/v2\/posts\/2062","targetHints":{"allow":["GET"]}}],"collection":[{"href":"https:\/\/fiaf.net\/sicilia\/wp-json\/wp\/v2\/posts"}],"about":[{"href":"https:\/\/fiaf.net\/sicilia\/wp-json\/wp\/v2\/types\/post"}],"author":[{"embeddable":true,"href":"https:\/\/fiaf.net\/sicilia\/wp-json\/wp\/v2\/users\/1"}],"replies":[{"embeddable":true,"href":"https:\/\/fiaf.net\/sicilia\/wp-json\/wp\/v2\/comments?post=2062"}],"version-history":[{"count":0,"href":"https:\/\/fiaf.net\/sicilia\/wp-json\/wp\/v2\/posts\/2062\/revisions"}],"wp:featuredmedia":[{"embeddable":true,"href":"https:\/\/fiaf.net\/sicilia\/wp-json\/wp\/v2\/media\/2063"}],"wp:attachment":[{"href":"https:\/\/fiaf.net\/sicilia\/wp-json\/wp\/v2\/media?parent=2062"}],"wp:term":[{"taxonomy":"category","embeddable":true,"href":"https:\/\/fiaf.net\/sicilia\/wp-json\/wp\/v2\/categories?post=2062"},{"taxonomy":"post_tag","embeddable":true,"href":"https:\/\/fiaf.net\/sicilia\/wp-json\/wp\/v2\/tags?post=2062"}],"curies":[{"name":"wp","href":"https:\/\/api.w.org\/{rel}","templated":true}]}}