{"id":2075,"date":"2019-05-23T22:23:33","date_gmt":"2019-05-23T20:23:33","guid":{"rendered":"https:\/\/fiaf.net\/regioni\/sicilia\/?p=2075"},"modified":"2019-05-23T22:23:33","modified_gmt":"2019-05-23T20:23:33","slug":"nuova-genesi-sierra-leone-palermo","status":"publish","type":"post","link":"https:\/\/fiaf.net\/sicilia\/nuova-genesi-sierra-leone-palermo\/","title":{"rendered":"Nuova Genesi Sierra Leone &gt; Palermo"},"content":{"rendered":"<p><a href=\"https:\/\/fiaf.net\/sicilia\/wp-content\/uploads\/sites\/20\/2019\/05\/20190511-0616-Palermo-Nuova-Genesi-Sierra-Leone-Sebastiano-Cosimo-Auteri-tutti-i-diritti-riservati.jpg\"><img loading=\"lazy\" decoding=\"async\" src=\"https:\/\/fiaf.net\/sicilia\/wp-content\/uploads\/sites\/20\/2019\/05\/20190511-0616-Palermo-Nuova-Genesi-Sierra-Leone-Sebastiano-Cosimo-Auteri-tutti-i-diritti-riservati.jpg\" alt=\"20190511 0616 Palermo Nuova Genesi Sierra Leone Sebastiano Cosimo Auteri tutti i diritti riservati\" width=\"1024\" height=\"757\" class=\"alignnone size-full wp-image-2076\" srcset=\"https:\/\/fiaf.net\/sicilia\/wp-content\/uploads\/sites\/20\/2019\/05\/20190511-0616-Palermo-Nuova-Genesi-Sierra-Leone-Sebastiano-Cosimo-Auteri-tutti-i-diritti-riservati.jpg 1024w, https:\/\/fiaf.net\/sicilia\/wp-content\/uploads\/sites\/20\/2019\/05\/20190511-0616-Palermo-Nuova-Genesi-Sierra-Leone-Sebastiano-Cosimo-Auteri-tutti-i-diritti-riservati-300x222.jpg 300w, https:\/\/fiaf.net\/sicilia\/wp-content\/uploads\/sites\/20\/2019\/05\/20190511-0616-Palermo-Nuova-Genesi-Sierra-Leone-Sebastiano-Cosimo-Auteri-tutti-i-diritti-riservati-768x568.jpg 768w\" sizes=\"auto, (max-width: 1024px) 100vw, 1024px\" \/><\/a><br \/>\n<strong>NUOVA GENESI  SIERRA LEONE<\/strong> \u2013 Palazzo Sant\u2019Elia di Palermo<br \/>\ndall\u201911 maggio al 16 giugno 2019<br \/>\nMostra fotografica  di Sebastiano Cosimo Auteri, socio del G. Le Gru di Valverde (CT)<\/p>\n<blockquote><p><em>Introduzione critica a cura di Giacomo Fanale<\/em><br \/>\nUn impegno agevole l\u2019introduzione critica alla mostra fotografica \u201cNuova Genesi Sierra Leone\u201d di Sebastiano Cosimo Auteri, per ci\u00f2 che rappresenta, per il susseguirsi di immagini che coinvolgono, affascinano, in  un incedere a sentimenti, e ad emozioni gi\u00e0 al primo sguardo. \u2026<br \/>\nUn mondo incredibilmente affascinante, un Africa dei grandi reportage di un tempo, quella in mostra, di cui non eravamo pi\u00f9 avvezzi. Immagini cosi dissimili dai pi\u00f9 frequenti reportage di denunce,  che ritraggono una realt\u00e0 per nulla esaltante. Di un terzo mondo emarginato, risultato di uno sviluppo mai del tutto avviato e gi\u00e0 degenerato, e di secoli di colonialismo e sfruttamento e di degrado ambientale, di imbarazzanti  immagini di atrocit\u00e0 perpetuate di ogni tipo, di guerre civili, di lotte tribali, di epidemie, di povert\u00e0, di migrazioni, ma anche di safari, e  di caccia indiscriminata.<br \/>\nImmagini ricorrenti di un intero continente, che preme ai confini della nostra \u201ccivilt\u00e0 opulenta\u201d e che fa paura\u2026. Auteri sembra voler attingere, anche se in modo inconscio, alle valenze di un nuovo \u201cfuturismo\u201d questa volta \u201dafricano\u201d espresso attraverso tecniche fotografiche che valorizzano il senso del vigore umano, la corsa continua della sua gente, dove protagonista non \u00e8 lo strumento meccanico, la macchina, segno convenzionale di progresso, ma  l\u2019 accorrere di un popolo verso prospettive nuove\u2026. Sono queste le considerazione che alfine emergono di un paese e del suo  rigenerarsi, e che Auteri ha egregiamente con amore e sentimento voluto rappresentarci, e che  lasciano una traccia  nel profondo dell\u2019anima, un insieme di scatti fotografici che  difficilmente lasceranno  i visitatori indifferenti.\n<\/p><\/blockquote>\n\n    <div class=\"xs_social_share_widget xs_share_url after_content \t\tmain_content  wslu-style-1 wslu-share-box-shaped wslu-fill-colored wslu-none wslu-share-horizontal wslu-theme-font-no wslu-main_content\">\n\n\t\t\n        <ul>\n\t\t\t        <\/ul>\n    <\/div> \n","protected":false},"excerpt":{"rendered":"<p>NUOVA GENESI SIERRA LEONE \u2013 Palazzo Sant\u2019Elia di Palermo dall\u201911 maggio al 16 giugno 2019 Mostra fotografica di Sebastiano Cosimo &hellip;<\/p>\n","protected":false},"author":1,"featured_media":2076,"comment_status":"closed","ping_status":"closed","sticky":false,"template":"","format":"standard","meta":{"_acf_changed":false,"footnotes":""},"categories":[9],"tags":[],"class_list":["post-2075","post","type-post","status-publish","format-standard","has-post-thumbnail","hentry","category-mostre"],"acf":[],"_links":{"self":[{"href":"https:\/\/fiaf.net\/sicilia\/wp-json\/wp\/v2\/posts\/2075","targetHints":{"allow":["GET"]}}],"collection":[{"href":"https:\/\/fiaf.net\/sicilia\/wp-json\/wp\/v2\/posts"}],"about":[{"href":"https:\/\/fiaf.net\/sicilia\/wp-json\/wp\/v2\/types\/post"}],"author":[{"embeddable":true,"href":"https:\/\/fiaf.net\/sicilia\/wp-json\/wp\/v2\/users\/1"}],"replies":[{"embeddable":true,"href":"https:\/\/fiaf.net\/sicilia\/wp-json\/wp\/v2\/comments?post=2075"}],"version-history":[{"count":0,"href":"https:\/\/fiaf.net\/sicilia\/wp-json\/wp\/v2\/posts\/2075\/revisions"}],"wp:featuredmedia":[{"embeddable":true,"href":"https:\/\/fiaf.net\/sicilia\/wp-json\/wp\/v2\/media\/2076"}],"wp:attachment":[{"href":"https:\/\/fiaf.net\/sicilia\/wp-json\/wp\/v2\/media?parent=2075"}],"wp:term":[{"taxonomy":"category","embeddable":true,"href":"https:\/\/fiaf.net\/sicilia\/wp-json\/wp\/v2\/categories?post=2075"},{"taxonomy":"post_tag","embeddable":true,"href":"https:\/\/fiaf.net\/sicilia\/wp-json\/wp\/v2\/tags?post=2075"}],"curies":[{"name":"wp","href":"https:\/\/api.w.org\/{rel}","templated":true}]}}