{"id":2081,"date":"2019-05-23T22:53:50","date_gmt":"2019-05-23T20:53:50","guid":{"rendered":"https:\/\/fiaf.net\/regioni\/sicilia\/?p=2081"},"modified":"2019-05-23T22:53:50","modified_gmt":"2019-05-23T20:53:50","slug":"etna-photo-meeting-2019","status":"publish","type":"post","link":"https:\/\/fiaf.net\/sicilia\/etna-photo-meeting-2019\/","title":{"rendered":"ETNA Photo Meeting 2019"},"content":{"rendered":"<p><a href=\"https:\/\/fiaf.net\/sicilia\/wp-content\/uploads\/sites\/20\/2019\/05\/20190607-0616-Aci-Bonaccorsi-Etna-Photo-Meeting-2019.jpg\"><img loading=\"lazy\" decoding=\"async\" src=\"https:\/\/fiaf.net\/sicilia\/wp-content\/uploads\/sites\/20\/2019\/05\/20190607-0616-Aci-Bonaccorsi-Etna-Photo-Meeting-2019.jpg\" alt=\"20190607 0616 Aci Bonaccorsi Etna Photo Meeting 2019\" width=\"1425\" height=\"2015\" class=\"alignnone size-full wp-image-2082\" srcset=\"https:\/\/fiaf.net\/sicilia\/wp-content\/uploads\/sites\/20\/2019\/05\/20190607-0616-Aci-Bonaccorsi-Etna-Photo-Meeting-2019.jpg 1425w, https:\/\/fiaf.net\/sicilia\/wp-content\/uploads\/sites\/20\/2019\/05\/20190607-0616-Aci-Bonaccorsi-Etna-Photo-Meeting-2019-212x300.jpg 212w, https:\/\/fiaf.net\/sicilia\/wp-content\/uploads\/sites\/20\/2019\/05\/20190607-0616-Aci-Bonaccorsi-Etna-Photo-Meeting-2019-724x1024.jpg 724w, https:\/\/fiaf.net\/sicilia\/wp-content\/uploads\/sites\/20\/2019\/05\/20190607-0616-Aci-Bonaccorsi-Etna-Photo-Meeting-2019-768x1086.jpg 768w, https:\/\/fiaf.net\/sicilia\/wp-content\/uploads\/sites\/20\/2019\/05\/20190607-0616-Aci-Bonaccorsi-Etna-Photo-Meeting-2019-1086x1536.jpg 1086w\" sizes=\"auto, (max-width: 1425px) 100vw, 1425px\" \/><\/a><br \/>\nComunicato stampa<br \/>\n<strong>Etna Photo Meeting 2019<\/strong><br \/>\nDal 7 al 16 giugno 2019 torna l\u2019Etna Photo Meeting, un importante festival di fotografia giunto alla 25esima edizione e che per il terzo anno consecutivo si terr\u00e0 presso il prestigioso Palazzo Recupero Cutore di Aci Bonaccorsi, in provincia di Catania. La manifestazione \u00e8 organizzata dal Gruppo Fotografico Le Gru di Valverde e nell\u2019arco di 10 giorni ci sar\u00e0 la possibilit\u00e0 di visitare mostre fotografiche, partecipare a workshop, letture portfolio e anche a un\u2019estemporanea fotografica.<br \/>\nL\u2019ospite d\u2019onore dell\u2019evento sar\u00e0 la fotografa siciliana Shobha che ricever\u00e0 il Premio Le Gru 2019. Shobha \u00e8 la talentuosa figlia di Letizia Battaglia che vive tra Palermo e l\u2019India, si occupa di temi sociali ed internazionali e questo l\u2019ha portata a viaggiare per il mondo sin dalla giovane et\u00e0.  Ha pubblicato vari libri e i suoi reportage sono apparsi sulle pi\u00f9 importanti testate italiane e straniere, tra le quali Stern, Zeit Magazine, Cosmopolitan, New York Times, Sunday Times, Glamour, Der Spiegel, Panorama e L\u2019Espresso.<br \/>\nShobha \u00e8 stata due volte vincitrice del World Press Photo, nel 1998 con un reportage sui nobili siciliani (Gli ultimi Gattopardi) e nel 2002 con un lavoro sulla Moda in Senegal (Gli Angeli Della Medina). Shobha si divide tra l\u2019India e l\u2019Italia e porta avanti il progetto Mother India School, tra fotografia e volontariato, dal 1992 \u00e8 membro dell\u2019Agenzia Contrasto.<br \/>\nLa consegna del Premio Le Gru 2019 a Shobha sar\u00e0 venerd\u00ec 7 giugno, mentre il 14 giugno ci sar\u00e0 la consegna del Premio Le Gru alla cultura fotografica a Silvano Bicocchi, il direttore del Dipartimento Cultura della Fiaf.<br \/>\nSono previsti due workshop a cura dei nostri ospiti: 8 e 9 giugno ci sar\u00e0 un workshop di Shobha, mentre il 15 giugno ci sar\u00e0 quello tenuto da Silvano Bicocchi.<br \/>\nPer ulteriori informazioni potete consultare il sito <a href=\"http:\/\/www.fotoclublegru.it\" target=\"_blank\" rel=\"noopener\">www.fotoclublegru.it<\/a><\/p>\n\n    <div class=\"xs_social_share_widget xs_share_url after_content \t\tmain_content  wslu-style-1 wslu-share-box-shaped wslu-fill-colored wslu-none wslu-share-horizontal wslu-theme-font-no wslu-main_content\">\n\n\t\t\n        <ul>\n\t\t\t        <\/ul>\n    <\/div> \n","protected":false},"excerpt":{"rendered":"<p>Comunicato stampa Etna Photo Meeting 2019 Dal 7 al 16 giugno 2019 torna l\u2019Etna Photo Meeting, un importante festival di &hellip;<\/p>\n","protected":false},"author":1,"featured_media":2082,"comment_status":"closed","ping_status":"closed","sticky":false,"template":"","format":"standard","meta":{"_acf_changed":false,"footnotes":""},"categories":[8],"tags":[],"class_list":["post-2081","post","type-post","status-publish","format-standard","has-post-thumbnail","hentry","category-manifestazioni"],"acf":[],"_links":{"self":[{"href":"https:\/\/fiaf.net\/sicilia\/wp-json\/wp\/v2\/posts\/2081","targetHints":{"allow":["GET"]}}],"collection":[{"href":"https:\/\/fiaf.net\/sicilia\/wp-json\/wp\/v2\/posts"}],"about":[{"href":"https:\/\/fiaf.net\/sicilia\/wp-json\/wp\/v2\/types\/post"}],"author":[{"embeddable":true,"href":"https:\/\/fiaf.net\/sicilia\/wp-json\/wp\/v2\/users\/1"}],"replies":[{"embeddable":true,"href":"https:\/\/fiaf.net\/sicilia\/wp-json\/wp\/v2\/comments?post=2081"}],"version-history":[{"count":0,"href":"https:\/\/fiaf.net\/sicilia\/wp-json\/wp\/v2\/posts\/2081\/revisions"}],"wp:featuredmedia":[{"embeddable":true,"href":"https:\/\/fiaf.net\/sicilia\/wp-json\/wp\/v2\/media\/2082"}],"wp:attachment":[{"href":"https:\/\/fiaf.net\/sicilia\/wp-json\/wp\/v2\/media?parent=2081"}],"wp:term":[{"taxonomy":"category","embeddable":true,"href":"https:\/\/fiaf.net\/sicilia\/wp-json\/wp\/v2\/categories?post=2081"},{"taxonomy":"post_tag","embeddable":true,"href":"https:\/\/fiaf.net\/sicilia\/wp-json\/wp\/v2\/tags?post=2081"}],"curies":[{"name":"wp","href":"https:\/\/api.w.org\/{rel}","templated":true}]}}