{"id":2085,"date":"2019-06-19T13:53:17","date_gmt":"2019-06-19T11:53:17","guid":{"rendered":"https:\/\/fiaf.net\/regioni\/sicilia\/?p=2085"},"modified":"2019-06-19T13:53:17","modified_gmt":"2019-06-19T11:53:17","slug":"etna-punti-di-vista-di-stefano-pannucci","status":"publish","type":"post","link":"https:\/\/fiaf.net\/sicilia\/etna-punti-di-vista-di-stefano-pannucci\/","title":{"rendered":"&quot;Etna: punti di vista&quot; di Stefano Pannucci"},"content":{"rendered":"<p>Dal 19 giugno 2019 alle ore 16:30 Presso il Centro \u201cExpo Due Palmenti\u201d, Piazza del Popolo, Pedara avr\u00e0 lugo l&#8217;inaugurazione della Mostra Fotografica \u201cEtna: Punti di Vista\u201d, alla presenza del Soprintendente per i Beni Culturali e Ambientali di Catania<br \/>\n e del Sindaco di Pedara.<br \/>\nLa mostra \u00e8 inserita nella rassegna degli eventi commemorativi il 350\u00b0 anno dall\u2019Eruzione dell\u2019Etna del 1669 all\u2019interno di una location d\u2019eccezione: uno spazio museale, dedicato alla valorizzazione del contesto storico-architettonico dei due palmenti storici della citt\u00e0 di Pedara, attrezzato per l\u2019occasione con un impianto di luci atto a valorizzare le opere fotografiche ed una serie di schermi UHD a proiettare contributi video mozzafiato unici del Vulcano Etna.<br \/>\nLa mostra sar\u00e0 fruibile per il periodo estivo dalle 9.00 alle 13.00 e dalle 16.00 alle 20.00<br \/>\n<a href=\"https:\/\/fiaf.net\/sicilia\/wp-content\/uploads\/sites\/20\/2019\/06\/IMG_1869.jpg\"><img loading=\"lazy\" decoding=\"async\" src=\"https:\/\/fiaf.net\/sicilia\/wp-content\/uploads\/sites\/20\/2019\/06\/IMG_1869-1024x768.jpg\" alt=\"IMG_1869\" width=\"1024\" height=\"768\" class=\"alignleft size-large wp-image-2086\" srcset=\"https:\/\/fiaf.net\/sicilia\/wp-content\/uploads\/sites\/20\/2019\/06\/IMG_1869-1024x768.jpg 1024w, https:\/\/fiaf.net\/sicilia\/wp-content\/uploads\/sites\/20\/2019\/06\/IMG_1869-300x225.jpg 300w, https:\/\/fiaf.net\/sicilia\/wp-content\/uploads\/sites\/20\/2019\/06\/IMG_1869-768x576.jpg 768w, https:\/\/fiaf.net\/sicilia\/wp-content\/uploads\/sites\/20\/2019\/06\/IMG_1869-1536x1152.jpg 1536w, https:\/\/fiaf.net\/sicilia\/wp-content\/uploads\/sites\/20\/2019\/06\/IMG_1869-2048x1536.jpg 2048w\" sizes=\"auto, (max-width: 1024px) 100vw, 1024px\" \/><\/a><br \/>\n<a href=\"https:\/\/fiaf.net\/sicilia\/wp-content\/uploads\/sites\/20\/2019\/06\/IMG_1880.jpg\"><img loading=\"lazy\" decoding=\"async\" src=\"https:\/\/fiaf.net\/sicilia\/wp-content\/uploads\/sites\/20\/2019\/06\/IMG_1880-1024x693.jpg\" alt=\"IMG_1880\" width=\"1024\" height=\"693\" class=\"alignleft size-large wp-image-2087\" srcset=\"https:\/\/fiaf.net\/sicilia\/wp-content\/uploads\/sites\/20\/2019\/06\/IMG_1880-1024x693.jpg 1024w, https:\/\/fiaf.net\/sicilia\/wp-content\/uploads\/sites\/20\/2019\/06\/IMG_1880-300x203.jpg 300w, https:\/\/fiaf.net\/sicilia\/wp-content\/uploads\/sites\/20\/2019\/06\/IMG_1880-768x520.jpg 768w, https:\/\/fiaf.net\/sicilia\/wp-content\/uploads\/sites\/20\/2019\/06\/IMG_1880-1536x1040.jpg 1536w, https:\/\/fiaf.net\/sicilia\/wp-content\/uploads\/sites\/20\/2019\/06\/IMG_1880-2048x1386.jpg 2048w, https:\/\/fiaf.net\/sicilia\/wp-content\/uploads\/sites\/20\/2019\/06\/IMG_1880-220x150.jpg 220w\" sizes=\"auto, (max-width: 1024px) 100vw, 1024px\" \/><\/a><br \/>\n<a href=\"https:\/\/fiaf.net\/sicilia\/wp-content\/uploads\/sites\/20\/2019\/06\/IMG_1891.jpg\"><img loading=\"lazy\" decoding=\"async\" src=\"https:\/\/fiaf.net\/sicilia\/wp-content\/uploads\/sites\/20\/2019\/06\/IMG_1891-1024x797.jpg\" alt=\"IMG_1891\" width=\"1024\" height=\"797\" class=\"alignleft size-large wp-image-2088\" \/><\/a><br \/>\nStefano Pannucci<br \/>\nGeologo e Vulcanologo, si occupa di Tematiche di Protezione dell\u2019Ambiente presso la Regione Sicilia.<br \/>\n\u2028<br \/>\nAppassionato da sempre di Fotografia, ha attraversato il passaggio dall\u2019analogico al digitale.<br \/>\nSocio FIAF -Federazione Italiana Associazioni Fotografiche- ed ACAF &#8211; Associazione Catanese Amatori Fotografia-.<br \/>\nConvinto che c\u2019\u00e8 sempre da imparare, \u00e8 attratto da ogni innovazione tecnologica, che sfrutta per rappresentare in ogni scatto la Maestosit\u00e0 e l\u2019Energia della Natura: la Fotografia come rappresentazione del paesaggio interiore, geografico e geologico senza alcuna manipolazione.<br \/>\nLa mostra fotografica \u00e8 dedicato all&#8217;Etna ed al suo territorio, ed ha per titolo &#8220;Etna: Punti di Vista\u201d: presenta un complesso progetto multimediale iniziato nel settembre 201 4.<br \/>\nL\u2019obiettivo \u00e8 la scoperta e la divulgazione di tutti i coni vulcanici minori che a centinaia sono distribuiti sui fianchi del vulcano attivo pi\u00f9 alto d\u2019Europa e ne disegnano l\u2019iconico profilo.<br \/>\nMolte  foto tra quelle qui esposte sono state raccolte e pubblicate in un libro che compendia immagini, vulcanologia e narrativa, dal titolo &#8220;Il cuore dell&#8217;Etna &#8220;, gi\u00e0 alla sua terza ristampa! Alcune foto hanno ricevuto prestigiosi riconoscimenti in Italia ed all\u2019estero.<\/p>\n\n    <div class=\"xs_social_share_widget xs_share_url after_content \t\tmain_content  wslu-style-1 wslu-share-box-shaped wslu-fill-colored wslu-none wslu-share-horizontal wslu-theme-font-no wslu-main_content\">\n\n\t\t\n        <ul>\n\t\t\t        <\/ul>\n    <\/div> \n","protected":false},"excerpt":{"rendered":"<p>Dal 19 giugno 2019 alle ore 16:30 Presso il Centro \u201cExpo Due Palmenti\u201d, Piazza del Popolo, Pedara avr\u00e0 lugo l&#8217;inaugurazione &hellip;<\/p>\n","protected":false},"author":1,"featured_media":2088,"comment_status":"closed","ping_status":"closed","sticky":false,"template":"","format":"standard","meta":{"_acf_changed":false,"footnotes":""},"categories":[9],"tags":[89,178,249],"class_list":["post-2085","post","type-post","status-publish","format-standard","has-post-thumbnail","hentry","category-mostre","tag-etna","tag-mostra","tag-stefano-pannucci"],"acf":[],"_links":{"self":[{"href":"https:\/\/fiaf.net\/sicilia\/wp-json\/wp\/v2\/posts\/2085","targetHints":{"allow":["GET"]}}],"collection":[{"href":"https:\/\/fiaf.net\/sicilia\/wp-json\/wp\/v2\/posts"}],"about":[{"href":"https:\/\/fiaf.net\/sicilia\/wp-json\/wp\/v2\/types\/post"}],"author":[{"embeddable":true,"href":"https:\/\/fiaf.net\/sicilia\/wp-json\/wp\/v2\/users\/1"}],"replies":[{"embeddable":true,"href":"https:\/\/fiaf.net\/sicilia\/wp-json\/wp\/v2\/comments?post=2085"}],"version-history":[{"count":0,"href":"https:\/\/fiaf.net\/sicilia\/wp-json\/wp\/v2\/posts\/2085\/revisions"}],"wp:featuredmedia":[{"embeddable":true,"href":"https:\/\/fiaf.net\/sicilia\/wp-json\/wp\/v2\/media\/2088"}],"wp:attachment":[{"href":"https:\/\/fiaf.net\/sicilia\/wp-json\/wp\/v2\/media?parent=2085"}],"wp:term":[{"taxonomy":"category","embeddable":true,"href":"https:\/\/fiaf.net\/sicilia\/wp-json\/wp\/v2\/categories?post=2085"},{"taxonomy":"post_tag","embeddable":true,"href":"https:\/\/fiaf.net\/sicilia\/wp-json\/wp\/v2\/tags?post=2085"}],"curies":[{"name":"wp","href":"https:\/\/api.w.org\/{rel}","templated":true}]}}