{"id":2187,"date":"2020-10-06T13:24:17","date_gmt":"2020-10-06T11:24:17","guid":{"rendered":"https:\/\/fiaf.net\/regioni\/sicilia\/?p=2187"},"modified":"2020-10-06T13:24:17","modified_gmt":"2020-10-06T11:24:17","slug":"armonie-di-luci-e-ombre-di-peppe-tambe","status":"publish","type":"post","link":"https:\/\/fiaf.net\/sicilia\/armonie-di-luci-e-ombre-di-peppe-tambe\/","title":{"rendered":"&quot;Armonie di luci e ombre&quot; di Peppe Tamb\u00e9"},"content":{"rendered":"<p>Giorno 18 ottobre 2020 alle ore 18:00, presso &#8220;Tr\u00e8 d&#8217;arte&#8221; in via Sampolo 100 Palermo, avr\u00e0 luogo l&#8217;inaugurazione della mostra personale di Peppe Tamb\u00e9, Armonie di Luci e Ombre.<br \/>\n&nbsp;<\/p>\n<p lang=\"it-IT\" align=\"LEFT\"><span style=\"color: #000000\"><span style=\"font-family: 'Helvetica Neue', serif\"><span style=\"font-size: small\"><span style=\"font-family: 'Arial Black', serif\"><span style=\"font-size: large\">Ci\u00f2 che della fotografia mi ha sempre attratto, motivando sempre pi\u00f9 la mia curiosit\u00e0 e passione,\u00a0<\/span><\/span><\/span><\/span><\/span><span style=\"color: #000000\"><span style=\"font-family: 'Helvetica Neue', serif\"><span style=\"font-size: small\"><span style=\"font-family: 'Arial Black', serif\"><span style=\"font-size: large\">\u00e8 la luce e le sue mille sfaccettature.<\/span><\/span><\/span><\/span><\/span><\/p>\n<p lang=\"it-IT\" align=\"LEFT\"><span style=\"color: #000000\"><span style=\"font-family: 'Helvetica Neue', serif\"><span style=\"font-size: small\"><span style=\"font-family: 'Arial Black', serif\"><span style=\"font-size: large\">La luce, da sempre elemento di contrasto all&#8217;ombra\u00a0<\/span><\/span><\/span><\/span><\/span><span style=\"color: #000000\"><span style=\"font-family: 'Helvetica Neue', serif\"><span style=\"font-size: small\"><span style=\"font-family: 'Arial Black', serif\"><span style=\"font-size: large\">per dare un volto alla materia, per dare forma e valore alla realt\u00e0.<\/span><\/span><\/span><\/span><\/span><\/p>\n<p lang=\"it-IT\" align=\"LEFT\"><span style=\"color: #000000\">\u201c<span style=\"font-family: 'Helvetica Neue', serif\"><span style=\"font-size: small\"><span style=\"font-family: 'Arial Black', serif\"><span style=\"font-size: large\">Armonie di Luci e Ombre\u201d \u00e8 una narrativa artistica\u00a0<\/span><\/span><\/span><\/span><\/span><span style=\"color: #000000\"><span style=\"font-family: 'Helvetica Neue', serif\"><span style=\"font-size: small\"><span style=\"font-family: 'Arial Black', serif\"><span style=\"font-size: large\">fatta di elementi in equilibrio tra loro: i volti, le pose,\u00a0<\/span><\/span><\/span><\/span><\/span><span style=\"color: #000000\"><span style=\"font-family: 'Helvetica Neue', serif\"><span style=\"font-size: small\"><span style=\"font-family: 'Arial Black', serif\"><span style=\"font-size: large\">gli sguardi, l\u2019eleganza, sono esaltati da giochi di chiari e scuri, donando una visione non solo estetica ma anche interiore dell\u2019anima femminile.<\/span><\/span><\/span><\/span><\/span><\/p>\n<p lang=\"it-IT\" align=\"LEFT\">\n<p lang=\"it-IT\" align=\"LEFT\">\n<p lang=\"pt-PT\" align=\"LEFT\"><span style=\"color: #9b9b9b\"><span style=\"font-family: Helvetica, serif\"><span style=\"font-size: medium\"><span style=\"color: #262626\"><span style=\"font-size: x-large\">PEPPE TAMBE&#8217;<\/span><\/span><\/span><\/span><\/span><\/p>\n<p lang=\"pt-PT\" align=\"LEFT\"><span style=\"color: #9b9b9b\"><span style=\"font-family: Helvetica, serif\"><span style=\"font-size: medium\">Peppe Tamb\u00e8, fotografo ritrattista nisseno, nasce nel 1968 e mostra, fin da piccolo, particolare interesse e spiccate doti artistiche tanto che focalizza, sin dalla tenera et\u00e0, la sua attenzione verso due forme d&#8217;arte per eccellenza: il Teatro e la Fotografia.\u00a0<\/span><\/span><\/span><\/p>\n<p lang=\"pt-PT\" align=\"LEFT\"><span style=\"color: #9b9b9b\"><span style=\"font-family: Helvetica, serif\"><span style=\"font-size: medium\">Ha iniziato a fotografare da autodidatta scoprendo subito la sua passione per il ritratto. Si \u00e8 ispirato a grandi maestri del ritratto fotografico come Irving Penn, Gian Paolo Barbieri e Annie Leibovitz che hanno aumentato la sua passione. Nel suo percorso di ricerca ha sperimentato la pellicola in bianco e nero per arrivare oggi al digitale. Lavora curando direttamente ogni dettaglio: Composizione, scena e luce , luce con cui disegna, scrive le sue opere,\u00a0<\/span><\/span><\/span><\/p>\n<p lang=\"pt-PT\" align=\"LEFT\"><span style=\"color: #9b9b9b\"><span style=\"font-family: Helvetica, serif\"><span style=\"font-size: medium\">elemento peculiare che lo rende unico non solo nello stile ma soprattutto nel processo creativo e nella tecnica.\u00a0<\/span><\/span><\/span><\/p>\n<p lang=\"pt-PT\" align=\"LEFT\"><span style=\"color: #9b9b9b\"><span style=\"font-family: Helvetica, serif\"><span style=\"font-size: medium\">Ogni shooting \u00e8 un vero e proprio progetto creativo, dice: &#8220;mi piace costruire l\u2019immagine nelle idee, costruire un feeling con il soggetto da ritrarre puntando su classe, eleganza e fascino&#8221;.\u00a0<\/span><\/span><\/span><\/p>\n<p lang=\"pt-PT\" align=\"LEFT\"><span style=\"color: #9b9b9b\"><span style=\"font-family: Helvetica, serif\"><span style=\"font-size: medium\">Il suo \u201cobiettivo\u201d \u00e8 riuscire a leggere l\u2019anima attraverso lo sguardo&#8230; uno sguardo che deve allo stesso tempo colpire e sedurre lo spettatore&#8230; \u201cUna foto emoziona solo se guardata con l\u2019anima\u201d.\u00a0<\/span><\/span><\/span><\/p>\n<p lang=\"pt-PT\" align=\"LEFT\"><span style=\"color: #9b9b9b\"><span style=\"font-family: Helvetica, serif\"><span style=\"font-size: medium\">La fotografia ormai \u00e8 diventata parte integrante della sua vita tanto che dal 2015 ad oggi vanta numerosi riconoscimenti in ambito nazionale e internazionale. Frequenti sono ormai le pubblicazioni in famosi Magazine internazionali, riviste di moda e di cerimonie con uno stile ormai unico, riconoscibile, riconducibile a lui ed apprezzato a livello mondiale.\u00a0<\/span><\/span><\/span><\/p>\n<p lang=\"pt-PT\" align=\"LEFT\"><span style=\"color: #9b9b9b\"><span style=\"font-family: Helvetica, serif\"><span style=\"font-size: medium\">Sempre classificato tra i primi posti nei pi\u00f9 importanti e prestigiosi concorsi nazionali ed internazionali dal 2015 ad oggi \u00e8 presente con 84 pubblicazioni nel sito di fotografia pi\u00f9 importante Al mondo &#8220;1x&#8221;, ottenendo un grande riconoscimento &#8230; quello di essere scelto tra migliaia di fotografi provenienti da ogni parte del mondo, per far parte dell\u2019annuario 2016 \u201cVisions 1x\u201dcon una sua opera.\u00a0<\/span><\/span><\/span><\/p>\n<p lang=\"pt-PT\" align=\"LEFT\"><span style=\"color: #9b9b9b\"><span style=\"font-family: Helvetica, serif\"><span style=\"font-size: medium\">Dal 2017 \u00e8 il fotografo ufficiale della prestigiosa kermesse cinematografica Kalat Nissa Film Festival (Festival internazionale del cortometraggio). Sempre dal 2017 \u00e8 il direttore artistico dell&#8217;associazione &#8220;IdeArte&#8221; che ha sede a Lucca (Toscana), che si occupa di organizzare mostre fotografiche ed eventi artistici a tutto tondo, riscuotendo sempre un grande successo di pubblico e critica per l\u2019alto livello dei lavori presentati grazie alla sua scrupolosit\u00e0 nella scelta degli autori e delle opere.<\/span><\/span><\/span><\/p>\n<p lang=\"pt-PT\" align=\"LEFT\"><span style=\"color: #9b9b9b\"><span style=\"font-family: Helvetica, serif\"><span style=\"font-size: medium\">Nel 2019 vince come Migliore Autore Assoluto &#8220;Il Truciolo d&#8217;Oro&#8221; a Cascina di Pisa (PI), uno dei premi piu prestigiosi e ambiti nel mondo dei concorsi Fotografici Nazionali. Nello stesso anno riceve una Menzione d&#8217;Onore al &#8220;TIFA&#8221; Tokio International Foto Awards, tra i piu importanti concorsi a livello mondiale.Nel Febbraio del 2020 inaugura la sua prima mostra personale dal titolo &#8220;L&#8217;Anima degli Sguardi&#8221; nella Citt\u00e0 di Caltanissetta.<\/span><\/span><\/span><\/p>\n<p lang=\"pt-PT\" align=\"LEFT\"><span style=\"color: #9b9b9b\"><span style=\"font-family: Helvetica, serif\"><span style=\"font-size: medium\">Sempre in quell&#8217;anno sale sul podio in due concorsi internazionali piu importanti al mondo il &#8220;MIFA&#8221; Mosca International Foto Awards aggiudicandosi una medaglia d&#8217;argento e il prestigioso &#8220;PX3&#8221; Prix de la Photographie Paris con una medaglia d&#8217;Oro e due di bronzo.Ma la scalata al successo continua, confermandosi tra i vincitori del piu celebre concorso Italiano Internazionale il &#8220;SIPA&#8221; Siena International Photo Awards nella sezione Creative.<\/span><\/span><\/span><\/p>\n<p lang=\"pt-PT\" align=\"LEFT\"><span style=\"color: #9b9b9b\"><span style=\"font-family: Helvetica, serif\"><span style=\"font-size: medium\">Grazie al suo curriculum e alla qualit\u00e0 del suo lavoro oggi le sue opere sono molto ricercate e apprezzate. I suoi ritratti sono pubblicati nei pi\u00f9 importanti siti specializzati e le sue opere vengono esposte nelle mostre pi\u00f9 belle delle citt\u00e0 italiane. \u00a0<\/span><\/span><\/span><\/p>\n<p><a href=\"https:\/\/fiaf.net\/sicilia\/wp-content\/uploads\/sites\/20\/2020\/10\/61A7384-copia-3.jpg\"><img loading=\"lazy\" decoding=\"async\" class=\"alignnone size-medium wp-image-2188\" alt=\"_61A7384 copia 3\" src=\"https:\/\/fiaf.net\/sicilia\/wp-content\/uploads\/sites\/20\/2020\/10\/61A7384-copia-3-300x200.jpg\" width=\"300\" height=\"200\" srcset=\"https:\/\/fiaf.net\/sicilia\/wp-content\/uploads\/sites\/20\/2020\/10\/61A7384-copia-3-300x200.jpg 300w, https:\/\/fiaf.net\/sicilia\/wp-content\/uploads\/sites\/20\/2020\/10\/61A7384-copia-3-1024x683.jpg 1024w, https:\/\/fiaf.net\/sicilia\/wp-content\/uploads\/sites\/20\/2020\/10\/61A7384-copia-3-768x512.jpg 768w, https:\/\/fiaf.net\/sicilia\/wp-content\/uploads\/sites\/20\/2020\/10\/61A7384-copia-3.jpg 1536w\" sizes=\"auto, (max-width: 300px) 100vw, 300px\" \/><\/a> <a href=\"https:\/\/fiaf.net\/sicilia\/wp-content\/uploads\/sites\/20\/2020\/10\/Chiara.jpg\"><img loading=\"lazy\" decoding=\"async\" class=\"alignnone size-medium wp-image-2189\" alt=\"Chiara\" src=\"https:\/\/fiaf.net\/sicilia\/wp-content\/uploads\/sites\/20\/2020\/10\/Chiara-300x205.jpg\" width=\"300\" height=\"205\" \/><\/a> <a href=\"https:\/\/fiaf.net\/sicilia\/wp-content\/uploads\/sites\/20\/2020\/10\/61A5732-copia-3.jpg\"><img loading=\"lazy\" decoding=\"async\" class=\"alignnone size-medium wp-image-2190\" alt=\"_61A5732 copia 3\" src=\"https:\/\/fiaf.net\/sicilia\/wp-content\/uploads\/sites\/20\/2020\/10\/61A5732-copia-3-300x200.jpg\" width=\"300\" height=\"200\" \/><\/a> <a href=\"https:\/\/fiaf.net\/sicilia\/wp-content\/uploads\/sites\/20\/2020\/10\/61A5903-copia-3.jpg\"><img loading=\"lazy\" decoding=\"async\" class=\"alignnone size-medium wp-image-2191\" alt=\"_61A5903 copia 3\" src=\"https:\/\/fiaf.net\/sicilia\/wp-content\/uploads\/sites\/20\/2020\/10\/61A5903-copia-3-300x200.jpg\" width=\"300\" height=\"200\" \/><\/a><\/p>\n\n    <div class=\"xs_social_share_widget xs_share_url after_content \t\tmain_content  wslu-style-1 wslu-share-box-shaped wslu-fill-colored wslu-none wslu-share-horizontal wslu-theme-font-no wslu-main_content\">\n\n\t\t\n        <ul>\n\t\t\t        <\/ul>\n    <\/div> \n","protected":false},"excerpt":{"rendered":"<p>Giorno 18 ottobre 2020 alle ore 18:00, presso &#8220;Tr\u00e8 d&#8217;arte&#8221; in via Sampolo 100 Palermo, avr\u00e0 luogo l&#8217;inaugurazione della mostra &hellip;<\/p>\n","protected":false},"author":5,"featured_media":2197,"comment_status":"closed","ping_status":"closed","sticky":false,"template":"","format":"standard","meta":{"_acf_changed":false,"footnotes":""},"categories":[9],"tags":[206],"class_list":["post-2187","post","type-post","status-publish","format-standard","has-post-thumbnail","hentry","category-mostre","tag-peppe-tambe"],"acf":[],"_links":{"self":[{"href":"https:\/\/fiaf.net\/sicilia\/wp-json\/wp\/v2\/posts\/2187","targetHints":{"allow":["GET"]}}],"collection":[{"href":"https:\/\/fiaf.net\/sicilia\/wp-json\/wp\/v2\/posts"}],"about":[{"href":"https:\/\/fiaf.net\/sicilia\/wp-json\/wp\/v2\/types\/post"}],"author":[{"embeddable":true,"href":"https:\/\/fiaf.net\/sicilia\/wp-json\/wp\/v2\/users\/5"}],"replies":[{"embeddable":true,"href":"https:\/\/fiaf.net\/sicilia\/wp-json\/wp\/v2\/comments?post=2187"}],"version-history":[{"count":0,"href":"https:\/\/fiaf.net\/sicilia\/wp-json\/wp\/v2\/posts\/2187\/revisions"}],"wp:featuredmedia":[{"embeddable":true,"href":"https:\/\/fiaf.net\/sicilia\/wp-json\/wp\/v2\/media\/2197"}],"wp:attachment":[{"href":"https:\/\/fiaf.net\/sicilia\/wp-json\/wp\/v2\/media?parent=2187"}],"wp:term":[{"taxonomy":"category","embeddable":true,"href":"https:\/\/fiaf.net\/sicilia\/wp-json\/wp\/v2\/categories?post=2187"},{"taxonomy":"post_tag","embeddable":true,"href":"https:\/\/fiaf.net\/sicilia\/wp-json\/wp\/v2\/tags?post=2187"}],"curies":[{"name":"wp","href":"https:\/\/api.w.org\/{rel}","templated":true}]}}