{"id":2409,"date":"2021-09-28T09:47:51","date_gmt":"2021-09-28T07:47:51","guid":{"rendered":"https:\/\/fiaf.net\/regioni\/sicilia\/?p=2248"},"modified":"2021-10-26T12:46:42","modified_gmt":"2021-10-26T10:46:42","slug":"adfectus-di-giuseppe-giancarlo-calascibetta","status":"publish","type":"post","link":"https:\/\/fiaf.net\/sicilia\/adfectus-di-giuseppe-giancarlo-calascibetta\/","title":{"rendered":"ADFECTUS di Giuseppe Giancarlo Calascibetta"},"content":{"rendered":"<p>Dal 4 al 17 ottobre 2021 dalle ore 10. 00 alle ore 19.00\u00a0presso la sede della Pro Loco di Enna all\u2019interno del Castello di Lombardia della Citt\u00e0 di Enna\u00a0potr\u00e0 essere visitata\u00a0La mostra fotografica Adfectus di Giuseppe Giancarlo Calascibetta.<\/p>\n<p>&nbsp;<\/p>\n<p><a name=\"_GoBack\"><\/a><span style=\"font-size: large\">Fotografare \u00e8 donare ed esternare le proprie emozioni; infatti Adfectus \u00e8 il titolo della mostra fotografica di ritratti in bianco e nero che raccontano le emozioni e la vita delle donne. Ho scelto come titolo la parola latina Adfectus che \u00e8 stata usata dallo stesso Seneca nel suo famoso verso: <\/span><span style=\"font-size: large\"><b>Adfectus sunt motus animi improbabiles, subiti et concitati <\/b><\/span><span style=\"font-size: large\"><i>(trad. Le emozioni sono movimenti intollerabili, improvvisi e concitati dell\u2019animo umano).<\/i><\/span><span style=\"font-size: large\"> L\u2019emozione \u00e8 l\u2019elemento distintivo di ogni essere vivente che gli ultimi tempi noi esseri umani stiamo dimenticando anteponendolo ad altri valori materialistici e capitalistici come gli interessi, il denaro, il possesso, la propriet\u00e0, l\u2019avarizia e la lussuria. Stiamo dimenticando le nostre emozioni, i rapporti con gli altri uomini e il rispetto per il nostro ambiente. Ecco, che in questa mostra voglio raccontare il valore delle emozioni della donna, musa ispiratrice di molti poeti e cantanti, che esprime il valore della sensibilit\u00e0, della bellezza e della nostra umanit\u00e0. Una mostra che vuole auspicare a un ritorno all\u2019umanesimo e ai valori classici che si stanno disperdendo con l\u2019innovazione della societ\u00e0. Questo non \u00e8 un atto di conservatorismo, ma un atto di identit\u00e0. <\/span><\/p>\n<p>&nbsp;<\/p>\n<p><span style=\"font-size: large\">Attraverso il ritratto fotografico ho voluto raccontare le storie e gli stati d\u2019animo delle persone. Il ritratto come il paesaggio \u00e8 un\u2019esperienza emozionale introspettiva dove smetti di pensare e riflettere: inizi a percepire un senso di vuoto da riempire e subito esternare materializzandola con la luce, le ombre e sguardi. La fotografia ti permette di creare un alfabeto di metafore iconografiche proveniente da un tuo background culturale ed esperienziale che maturi con i tuoi occhi e la tua creativit\u00e0.<\/span><\/p>\n<p>&nbsp;<\/p>\n<p><span style=\"font-size: large\"><b>Giuseppe Giancarlo Calascibetta<\/b><\/span><\/p>\n<p align=\"JUSTIFY\"><span style=\"font-size: medium\">Nasce nel 1988 a Mazzarino. Vive a Riesi, all\u2019et\u00e0 di 8 anni inizia a fotografare con una compatta a rullino per alcuni anni. Nel 2007 ottiene il Diploma di Ragioniere e Perito Commerciale. Nel mese di luglio del 2009, partecipa come volontario della Protezione Civile di Riesi al terremoto dell\u2019Aquila e realizza un reportage fotografico. Nel 2014 si dedicata alla fotografia su incoraggiamento del fotografo Gi\u00f2 Calascibetta e nello stesso anno vince il suo primo concorso fotografico organizzato dal Rotary Club di Caltanissetta. Nel frattempo inizia a frequentare alcuni corsi di Marketing e questi gli permettono di unire le sue due passioni: l\u2019economia e la fotografia. Nel corso di questi anni ha partecipato a svariati corsi di fotografia sul paesaggio, ritratto e fotografia di architettura. Molti dei suoi paesaggi sono stati pubblicati dal quotidiano La Sicilia per il calendario anno: 2016,2017,2018. Nel 2018 ha realizzato il reportage fotografico \u201cEmigrare non \u00e8 un reato\u201d insieme al fotografo Gaetano Giambusso: un racconto sul processo di integrazione degli immigrati senegalesi e iraniani nella comunit\u00e0 di Riesi. Un\u2019iniziativa che \u00e8 stata promosso dall\u2019Associazione I Girasoli e dal Comune di Riesi. Giuseppe Calascibetta ha vinto sette primi di fotografia tra cui il riconoscimento di Artista dell\u2019anno 2020 dalla redazione di cultura ARTNOW diretta dal critico Sandro Serradifalco. Nel mese di febbraio 2021 \u00e8 stato selezionato da Spoleto Arte per il catalogo L\u2019Arte in Quarantena edito da TGCOM24 e Mondadori Editore. Nel luglio 2021 ha vinto il Premio Dante Alighieri conferito dal mensile d\u2019arte Cultura e Identit\u00e0 allegato del quotidiano IL Giornale. \u00c8 stato inserito nell\u2019Enciclopedia dell\u2019arte contemporanea italiana a cura di Jean- Fran\u00e7ois Bachis-Pugliese edito da Atdeditori. Alcune sue foto sono state pubblicate su Storica del National Geographic e in pi\u00f9 a settembre del 2021 viene premiato dalla societ\u00e0 Caltacqua insieme alla Soprintendenza dei beni culturali di Caltanissetta per il concorso fotografico Acqua Mater Vitae. La sua biografia \u00e8 apparsa sul sito di Vogue Italia Photo ed \u00e8 socio della FIAF (Federazione Italiana Associazioni Fotografiche).<\/span><\/p>\n<p><span style=\"font-size: medium\"><b>Formazione (Economica)<\/b><\/span><\/p>\n<p><span style=\"font-size: medium\"><b>2002-2007<\/b><\/span><span style=\"font-size: medium\">. <\/span><span style=\"font-size: medium\"><b>Diploma di Ragioniere e Perito Commerciale<\/b><\/span><span style=\"font-size: medium\"> presso l\u2019Istituto Carlo Maria Carafa di Mazzarino. Votazione 89\/100.<\/span><\/p>\n<p><span style=\"font-size: medium\"><b>Dicembre 2010<\/b><\/span><span style=\"font-size: medium\">. Seminario professionalizzante <\/span><span style=\"font-size: medium\"><b>\u201cIl turismo urbano- city break\u201d<\/b><\/span><span style=\"font-size: medium\"> tenuto dalla Professoressa Caterina Cirelli. Facolt\u00e0 di Economia. Corso di Laurea di Economia e Gestione delle Imprese turistiche di Catania. <\/span><\/p>\n<p><span style=\"font-size: medium\"><b>Ottobre 2012<\/b><\/span><span style=\"font-size: medium\">. Seminario professionalizzante <\/span><span style=\"font-size: medium\"><b>\u201cPianificazione, organizzazione e gestione dei distretti turistici\u201d<\/b><\/span><span style=\"font-size: medium\"> tenuto dal Prof. Benedetto Puglisi, Universit\u00e0 degli Studi di Catania. <\/span><\/p>\n<p><span style=\"font-size: medium\"><b>2013. ottobre<\/b><\/span><span style=\"font-size: medium\">. Qualifica professionale di <\/span><span style=\"font-size: medium\"><b>Operatore Servizi CAF rilasciato da IAL CISL<\/b><\/span><span style=\"font-size: medium\">, ente per l\u2019orientamento e la formazione professionale di Caltanissetta. <\/span><\/p>\n<p><span style=\"font-size: medium\"><b>2014. ottobre.<\/b><\/span><span style=\"font-size: medium\"> Corso di formazione <\/span><span style=\"font-size: medium\"><b>\u201cImplementazione di un progetto di Marketing Territoriale di Sviluppo Rurale\u201d<\/b><\/span><span style=\"font-size: medium\"> tenuto dal Dott. Fausto Faggioli, Territorial Marketing Manager dell\u2019Emilia Romagna. Organizzato dalla SOAT di Mazzarino. <\/span><\/p>\n<p><span style=\"font-size: medium\"><b>2015. Qualifica di Operatore della Promozione ed Accoglienza Turistica<\/b><\/span><span style=\"font-size: medium\"> rilasciato dall\u2019EuroForm e C.SAS. di Acireale e Pro Loco di Mazzarino. Interventi formativi Garanzia Giovani. DDG 1203\/2015 del 19\/03\/2015<\/span><\/p>\n<p><span style=\"font-size: medium\"><b>2020. 19 settembre<\/b><\/span><span style=\"font-size: medium\">. <\/span><span style=\"font-size: medium\"><b>Certificazione PEKTI Expert<\/b><\/span><span style=\"font-size: medium\"> rilasciato dalla Fondazione ONLUS Sviluppo Europa. Roma. <\/span><\/p>\n<p><span style=\"font-size: medium\"><b>2021. 27 Marzo<\/b><\/span><span style=\"font-size: medium\">. <\/span><span style=\"font-size: medium\"><b>Attestato di Addestramento professionale in Dattilografia<\/b><\/span><span style=\"font-size: medium\"> rilasciato da SeiTech Service Innovation and Technologies, Comune di Tufino e Comune di Sirignano. 200 ore di formazione.<\/span><\/p>\n<p><span style=\"font-size: medium\"><b>Formazione (Fotografo) <\/b><\/span><\/p>\n<p><span style=\"font-size: medium\"><b>2015.<\/b><\/span><span style=\"font-size: medium\"><b>Workshop di fotografia a Enna: Letture di Portfolio con il fotografo Roberto Strano.<\/b><\/span><span style=\"font-size: medium\"><b>2016.<\/b><\/span><span style=\"font-size: medium\"><b>Corso di Fotografia digitale con riferimenti alla Fotografia di Architettura tenuto dal fotografo Pippo Nicoletti,<\/b><\/span><span style=\"font-size: medium\"> promosso dal\u2019 Istituto Di Rocco di Caltanissetta, dalla Regione Siciliana Assessorato Beni Culturali, Societ\u00e0 dei Territorialisti e Lions Club Caltanissetta. <\/span><span style=\"font-size: medium\"><b>2018.<\/b><\/span><span style=\"font-size: medium\"><b>Corso di fotografia creativa \u201cFare la fotografia\u201d a Caltanissetta tenuta dal fotografo Giovanni Ruvolo. <\/b><\/span><span style=\"font-size: medium\"><b>2018.<\/b><\/span><span style=\"font-size: medium\"><b>Workshop di fotografia: Un viaggio di mille miglia comincia sempre dal primo\u2026 scatto <\/b><\/span><span style=\"font-size: medium\">tenuto dal fotografo toscano Stefano Lotumolo a Favara alla Farm Cultural Park. <\/span><span style=\"font-size: medium\"><b>2019. 27 aprile<\/b><\/span><span style=\"font-size: medium\"><b>Workshop di fotografia : Abitare il mondo, accogliere, attendere, includere l\u2019altro <\/b><\/span><span style=\"font-size: medium\">a cura di Santo Eduardo Di Miceli insieme al fotografo Luca Guarneri. <\/span><span style=\"font-size: medium\"><b>2019. 4 maggio<\/b><\/span><span style=\"font-size: medium\"><b>Workshop di fotografia: \u201cIl Ritratto dal Digitale al Cianotipo<\/b><\/span><span style=\"font-size: medium\">\u201d tenuto dal fotografo Giovanni Ruvolo a Caltanissetta <\/span><span style=\"font-size: medium\"><b>2019. 8 novembre<\/b><\/span><span style=\"font-size: medium\">. <\/span><span style=\"font-size: medium\"><b>Workshop di Ritratto tenuto dal fotografo palermitano, Fabio Savagnone Ambassador della Fujifilm a Caltanissetta.<\/b><\/span><span style=\"font-size: medium\"><b>2019. 25 novembre<\/b><\/span><span style=\"font-size: medium\"><b>Workshop di paesaggio: \u201cLa Mia Terra\u201d a cura di Mariano Bevilacqua, fotografo e docente della Canon Academy.<\/b><\/span><span style=\"font-size: medium\"><b>2019. 7 dicembre<\/b><\/span><span style=\"font-size: medium\">: <\/span><span style=\"font-size: medium\"><b>Workshop della Nikon school:<\/b><\/span><span style=\"font-size: medium\"> &#8211; <\/span><span style=\"font-size: medium\"><b>Fotografia sociale, l\u2019evoluzione e le opportunit\u00e0 a cura di Emanuele Crapanzano; &#8211; Inventare con la MENTE e creare con la LUCE a cura di Mimmo Basile; &#8211; I falsi miti della post-produzione fotografica a cura di Giovanna Griffo.<\/b><\/span><span style=\"font-size: medium\"><b>2019. 15 dicembre<\/b><\/span><span style=\"font-size: medium\"><b>Workshop: L\u2019Arte del Creare. Esperienze trasformative attraverso le immagini e la fotografia<\/b><\/span><span style=\"font-size: medium\"> curato da Michele Cannav\u00f2 (Fotografo, Psichiatra e Psicoterapeuta) e Francesco Lo Presti (psicologo e Psicoterapeuta). <\/span><span style=\"font-size: medium\"><b>2020. 10 e 11 ottobre<\/b><\/span><span style=\"font-size: medium\">, Caltanissetta. <\/span><span style=\"font-size: medium\"><b>Workshop di fotografia \u201cMake your project\u201d con Simone Sapienza<\/b><\/span><span style=\"font-size: medium\"> docente della scuola di fotografia Spazio Lab\u00f2 di Bologna. Iniziativa promosso dall\u2019associazione culturale e fotografica FOTONAUTI di Caltanissetta.<\/span><\/p>\n<p><span style=\"font-size: medium\"><b>Premi e Riconoscimenti <\/b><\/span><\/p>\n<p><span style=\"font-size: medium\"><b>2009. Attestato di Benemerenza della Presidenza del Consiglio dei Ministri della Protezione Civile Italiana per il terremoto Abruzzo 2009. <\/b><\/span><\/p>\n<p><span style=\"font-size: medium\"><b>2014. 1\u00b0 Posto del concorso fotografico \u201cValorizziamo il territorio nisseno\u201d<\/b><\/span><span style=\"font-size: medium\"> sezione \u201cGastronomia\u201d organizzato dal Rotary Club Caltanissetta.<\/span><\/p>\n<p><span style=\"font-size: medium\"><b>2016. 2\u00b0 Posto al concorso fotografico \u201cLa festa del signore dell\u2019Olmo in un click\u201d<\/b><\/span><span style=\"font-size: medium\"> organizzato dalla Pro Loco di Mazzarino. <\/span><\/p>\n<p><span style=\"font-size: medium\"><b>2016. Premio Social del concorso fotografico Giornata dell\u2019Arte 2016<\/b><\/span><span style=\"font-size: medium\"> organizzato dall\u2019Arci LCDM di Riesi. <\/span><\/p>\n<p><span style=\"font-size: medium\"><b>2017. 1\u00b0 Posto al concorso fotografico \u201cLa festa del signore dell\u2019Olmo in un click\u201d<\/b><\/span><span style=\"font-size: medium\"> organizzato dalla Pro Loco di Mazzarino.<\/span><\/p>\n<p><span style=\"font-size: medium\"><b>2019. 1\u00b0 Posto al Concorso Nazionale di Arti Visive 2019<\/b><\/span><span style=\"font-size: medium\"> con tema \u201cL\u2019Amore \u00e8 rivoluzione\u201d organizzato dal Movimento Pro Sanctitate Italia nella <\/span><span style=\"font-size: medium\"><b>Citt\u00e0 di Roma<\/b><\/span><span style=\"font-size: medium\">. <\/span><\/p>\n<p><span style=\"font-size: medium\"><b>2021. gennaio. Artista dell\u2019Anno 2020 Palermo ArtExpo<\/b><\/span><span style=\"font-size: medium\"> riconoscimento conferito dalla redazione di <\/span><span style=\"font-size: medium\"><b>Art Now, <\/b><\/span><span style=\"font-size: medium\">rivista d\u2019arte contemporanea diretta dal <\/span><span style=\"font-size: medium\"><b>critico d\u2019arte Sandro Serradifalco. <\/b><\/span><\/p>\n<p><span style=\"font-size: medium\"><b>2021. 25 aprile. Attestato di Benemerenza <\/b><\/span><span style=\"font-size: medium\">per l\u2019opera digital art Red Tina da parte dell\u2019<\/span><span style=\"font-size: medium\"><b>Associazione Attivarcinsieme di San Cataldo <\/b><\/span><span style=\"font-size: medium\">e dal <\/span><span style=\"font-size: medium\"><b>Centro e dal Centro culturale delle donne Felicia Impastato.<\/b><\/span><span style=\"font-size: medium\"> L\u2019Opera<\/span><span style=\"font-size: medium\"><b> Red Tina <\/b><\/span><span style=\"font-size: medium\">\u00e8 stata pubblicata sul mensile di cultura svizzero<\/span><span style=\"font-size: medium\"><b> Il giornale Italiano <\/b><\/span><span style=\"font-size: medium\">aprile 2021.<\/span><\/p>\n<p><span style=\"font-size: medium\"><b>2021. luglio. Premio Dante Alighieri<\/b><\/span><span style=\"font-size: medium\"> conferito dal mensile d\u2019arte <\/span><span style=\"font-size: medium\"><b>Cultura e Identit\u00e0<\/b><\/span><span style=\"font-size: medium\"> allegato del quotidiano <\/span><span style=\"font-size: medium\"><b>IL Giornale<\/b><\/span><span style=\"font-size: medium\">, diretto dal regista e attore teatrale <\/span><span style=\"font-size: medium\"><b>Edoardo Sylos Labini<\/b><\/span><span style=\"font-size: medium\"> e dal vice direttore e <\/span><span style=\"font-size: medium\"><b>critico d\u2019arte Angelo Crespi<\/b><\/span><span style=\"font-size: medium\">; e dal mensile d\u2019arte Art Now diretto da Sandro Serradifalco. <\/span><\/p>\n<p><span style=\"font-size: medium\"><b>2021. settembre<\/b><\/span><span style=\"font-size: medium\">. <\/span><span style=\"font-size: medium\"><b>Premiato dalla societ\u00e0 Caltacqua S.p.a e della Soprintendenza dei beni culturali di Caltanissetta della Regione Siciliana per il concorso fotografico \u201cAcqua Mater Vitae\u201d<\/b><\/span><span style=\"font-size: medium\"> pensato con l\u2019obiettivo di contribuire a rafforzare una coscienza collettiva sul valore dell\u2019acqua e sulla bellezza del territorio della provincia di Caltanissetta. La foto premiata \u00e8 un paesaggio dell\u2019Imera meridionale realizzata presso la Miniera Trabia Tallarit\u00e0 che prende il titolo <\/span><span style=\"font-size: medium\"><i><b>\u201cL\u2019Isola persa\u201d.<\/b><\/i><\/span><\/p>\n<p>&nbsp;<\/p>\n<p><span style=\"font-size: medium\"><b>Mostre fotografiche ed Esposizioni <\/b><\/span><\/p>\n<p><span style=\"font-size: medium\"><b>2014. Mostra fotografica \u201cDiem\u201d di Giuseppe Giancarlo Calascibetta; curata da Pippo Nicoletti, fotografo della Soprintendenza dei Beni Culturali di Caltanissetta. <\/b><\/span><span style=\"font-size: medium\">Mostra di ritratti ambientali allestita presso la Biblioteca Comunale Scarabelli di Caltanissetta. <\/span><\/p>\n<p><span style=\"font-size: medium\"><b>2017. Mostra collettiva \u201cScatta Nissa\u201d<\/b><\/span><span style=\"font-size: medium\"> organizzata dall\u2019Associazione Archeologica Nissena sezione Giovani. <\/span><\/p>\n<p><span style=\"font-size: medium\"><b>2018. Mostra fotografica \u201cMigrare non \u00e8 un reato\u201d<\/b><\/span><span style=\"font-size: medium\"> insieme al fotografo Gaetano Giambusso e curato dal prof Attilio Gerbino. Un racconto attraverso immagini sulla storia dei rifugiati politici abitanti a Riesi. Promosso dall\u2019Associazione I Girasoli e dal Comune di Riesi. <\/span><\/p>\n<p><span style=\"font-size: medium\"><b>2018. Mostra collettiva: \u201cScalin\u2019Arte<\/b><\/span><span style=\"font-size: medium\"> promosso dai Salesiani e dal Comune di Riesi. <\/span><\/p>\n<p><span style=\"font-size: medium\"><b>2019. 23 maggio. Giornata dell\u2019Arte 2019<\/b><\/span><span style=\"font-size: medium\"> promossa dalla Pro Loco e Comune di Mazzarino.<\/span><\/p>\n<p><span style=\"font-size: medium\"><b>2019. 27 dicembre mostra personale \u201cMater-ia\u201d di Giuseppe Calascibetta con lo scultore e pittore Onofrio La Leggia<\/b><\/span><span style=\"font-size: medium\"> presso la Sala espositiva della Chiesa Valdese di Riesi. Una mostra dedicata al tema della donna, organizzata da Gianni Veneziano e curata da Eugenio Di Francesco promosso dal Comune di Riesi, Associazione Patio 65 e l\u2019Anima di Riesi. La mostra \u00e8 stata presentata dal fotografo nisseno Lillo Miccich\u00e8. <\/span><\/p>\n<p><span style=\"font-size: medium\"><b>2021. 18 febbraio.<\/b><\/span><span style=\"font-size: medium\"> Esposizione dell\u2019opera Sguardi nella galleria <\/span><span style=\"font-size: medium\"><b>Effetto d\u2019Arte Gallery a Palermo<\/b><\/span><span style=\"font-size: medium\"> con tutte le opere partecipanti al <\/span><span style=\"font-size: medium\"><b>Premio Artista dell\u2019Anno 2020<\/b><\/span><span style=\"font-size: medium\">. Con il critico d\u2019arte Sandro Serradifalco e le art curator Sonia e Maria Di Pasquale. <\/span><\/p>\n<p><span style=\"font-size: medium\"><b>2021. 18 giugno 2021. <\/b><\/span><span style=\"font-size: medium\">L\u2019opera fotografica La Ballerina del tempo esposta presso <\/span><span style=\"font-size: medium\"><b>l\u2019Universit\u00e0 IULM di Milano<\/b><\/span><span style=\"font-size: medium\"> in occasione della presentazione del catalogo L\u2019Arte in quarantena alla presenza del giornalista Paolo Liguori, l\u2019attore Marco Columbro, la psicologa Maria Rita Parsi, la giornalista Silvana Giacobini e del fotografo Roberto Villa. <\/span><\/p>\n<p><span style=\"font-size: medium\"><b>2021. Dal 19 al 30 giugno 2021. <\/b><\/span><span style=\"font-size: medium\">Esposizione dell\u2019opera La ballerina del tempo presso la <\/span><span style=\"font-size: medium\"><b>Milano Art Gallery<\/b><\/span><span style=\"font-size: medium\"> in Via Galeazzo Alessi n.11, insieme alle altre opere che sono state selezionate per il catalogo L\u2019Arta in quarantena. <\/span><\/p>\n<p><span style=\"font-size: medium\"><b>2021. Dal 2 al 4 luglio a Casale Monferrato esposizione della fotografia Bice durante il Festival Cultura e Identit\u00e0 4\u00b0edizione<\/b><\/span><span style=\"font-size: medium\"> con ospiti d\u2019eccezione come il cantante Enrico Ruggeri, Alessandro Sallusti e il vignettista Federico Palmaroli in alias OSHO e il regista Pupi Avati.<\/span><\/p>\n<p><span style=\"font-size: medium\"><b>2021. 7 luglio a Firenze presso il Palazzo Borghese.<\/b><\/span><span style=\"font-size: medium\"> Esposizione della fotografica BICE insieme alle altre opere partecipati al Premio Dante Alighieri con la presenza del critico d\u2019arte Angelo Crespi, il regista e attore Edoardo Sylos Labini. <\/span><\/p>\n<p><span style=\"font-size: medium\"><b>Pubblicazioni e Libri<\/b><\/span><\/p>\n<p><span style=\"font-size: medium\"><b>2011. La Miniera Trabia Tallarita, storie e lotte degli zolfatari\u201d<\/b><\/span><span style=\"font-size: medium\"> a cura di Giuseppe Giancarlo Calascibetta. Edizione Ass. Amici di Riesi. <\/span><\/p>\n<p><span style=\"font-size: medium\"><b>2012. \u201cLa Parrocchia di San Giovanni Bosco, 50 anni di storia\u201d<\/b><\/span><span style=\"font-size: medium\"> a cura di Giuseppe Giancarlo Calascibetta. Tip. Capizzi. <\/span><\/p>\n<p><span style=\"font-size: medium\"><b>2015.<\/b><\/span><span style=\"font-size: medium\"> Le sue foto vengono pubblicate nei seguenti manoscritti: <\/span><\/p>\n<p><span style=\"font-size: medium\"><b>&#8211; La Storia della Chiesa di San Giuseppe di Giuseppe Testa<\/b><\/span><\/p>\n<p><span style=\"font-size: medium\"><b>&#8211; I caduti della grande Guerra nell&#8217;attuale provincia di Caltanissetta di Antonio Vitellaro. <\/b><\/span><span style=\"font-size: medium\">Edizione Societ\u00e0 Nissena di Storia Patria 2015. <\/span><\/p>\n<p><span style=\"font-size: medium\"><b>&#8211; Settimana Santa a Riesi a cura di Don Pino Giuliana.<\/b><\/span><\/p>\n<p><span style=\"font-size: medium\"><b>2017.<\/b><\/span><span style=\"font-size: medium\"> Foto pubblicata nella <\/span><span style=\"font-size: medium\"><b>Guida turistica della Settimana Santa nella Provincia di Caltanissetta<\/b><\/span><span style=\"font-size: medium\"> a cura della Pro Loco Caltanissetta. <\/span><\/p>\n<p><span style=\"font-size: medium\">2017. Foto pubblicate nello speciale <\/span><span style=\"font-size: medium\"><b>Carnevale in Sicilia <\/b><\/span><span style=\"font-size: medium\">pubblicato dal quotidiano <\/span><span style=\"font-size: medium\"><b>La Sicilia.<\/b><\/span><\/p>\n<p><span style=\"font-size: medium\"><b>2019.<\/b><\/span><span style=\"font-size: medium\"><b>Resistenti storie di antifascisti, partigiani e deportati di Riesi<\/b><\/span><span style=\"font-size: medium\"> a cura di Giuseppe Giancarlo Calascibetta patrocinato dal <\/span><span style=\"font-size: medium\"><b>Comune di Riesi e dal Comitato Provinciale ANPI Caltanissett<\/b><\/span><span style=\"font-size: medium\">a.<\/span><\/p>\n<p><span style=\"font-size: medium\"><b>2019.<\/b><\/span><span style=\"font-size: medium\"> Realizza una serie di foto alle opere artistiche dello scultore e pittore <\/span><span style=\"font-size: medium\"><b>Onofrio La Leggia<\/b><\/span><span style=\"font-size: medium\">, che vengono pubblicate sui seguenti libri e cataloghi d\u2019arte: <\/span><\/p>\n<p><span style=\"font-size: medium\"><b>Libro: Artisti 19, Annuario Internazionale dell&#8217;arte contemporanea curato da<\/b><\/span><span style=\"font-size: medium\"><b>Vittorio Sgarbi e Philipe D\u2019Averio, edito dalla Mondadori; Cataloghi: Premio Internazionale Michelangelo 2019 edito Art Now; Mantova ArteExpo 2019, Artista dell\u2019Anno 2019 edito Art Now; Art Now periodico d\u2019arte Luglio\/Agosto 2019. <\/b><\/span><\/p>\n<p><span style=\"font-size: medium\"><b>Il quotidiano La Sicilia<\/b><\/span><span style=\"font-size: medium\"> ha pubblicato le sue foto sui <\/span><span style=\"font-size: medium\"><b>paesaggi siciliani nei calendari: La Sicilia 2016, 2017, 2018 edizione Caltanissetta e Catania<\/b><\/span><span style=\"font-size: medium\">. <\/span><\/p>\n<p><span style=\"font-size: medium\"><b>2020. <\/b><\/span><span style=\"font-size: medium\">Le foto di Giuseppe Calascibetta vengono pubblicate nel libro: <\/span><span style=\"font-size: medium\"><b>La ricerca misteriosa dei Beni culturali di Riesi a cura di Giuseppe Testa. Ed. Lussografica. Ottobre 2020.<\/b><\/span><\/p>\n<p><span style=\"font-size: medium\"><b>2020. dicembre.<\/b><\/span><span style=\"font-size: medium\"> Giuseppe Calascibetta pubblica il suo primo libro fotografico incentrato sui paesaggi siciliani dal titolo <\/span><span style=\"font-size: medium\"><b>Il Senso della Luce: viaggio nel centro Sicilia<\/b><\/span><span style=\"font-size: medium\"> patrocinato dal <\/span><span style=\"font-size: medium\"><b>Comune di Riesi, con la prefazione del notaio Andrea Bartoli,<\/b><\/span><span style=\"font-size: medium\"> fondatore della Farm Cultural Park di Favara.<\/span><\/p>\n<p><span style=\"font-size: medium\"><b>2020<\/b><\/span><span style=\"font-size: medium\">. Realizza una serie di foto alle opere artistiche dello scultore e pittore Onofrio La Leggia, che vengono pubblicate sui seguenti libri e cataloghi d\u2019arte: <\/span><span style=\"font-size: medium\"><b>Atlante dell\u2019Arte Contemporanea 2020, Edito DeAgostini; La Regola del gesto, mostra di Onofrio La Leggia a Lentini, ottobre 2020; Quadripersonale di ottobre edito Spazio Arte di Lamezia Terme, Spoleto Arte 2020 catalogo d\u2019arte a cura di Vittorio Sgarbi e Salvo Nugnes. <\/b><\/span><\/p>\n<p><span style=\"font-size: medium\"><b>2021. gennaio. L\u2019opera Sguardi,<\/b><\/span><span style=\"font-size: medium\"> un ritratto fotografico in bianco e nero raffigurante la giovane riesina Giulia Danese \u00e8 stata pubblicata nella rivista bimestrale d\u2019arte e cultura <\/span><span style=\"font-size: medium\"><b>ART NOW (gennaio\/febbraio 2021) curata dal critico d\u2019arte Sandro Serradifalco. <\/b><\/span><\/p>\n<p><span style=\"font-size: medium\"><b>2021. febbraio. Selezionato da SPOLETO ARTE <\/b><\/span><span style=\"font-size: medium\">per il catalogo nazionale <\/span><span style=\"font-size: medium\"><b>\u201cL\u2019Arte in Quarantena\u201d con l\u2019opera La Ballerina del tempo. <\/b><\/span><span style=\"font-size: medium\">Il volume edito<\/span><span style=\"font-size: medium\"><b> da TGCOM24 e Mondadori Editore <\/b><\/span><span style=\"font-size: medium\">curato da Paolo Liquori e da Salvo Nugnes; con i contributi di: Maria Rita Parsi (Psicologa e opinionista televisiva), Francesco Alberoni (Sociologo di fama mondiale), Giordano Bruno Guerri (Storico ed intellettuale italiano), Alessandro Meluzzi (Psichiatra e volto noto televisivo), Cristina Cattaneo (Psicologa e scrittrice) e Maria Flavia Sagnelli (Curatrice d&#8217;arte). Il volume \u00e8 stato presentato il 17 Giugno 2021 presso l\u2019Universit\u00e0 IULM di Milano con Paolo Liguori, Salvo Nugnes, Marco Columbro, Silvana Giacobini direttrice di CHI, Maria Rita Parsi psicologa e il fotografo Roberto Villa. L\u2019opera <\/span><span style=\"font-size: medium\"><b>La ballerina del tempo<\/b><\/span><span style=\"font-size: medium\"> \u00e8 apparsa sul notiziario di TGCOM24 del 21 giugno 2021 e il 23 giugno 2021 sul programma Mattino Cinque su Canale 5 della rete Mediaset. <\/span><\/p>\n<p><span style=\"font-size: medium\"><b>2021. marzo.<\/b><\/span><span style=\"font-size: medium\"> La Pro Loco di Riesi pubblica una <\/span><span style=\"font-size: medium\"><b>cartolina della Settimana santa a Riesi<\/b><\/span><span style=\"font-size: medium\"> con la foto della <\/span><span style=\"font-size: medium\"><b>Giunta<\/b><\/span><span style=\"font-size: medium\"> di Giuseppe Calascibetta. Foto anno 2016. <\/span><\/p>\n<p><span style=\"font-size: medium\"><b>2021. maggio.<\/b><\/span><span style=\"font-size: medium\"> Selezionato dalla <\/span><span style=\"font-size: medium\"><b>galleria Spazio Arte 57 di Lamezia Terme<\/b><\/span><span style=\"font-size: medium\"> per il catalogo d\u2019arte <\/span><span style=\"font-size: medium\"><b>Purpura Abyssi<\/b><\/span><span style=\"font-size: medium\"> curato dalla gallerista <\/span><span style=\"font-size: medium\"><b>Giovanna Addamo e dal critico d\u2019arte Jean- Fran\u00e7ois Bachis-Pugliese. Atdeditori. <\/b><\/span><\/p>\n<p><span style=\"font-size: medium\"><b>2021.luglio. <\/b><\/span><span style=\"font-size: medium\">Selezionato per<\/span><span style=\"font-size: medium\"><b> l\u2019Enciclopedia dell\u2019Arte Contemporanea Italiana a cura di Jean- Fran\u00e7ois Bachis-Pugliese. <\/b><\/span><span style=\"font-size: medium\">Presentazione: Dott.ssa Rosaria Succurro , Sindaco Citta&#8217; di San Giovanni in Fiore. Testi critici a cura di : Giuseppe Giglio, Docente di Storia dell&#8217;arte e Critico d&#8217;arte, Jean-Fran\u00e7ois Bachis-Pugliese Semiologo e Critico d\u2019arte, Mery Rose Florio, Giovanna Adamo , Mecenate e Gallerista, Adele Paola, Mecenate e Gallerista.<\/span><\/p>\n<p><span style=\"font-size: medium\"><b>2021. agosto<\/b><\/span><span style=\"font-size: medium\">. Due foto di Giuseppe Calascibetta alle sculture in bronzo dei carusi delle miniere realizzate dall\u2019artista di respiro internazionale Onofrio La Leggia, sono state pubblicate sulla rivista <\/span><span style=\"font-size: medium\"><b>Storica del National Geographic<\/b><\/span><span style=\"font-size: medium\"> nell\u2019articolo Carusi, piccoli &#8220;schiavi&#8221; nelle miniere di zolfo di Sicilia dello storico Matteo Dalena. <\/span><\/p>\n<p><span style=\"font-size: medium\"><b>2021. settembre<\/b><\/span><span style=\"font-size: medium\">. A curato la campagna fotografica per il libro <\/span><span style=\"font-size: medium\"><b>I Toscano<\/b><\/span><span style=\"font-size: medium\">, un saggio storico a cura dell\u2019Avv. Salvatore Michele Mirisola; che ha condotto delle ricerche approfondite sugli artisti-scalpellisti del 1700 che operavano a Riesi nell\u2019arte sacra. <\/span><\/p>\n<p>&nbsp;<\/p>\n<p><span style=\"font-size: medium\"><b>Mostre sulla storia della fotografia<\/b><\/span><\/p>\n<p><span style=\"font-size: medium\"><b>2011. <\/b><\/span><span style=\"font-size: medium\">\u201cRiesi la nostra storia in foto\u201d.<\/span><span style=\"font-size: medium\"> Mostra fotografica sulla storia di Riesi a cura di Giuseppe Calascibetta, Gaetano Giambusso e Dario Pistone. Promosso dal Comune di Riesi. <\/span><\/p>\n<p><span style=\"font-size: medium\"><b>2012. \u201cPasqua a Riesi- Frammenti storia e religiosit\u00e0<\/b><\/span><span style=\"font-size: medium\">\u201d<\/span><span style=\"font-size: medium\"> a cura di Gaetano Giambusso , Giuseppe Calascibetta e Gianni Veneziano; promosso dal Rotary Club Valle del Salso e dell\u2019Associazione L\u2019Anima di Riesi.<\/span><\/p>\n<p><span style=\"font-size: medium\"><b>2019. \u201cIl mito del Calcio nella Storia di Riesi\u201d <\/b><\/span><span style=\"font-size: medium\">a cura di Giuseppe Ragusa, Gaetano Giambusso e Giuseppe Calascibetta. Mostra promossa dal Comune di Riesi e dai Salesiani.<\/span><\/p>\n<p><span style=\"font-size: medium\"><b>Videografia<\/b><\/span><\/p>\n<p><span style=\"font-size: medium\"><b>Documentaristica<\/b><\/span><\/p>\n<p><span style=\"font-size: medium\"><b>2013. \u201cPasqua a Riesi\u201d <\/b><\/span><span style=\"font-size: medium\">con<\/span><span style=\"font-size: medium\"> riprese di Giuseppe Calacibetta, Antonino Cannatella e montato da Gaetano Giambusso. Documentario sui riti della Settimana Santa a Riesi, con due interviste inedite alle famiglie che possiedono i simulacri della Madonna di Pasqua e di San Pietro.<\/span><\/p>\n<p><span style=\"font-size: medium\"><b>2016. \u201cSiciliane nella Resistenza\u201d<\/b><\/span><span style=\"font-size: medium\">documentario realizzato dagli alunni 3\u00b0A dell\u2019Istituto Giosu\u00e8 Carducci di Riesi, con la collaborazione dell\u2019ANPI di Caltanissetta. Regia e riprese di Giuseppe Calascibetta. <\/span><\/p>\n<p>&nbsp;<\/p>\n<p><span style=\"font-size: medium\"><b>Pubblicitaria. <\/b><\/span><\/p>\n<p><span style=\"font-size: medium\"><b>2018. Spot pubblicitario Centro Danza e Benessere di Claudia Laurino<\/b><\/span><span style=\"font-size: medium\">. Scuola di danza. Riesi. <\/span><\/p>\n<p><span style=\"font-size: medium\"><b>2019.<\/b><\/span><span style=\"font-size: medium\"><b>Spot pubblicitario. Fisioproject Riesi.<\/b><\/span><\/p>\n<p><span style=\"font-size: medium\"><b>2020. Spot pubblicitario Step by Step Accademy. Scuola di formazione per hair-stylist. Riesi <\/b><\/span><\/p>\n<p>&nbsp;<\/p>\n<p><span style=\"font-size: medium\"><b>Collaborazioni a Concorsi fotografici<\/b><\/span><\/p>\n<p><span style=\"font-size: medium\"><b>2016.<\/b><\/span><span style=\"font-size: medium\"><b> Collabora al <\/b><\/span><span style=\"font-size: medium\"><b>concorso fotografico \u201cLibert\u00e0\u201d<\/b><\/span><span style=\"font-size: medium\">promosso dall\u2019ANPI di Riesi in occasione dei festeggiamenti del 25 aprile con la collaborazione di Rocco Millaci e Francesco Giannone.<\/span><\/p>\n<p><span style=\"font-size: medium\"><b>2017.<\/b><\/span><span style=\"font-size: medium\">Collabora al concorso fotografico e della mostra fotografica:<\/span><span style=\"font-size: medium\"><b>\u201cLa Settimana Santa in un click- 1\u00b0Memorial Angelo Capizzi\u201d <\/b><\/span><span style=\"font-size: medium\">organizzato alla Pro Loco di Riesi e promosso dalla Regione Siciliana.<\/span><\/p>\n<p><span style=\"font-size: medium\"><b>Hanno scritto di lui: <\/b><\/span><span style=\"font-size: medium\">Giuseppe Testa (storico e scrittore), Salvatore Michele Mirisola (storico e scrittore), Claudia Lo Blundo (scrittrice), Don Domenico Locatelli (missionario della Pastorale italiana a Bruxelles), Maurizio Nimis (fotografo), Delfina Butera (giornalista), Giuseppe Montedoro (Giornalista), Emanuela Ferro (studentessa Universit\u00e0 di Torino con la tesi di laurea Orgoglio Riesino anno 2011\/2012), Don Pino Giuliana (sacerdote e scrittore). <\/span><\/p>\n<p><span style=\"font-size: medium\"><b>Hanno scritto di lui: <\/b><\/span><span style=\"font-size: medium\">Photo Vogue Italia<\/span><span style=\"font-size: medium\"><b>, <\/b><\/span><span style=\"font-size: medium\">Storica del National Geographic, Fotografia Moderna, La Sicilia, Spoleto Arte, Today24, Seguo News, Caltanissetta live, Giornale Nisseno, Corriere di Gela, Libero, RadioCL1, GeoNews, La Gazzetta Nissena, Il Giornale italiano (mensile di cultura di Ginevra), Il Reventino, LameziaInforma. <\/span><\/p>\n<p><span style=\"font-size: large\">\u00a0<\/span><\/p>\n<p><a href=\"https:\/\/fiaf.net\/sicilia\/wp-content\/uploads\/sites\/20\/2021\/09\/WhatsApp-Image-2021-09-21-at-13.16.40.jpeg\"><img loading=\"lazy\" decoding=\"async\" class=\"alignnone size-medium wp-image-2254\" alt=\"WhatsApp Image 2021-09-21 at 13.16.40\" src=\"https:\/\/fiaf.net\/sicilia\/wp-content\/uploads\/sites\/20\/2021\/09\/WhatsApp-Image-2021-09-21-at-13.16.40.jpeg\" width=\"203\" height=\"300\" \/><\/a> <a href=\"https:\/\/fiaf.net\/sicilia\/wp-content\/uploads\/sites\/20\/2021\/09\/WhatsApp-Image-2021-09-21-at-13.16.15.jpeg\"><img loading=\"lazy\" decoding=\"async\" class=\"alignnone size-medium wp-image-2253\" alt=\"WhatsApp Image 2021-09-21 at 13.16.15\" src=\"https:\/\/fiaf.net\/sicilia\/wp-content\/uploads\/sites\/20\/2021\/09\/WhatsApp-Image-2021-09-21-at-13.16.15.jpeg\" width=\"200\" height=\"300\" \/><\/a> <a href=\"https:\/\/fiaf.net\/sicilia\/wp-content\/uploads\/sites\/20\/2021\/09\/WhatsApp-Image-2021-09-21-at-13.15.27.jpeg\"><img loading=\"lazy\" decoding=\"async\" class=\"alignnone size-medium wp-image-2252\" alt=\"WhatsApp Image 2021-09-21 at 13.15.27\" src=\"https:\/\/fiaf.net\/sicilia\/wp-content\/uploads\/sites\/20\/2021\/09\/WhatsApp-Image-2021-09-21-at-13.15.27.jpeg\" width=\"199\" height=\"300\" \/><\/a> <a href=\"https:\/\/fiaf.net\/sicilia\/wp-content\/uploads\/sites\/20\/2021\/09\/WhatsApp-Image-2021-09-21-at-13.14.48.jpeg\"><img loading=\"lazy\" decoding=\"async\" class=\"alignnone size-medium wp-image-2251\" alt=\"WhatsApp Image 2021-09-21 at 13.14.48\" src=\"https:\/\/fiaf.net\/sicilia\/wp-content\/uploads\/sites\/20\/2021\/09\/WhatsApp-Image-2021-09-21-at-13.14.48.jpeg\" width=\"300\" height=\"189\" \/><\/a> <a href=\"https:\/\/fiaf.net\/sicilia\/wp-content\/uploads\/sites\/20\/2021\/09\/WhatsApp-Image-2021-09-21-at-13.14.482.jpeg\"><img loading=\"lazy\" decoding=\"async\" class=\"alignnone size-medium wp-image-2250\" alt=\"WhatsApp Image 2021-09-21 at 13.14.48(2)\" src=\"https:\/\/fiaf.net\/sicilia\/wp-content\/uploads\/sites\/20\/2021\/09\/WhatsApp-Image-2021-09-21-at-13.14.482.jpeg\" width=\"199\" height=\"300\" \/><\/a> <a href=\"https:\/\/fiaf.net\/sicilia\/wp-content\/uploads\/sites\/20\/2021\/09\/WhatsApp-Image-2021-09-21-at-13.14.481.jpeg\"><img loading=\"lazy\" decoding=\"async\" class=\"alignnone size-medium wp-image-2249\" alt=\"WhatsApp Image 2021-09-21 at 13.14.48(1)\" src=\"https:\/\/fiaf.net\/sicilia\/wp-content\/uploads\/sites\/20\/2021\/09\/WhatsApp-Image-2021-09-21-at-13.14.481.jpeg\" width=\"300\" height=\"224\" \/><\/a><\/p>\n\n    <div class=\"xs_social_share_widget xs_share_url after_content \t\tmain_content  wslu-style-1 wslu-share-box-shaped wslu-fill-colored wslu-none wslu-share-horizontal wslu-theme-font-no wslu-main_content\">\n\n\t\t\n        <ul>\n\t\t\t        <\/ul>\n    <\/div> \n","protected":false},"excerpt":{"rendered":"<p>Dal 4 al 17 ottobre 2021 dalle ore 10. 00 alle ore 19.00\u00a0presso la sede della Pro Loco di Enna &hellip;<\/p>\n","protected":false},"author":5,"featured_media":2255,"comment_status":"closed","ping_status":"closed","sticky":false,"template":"","format":"standard","meta":{"_acf_changed":false,"footnotes":""},"categories":[9],"tags":[283,284],"class_list":["post-2409","post","type-post","status-publish","format-standard","has-post-thumbnail","hentry","category-mostre","tag-adfectus","tag-giuseppe-giancarlo-calascibetta"],"acf":[],"_links":{"self":[{"href":"https:\/\/fiaf.net\/sicilia\/wp-json\/wp\/v2\/posts\/2409","targetHints":{"allow":["GET"]}}],"collection":[{"href":"https:\/\/fiaf.net\/sicilia\/wp-json\/wp\/v2\/posts"}],"about":[{"href":"https:\/\/fiaf.net\/sicilia\/wp-json\/wp\/v2\/types\/post"}],"author":[{"embeddable":true,"href":"https:\/\/fiaf.net\/sicilia\/wp-json\/wp\/v2\/users\/5"}],"replies":[{"embeddable":true,"href":"https:\/\/fiaf.net\/sicilia\/wp-json\/wp\/v2\/comments?post=2409"}],"version-history":[{"count":2,"href":"https:\/\/fiaf.net\/sicilia\/wp-json\/wp\/v2\/posts\/2409\/revisions"}],"predecessor-version":[{"id":2442,"href":"https:\/\/fiaf.net\/sicilia\/wp-json\/wp\/v2\/posts\/2409\/revisions\/2442"}],"wp:featuredmedia":[{"embeddable":true,"href":"https:\/\/fiaf.net\/sicilia\/wp-json\/wp\/v2\/media\/2255"}],"wp:attachment":[{"href":"https:\/\/fiaf.net\/sicilia\/wp-json\/wp\/v2\/media?parent=2409"}],"wp:term":[{"taxonomy":"category","embeddable":true,"href":"https:\/\/fiaf.net\/sicilia\/wp-json\/wp\/v2\/categories?post=2409"},{"taxonomy":"post_tag","embeddable":true,"href":"https:\/\/fiaf.net\/sicilia\/wp-json\/wp\/v2\/tags?post=2409"}],"curies":[{"name":"wp","href":"https:\/\/api.w.org\/{rel}","templated":true}]}}