{"id":2531,"date":"2022-06-09T20:42:39","date_gmt":"2022-06-09T18:42:39","guid":{"rendered":"https:\/\/fiaf.net\/sicilia\/?p=2531"},"modified":"2022-06-09T20:42:39","modified_gmt":"2022-06-09T18:42:39","slug":"26-etna-photo-meeting-2022","status":"publish","type":"post","link":"https:\/\/fiaf.net\/sicilia\/26-etna-photo-meeting-2022\/","title":{"rendered":"26\u00b0 Etna Photo Meeting 2022"},"content":{"rendered":"<p>Dopo due anni di stop &#8220;forzato&#8221; riparte alla grande l&#8217;Etna Photo Meeting.<\/p>\n<p>Giunto alla ventiseiesima edizione a partire dal 17 giugno 2022 alle ore 19:30 fino alle 22:00 di giorno 26 giugno il Gruppo fotografico Le Gru ritorna con una ricchissima offerta di attivit\u00e0 fotografiche!<\/p>\n<p>&nbsp;<\/p>\n<p><img loading=\"lazy\" decoding=\"async\" class=\"alignnone size-medium wp-image-2537\" src=\"https:\/\/fiaf.net\/sicilia\/wp-content\/uploads\/sites\/20\/2022\/06\/z-locandina-212x300.jpeg\" alt=\"\" width=\"212\" height=\"300\" srcset=\"https:\/\/fiaf.net\/sicilia\/wp-content\/uploads\/sites\/20\/2022\/06\/z-locandina-212x300.jpeg 212w, https:\/\/fiaf.net\/sicilia\/wp-content\/uploads\/sites\/20\/2022\/06\/z-locandina-724x1024.jpeg 724w, https:\/\/fiaf.net\/sicilia\/wp-content\/uploads\/sites\/20\/2022\/06\/z-locandina-768x1086.jpeg 768w, https:\/\/fiaf.net\/sicilia\/wp-content\/uploads\/sites\/20\/2022\/06\/z-locandina.jpeg 842w\" sizes=\"auto, (max-width: 212px) 100vw, 212px\" \/><\/p>\n<div class=\"kvgmc6g5 cxmmr5t8 oygrvhab hcukyx3x c1et5uql ii04i59q\">\n<div dir=\"auto\">I<strong>l premio Le Gru 2022 verr\u00e0 consegnato a Gianni Maffi<\/strong> presso Palazzo Riggio &#8211; Aci Catena (CT) il 17 giugno alle ore 20:30. Nelle sale di Palazzo Riggio sar\u00e0 in esposizione il progetto fotografico dell&#8217;autore dal nome &#8220;7458 Km&#8221;.<\/div>\n<div dir=\"auto\"><\/div>\n<div dir=\"auto\">GIANNI MAFFI<br \/>\nNasce a Milano, dove vive e lavora, nel 1957. Studia Ottica e Fotografia all\u2019Istituto Tecnico Industriale Galileo Galilei di Milano. Dopo il diploma intraprende la carriera di fotografo nei settori della pubblicit\u00e0 e dell\u2019editoria. Parallelamente realizza ricerche personali dedicate prevalentemente al paesaggio, concentrandosi in modo particolare sui rapporti tra paesaggio naturale e antropizzazione, margini urbani e campagna, centri storici e segni del mondo contemporaneo.Ha realizzato numerosi progetti espositivi personali e partecipato a esposizioni collettive in gallerie private e spazi pubblici in Italia e all\u2019estero. I suoi lavori sono stampati in volumi d\u2019arte in edizioni limitate e sono pubblicati su consolidate riviste e magazine.Sue fotografie e libri d\u2019artista fanno parte di importanti collezioni, tra cui quelle di: MUFOCO &#8211; Museo di Fotografia Contemporanea di Cinisello (Milano); Getty Research Institute Library &#8211; Los Angeles; Columbia University Libraries &#8211; New York; Harvard University &#8211; Fine Arts Library; Art Institute of Chicago &#8211; Ryerson &amp; Burnham Libraries; S\u00e4chsische Landesbibliothek &#8211; Staats- und Universit\u00e4tsbibliothek Dresden; Yale University Library; Princeton University Library. Nel 2016 gli viene conferito il Premio Macugnaga Arte e Cultura per il lavoro Montagne di carta, dedicato al paesaggio di montagna italiano.<br \/>\n7458 Km<br \/>\nIl mare circonda il Belpaese lungo uno sviluppo costiero di ben 7458 km \u2013 incluse le isole \u2013 su cui si alternano: spiagge, scogliere, golfi, falesie, lagune, promontori, insenature.<br \/>\nGianni Maffi esplora questi paesaggi tra terra e mare che hanno visto, nel corso dei secoli, l\u2019incontro, la condivisione, lo scambio, cos\u00ec come le incomprensioni, le tensioni, le violenze, tra civilt\u00e0 e culture diverse. Ne scaturisce un disordinato e poetico portolano fatto di immagini, nel quale il fotografo milanese, con lo stile che contraddistingue i suoi lavori pi\u00f9 recenti, propone le coordinate sentimentali per un viaggio lungo le costiere italiane tra natura, testimonianze del passato e segni profondi del mondo contemporaneo.<\/div>\n<\/div>\n<div dir=\"auto\"><\/div>\n<div dir=\"auto\"><strong>Il premio alla Cultura fotografica verr\u00e0 consegnato ad Angela Madesani ANGELA MADESANI<\/strong><br \/>\nAutrice del volume \u201cLe icone fluttuanti\u201d e di \u201cStoria della fotografia\u201d (Bruno Mondadori). Ha recentemente pubblicato Immagini di una storia. Fotografia italiana dalla collezione Marone (Nomos Edizioni). Ha curato mostre presso istituzioni pubbliche e private italiane e straniere. Tra le altre Utopie quotidiane al P.A.C. di Milano, la prima edizione del Festival Europeo della Fotografia di Reggio Emilia e la mostra Kal\u00e9idoskope d\u2019Italie presso il CNA di Dudelange, la Biennale Donna di Ferrara. Collabora con Artribune. Dal 1997 insegna Storia della fotografia allo Istituto Europeo di Design di Milano. \u00c8 autrice di alcuni volumi di prestigiosi autori fra i quali: Basilico, Cavalli, Vaccari, Castella, Jodice, Ghirri, Paolini, Cioni Carpi.<\/div>\n<div dir=\"auto\"><\/div>\n<div dir=\"auto\">Nell&#8217;ambito della manifestazione sar\u00e0 possibile partecipare a quattro workshop:<\/div>\n<div dir=\"auto\">&#8211; &#8220;Idda\/Lei&#8221; a cura di Antonio Sollazzo;<\/div>\n<div dir=\"auto\">&#8211; &#8220;Solarigrafia&#8221; a cura di Daniela Sidari;<\/div>\n<div dir=\"auto\">&#8211; &#8220;Il paesaggio notturno&#8221; a cura di Antonio e Lorenzo D&#8217;Agata;<\/div>\n<div dir=\"auto\">&#8211; &#8220;Narrazione e costruzione del portfolio fotografico&#8221; a cura di Michele Di Donato.<\/div>\n<div dir=\"auto\"><\/div>\n<div dir=\"auto\">Si potr\u00e0 partecipare al seminario &#8220;Che cos&#8217;\u00e9 un audiovisivo&#8221; a cura di Roberto Puato che sar\u00e0 presente in collegamento on-line.<\/div>\n<div dir=\"auto\"><\/div>\n<div dir=\"auto\">Ci saranno, inoltre, tre sessioni di lettura portfolio nell&#8217;ambito della 19ma edizione di Portfolio Insieme. La lettura sar\u00e0 a cura di: Angela Madesani, Daniela Sidari, Eletta Massimino, Fabiola Di Maggio, Michele Di Donato e Pippo Pappalardo.<\/div>\n<div dir=\"auto\"><\/div>\n<div dir=\"auto\">Verranno presentati i libri: L&#8217;uomo fotografico di Fabiola di Maggio, Cartoline dalle rovine, AA. VV. a cura di Attilio Lauria e Immagini di una storia. Fotografia italiana dalla collezione Marone (Nomos Edizioni).<\/div>\n<div dir=\"auto\"><\/div>\n<div dir=\"auto\">Inoltre, sar\u00e0 possibile partecipare all&#8217;estemporanea fotografica a cura dei F.lli D&#8217;Agata.<\/div>\n<div dir=\"auto\"><\/div>\n<div dir=\"auto\">La manifestazione si concluder\u00e0 con una proiezione di audiovisivi a cura del DIAF.<\/div>\n<div dir=\"auto\"><\/div>\n<div dir=\"auto\"><\/div>\n<div dir=\"auto\"><\/div>\n<div dir=\"auto\">A seguire, il programma completo:<\/div>\n<div dir=\"auto\"><\/div>\n<div dir=\"auto\">PROGRAMMA ETNA PHOTO MEETING 2022<\/div>\n<div dir=\"auto\">\nVenerd\u00ec 17 giugno 2022<br \/>\nOre 19:30 Apertura segreteria<br \/>\nOre 20:00 Apertura della manifestazione con i saluti delle Autorit\u00e0<br \/>\nOre 20:15 Presentazione di \u201c&#8230; un, due, tre, TERRA! Giocando a non giocare\u201d<br \/>\nOre 20:30 Cerimonia di consegna del Premio Le Gru 2022 a Gianni Maffi e presentazione dell&#8217;autore<br \/>\nOre 21:30 Inaugurazione mostre<br \/>\nSabato 18 giugno 2022<br \/>\nOre 09:00-13:00 Apertura segreteria e mostre<br \/>\nOre 10:00-17:00 Estemporanea fotografica Le Gru 2022 a cura dei Fratelli D&#8217;Agata<br \/>\nOre 10:00-13:00 Workshop \u201cIDDA\/Lei\u201d a cura di Antonio Sollazzo<br \/>\nOre 17:00-22:00 Apertura segreteria e mostre<br \/>\nOre 18:30-21:00 Incontro con il Premio Le Gru, Gianni Maffi \u201cFotografia: tra documento e narrazione\u201d<br \/>\nOre 21:00 cena con gli ospiti<br \/>\nDomenica 19 giugno 2022<br \/>\nOre 09:00-13:00 Apertura segreteria e mostre<br \/>\nOre 10:00-19:00 Workshop \u201cIDDA\/Lei\u201d a cura di Antonio Sollazzo<br \/>\nOre 10:00-12:00 Workshop \u201cSolarigrafia\u201d a cura di Daniela Sidari<br \/>\nOre 15:30-17:00 Workshop \u201cSolarigrafia\u201d a cura di Daniela Sidari<br \/>\nOre 17:00-22:00 Apertura segreteria e mostre<br \/>\nMercoled\u00ec 22 giugno 2022<br \/>\nOre 20:30-22:00 Seminario in presenza \u201cChe cos\u2019\u00e8 un audiovisivo\u201d a cura di Roberto Puato in<br \/>\ncollegamento on-line<br \/>\nVenerd\u00ec 24 giugno 2022<br \/>\nOre 09:00-13:00 Apertura segreteria e mostre<br \/>\nOre 15:30-18:00 Workshop \u201cIl paesaggio notturno\u201d a cura di Antonio e Lorenzo D&#8217;Agata<br \/>\nOre 16:00-18:00 Workshop \u201cNarrazione e costruzione del portfolio fotografico\u201d a cura di Michele Di<br \/>\nDonato<br \/>\nOre 17:00-21:00 Apertura segreteria e mostre<br \/>\nOre 18:30-21:00 Presentazione dei libri: \u201cL&#8217;uomo Fotografico\u201d di Fabiola Di Maggio, Cartoline dalle<br \/>\nrovine di AAVV, Venticinquennale Le Gru<br \/>\nOre 21:30-24:00 Workshop \u201cIl paesaggio notturno\u201d a cura di Antonio e Lorenzo D&#8217;Agata<br \/>\nSabato 25 giugno 2022<br \/>\nOre 09:00-13:00 Apertura segreteria e mostre<br \/>\nOre 09:00-13:00 Workshop \u201cNarrazione e costruzione del portfolio fotografico\u201d a cura di Michele Di<br \/>\nDonato<br \/>\nOre 09:30-13:00 Prima sessione Lettura \u201c19\u00b0 Portfolio Insieme 2022\u201d<br \/>\nOre 10:30-12:30 Workshop \u201cIl paesaggio notturno\u201d a cura di Antonio e Lorenzo D&#8217;Agata<br \/>\nOre 15:30-18:00 Workshop \u201cNarrazione e costruzione del portfolio fotografico\u201d a cura di Michele Di<br \/>\nDonato<br \/>\nOre 16:00-18:00 Seconda sessione Lettura \u201c19\u00b0 Portfolio Insieme 2022\u201d<br \/>\nOre 17:00-22:00 Apertura segreteria e mostre<br \/>\nOre 18:30 Consegna Premio alla Cultura ad Angela Madesani e presentazione dell&#8217;autrice<br \/>\nOre 19:00 Lectio Magistralis \u201cImmagini di una storia\u201d a cura di Angela Madesani<br \/>\nOre 21:00 cena con gli ospiti<br \/>\nDomenica 26 giugno 2022<br \/>\nOre 09:00-13:00 Apertura segreteria e mostre<br \/>\nOre 09:00-13:00 Workshop \u201cNarrazione e costruzione del portfolio fotografico\u201d a cura di Michele Di<br \/>\nDonato<br \/>\nOre 09:00-13:00 Terza sessione Lettura \u201c19\u00b0 Portfolio Insieme 2022\u201d<br \/>\nOre 15:30-16:30 Riunione Giuria \u201c19\u00b0 Portfolio Insieme 2022\u201d<br \/>\nOre 17:00-22:00 Apertura segreteria e mostre<br \/>\nOre 17:00-19:00 Workshop \u201cNarrazione e costruzione del portfolio fotografico\u201d a cura di Michele Di<br \/>\nDonato<br \/>\nOre 17:30-19:00 Workshop \u201cSolarigrafia\u201d a cura di Daniela Sidari<br \/>\nOre 20:15 Premiazione \u201c19\u00b0 Portfolio Insieme 2022\u201d<br \/>\nOre 20:30 Premiazione Estemporanea fotografica Le Gru 2022<br \/>\nOre 20:45 Consegna attestati agli allievi del 27\u00b0 Corso di fotografia Le Gru 2022<br \/>\nOre 21:00 Serata audiovisivi a cura del DIAF<\/div>\n<div dir=\"auto\"><\/div>\n<div dir=\"auto\">Dai sottostanti link \u00e8 possibile scaricare il programma dettagliato dei workshop e la modalit\u00e0 di partecipazione:<\/div>\n<div dir=\"auto\"><\/div>\n<div dir=\"auto\"><a href=\"https:\/\/fiaf.net\/sicilia\/wp-content\/uploads\/sites\/20\/2022\/06\/WS-DAgata-brochureA4.pdf\">WS-DAgata-brochureA4<\/a><\/div>\n<div dir=\"auto\"><a href=\"https:\/\/fiaf.net\/sicilia\/wp-content\/uploads\/sites\/20\/2022\/06\/WS-DiDonato-brochureA43.pdf\">WS-DiDonato-brochureA4(3)<\/a><\/div>\n<div dir=\"auto\"><a href=\"https:\/\/fiaf.net\/sicilia\/wp-content\/uploads\/sites\/20\/2022\/06\/WS-SIdari-brochureA4.pdf\">WS-SIdari-brochureA4<\/a><\/div>\n<div dir=\"auto\"><a href=\"https:\/\/fiaf.net\/sicilia\/wp-content\/uploads\/sites\/20\/2022\/06\/WS-Sollazzo-brochureA4.pdf\">WS-Sollazzo-brochureA4<\/a><\/div>\n<div dir=\"auto\"><\/div>\n<div dir=\"auto\"><\/div>\n\n    <div class=\"xs_social_share_widget xs_share_url after_content \t\tmain_content  wslu-style-1 wslu-share-box-shaped wslu-fill-colored wslu-none wslu-share-horizontal wslu-theme-font-no wslu-main_content\">\n\n\t\t\n        <ul>\n\t\t\t        <\/ul>\n    <\/div> \n","protected":false},"excerpt":{"rendered":"<p>Dopo due anni di stop &#8220;forzato&#8221; riparte alla grande l&#8217;Etna Photo Meeting. Giunto alla ventiseiesima edizione a partire dal 17 &hellip;<\/p>\n","protected":false},"author":5,"featured_media":2538,"comment_status":"closed","ping_status":"closed","sticky":false,"template":"","format":"standard","meta":{"_acf_changed":false,"footnotes":""},"categories":[2,6,8,9,12],"tags":[123,288,289,290],"class_list":["post-2531","post","type-post","status-publish","format-standard","has-post-thumbnail","hentry","category-attivita-circoli","category-corsoworkshop","category-manifestazioni","category-mostre","category-proiezioni","tag-gruppo-fotografico-le-gru","tag-etna-photo-meeting-2022","tag-gianni-maffi","tag-angela-madesani"],"acf":[],"_links":{"self":[{"href":"https:\/\/fiaf.net\/sicilia\/wp-json\/wp\/v2\/posts\/2531","targetHints":{"allow":["GET"]}}],"collection":[{"href":"https:\/\/fiaf.net\/sicilia\/wp-json\/wp\/v2\/posts"}],"about":[{"href":"https:\/\/fiaf.net\/sicilia\/wp-json\/wp\/v2\/types\/post"}],"author":[{"embeddable":true,"href":"https:\/\/fiaf.net\/sicilia\/wp-json\/wp\/v2\/users\/5"}],"replies":[{"embeddable":true,"href":"https:\/\/fiaf.net\/sicilia\/wp-json\/wp\/v2\/comments?post=2531"}],"version-history":[{"count":4,"href":"https:\/\/fiaf.net\/sicilia\/wp-json\/wp\/v2\/posts\/2531\/revisions"}],"predecessor-version":[{"id":2541,"href":"https:\/\/fiaf.net\/sicilia\/wp-json\/wp\/v2\/posts\/2531\/revisions\/2541"}],"wp:featuredmedia":[{"embeddable":true,"href":"https:\/\/fiaf.net\/sicilia\/wp-json\/wp\/v2\/media\/2538"}],"wp:attachment":[{"href":"https:\/\/fiaf.net\/sicilia\/wp-json\/wp\/v2\/media?parent=2531"}],"wp:term":[{"taxonomy":"category","embeddable":true,"href":"https:\/\/fiaf.net\/sicilia\/wp-json\/wp\/v2\/categories?post=2531"},{"taxonomy":"post_tag","embeddable":true,"href":"https:\/\/fiaf.net\/sicilia\/wp-json\/wp\/v2\/tags?post=2531"}],"curies":[{"name":"wp","href":"https:\/\/api.w.org\/{rel}","templated":true}]}}