{"id":758,"date":"2014-01-13T20:51:50","date_gmt":"2014-01-13T18:51:50","guid":{"rendered":"https:\/\/fiaf.net\/regioni\/sicilia\/?p=758"},"modified":"2014-01-13T20:51:50","modified_gmt":"2014-01-13T18:51:50","slug":"la-foto-dellanno-2012-valverde-ct-2","status":"publish","type":"post","link":"https:\/\/fiaf.net\/sicilia\/la-foto-dellanno-2012-valverde-ct-2\/","title":{"rendered":"La foto dell&#039;anno 2012, Valverde (CT)"},"content":{"rendered":"<p><!--[if gte mso 9]&gt;--><\/p>\n<p>  Normal<br \/>\n  0<br \/>\n  14<\/p>\n<p>  false<br \/>\n  false<br \/>\n  false<\/p>\n<p>  MicrosoftInternetExplorer4<\/p>\n<p><!--[if gte mso 9]&gt;--><\/p>\n<p><!--[if !mso]&gt;--><\/p>\n<p>st1\\:*{behavior:url(#ieooui) }<\/p>\n<p><!--[if gte mso 10]&gt;--><\/p>\n<p> \/* Style Definitions *\/<br \/>\n table.MsoNormalTable<br \/>\n\t{mso-style-name:&#8221;Tabella normale&#8221;;<br \/>\n\tmso-tstyle-rowband-size:0;<br \/>\n\tmso-tstyle-colband-size:0;<br \/>\n\tmso-style-noshow:yes;<br \/>\n\tmso-style-parent:&#8221;&#8221;;<br \/>\n\tmso-padding-alt:0cm 5.4pt 0cm 5.4pt;<br \/>\n\tmso-para-margin:0cm;<br \/>\n\tmso-para-margin-bottom:.0001pt;<br \/>\n\tmso-pagination:widow-orphan;<br \/>\n\tfont-size:10.0pt;<br \/>\n\tfont-family:&#8221;Times New Roman&#8221;;<br \/>\n\tmso-ansi-language:#0400;<br \/>\n\tmso-fareast-language:#0400;<br \/>\n\tmso-bidi-language:#0400;}<\/p>\n<p class=\"MsoNormal\"><b><span style=\"font-size: 13.5pt\">LA FOTO DELL&#8217;ANNO 2012<\/span><\/b><\/p>\n<p class=\"MsoNormal\"><span style=\"text-decoration: underline\">Mostra fotografica<\/span><\/p>\n<p class=\"MsoNormal\"><span style=\"font-family: 'Century Schoolbook'\">Venerd\u00ec 24 gennaio 2014 alle ore 20,00 presso la GALLERIA FIAF &#8211; LE GRU di Valverde (Corso Vitt. Emanuele, 214) sar\u00e0 inaugurata la mostra fotografica collettiva dal titolo \u201cLA FOTO DELL?ANNO 2012\u201d<b>. <\/b>La mostra sar\u00e0 presentata da Giuseppe Fichera, presidente del Gruppo Fotografico Le Gru,\u00a0 e da Santo Mongio\u00ec, Direttore della Galleria FIAF- Le Gru.<\/span><\/p>\n<p class=\"MsoNormal\"><span style=\"font-family: 'Century Schoolbook'\">La stessa rimarr\u00e0 aperta tutti i luned\u00ec e venerd\u00ec non festivi fino al 7 febbraio 2014, dalle ore 20,00 alle ore 22,00.<\/span><\/p>\n<p class=\"MsoNormal\"><a href=\"https:\/\/fiaf.net\/sicilia\/wp-content\/uploads\/sites\/20\/2014\/01\/Bani-Angelo-Pronto-Soccorso-Veterinario-6-anche-4.jpg\"><img loading=\"lazy\" decoding=\"async\" class=\"alignleft size-full wp-image-759\" alt=\"Bani-Angelo---Pronto-Soccorso-Veterinario-6-(anche-4)\" src=\"https:\/\/fiaf.net\/sicilia\/wp-content\/uploads\/sites\/20\/2014\/01\/Bani-Angelo-Pronto-Soccorso-Veterinario-6-anche-4.jpg\" width=\"400\" height=\"268\" srcset=\"https:\/\/fiaf.net\/sicilia\/wp-content\/uploads\/sites\/20\/2014\/01\/Bani-Angelo-Pronto-Soccorso-Veterinario-6-anche-4.jpg 400w, https:\/\/fiaf.net\/sicilia\/wp-content\/uploads\/sites\/20\/2014\/01\/Bani-Angelo-Pronto-Soccorso-Veterinario-6-anche-4-300x201.jpg 300w\" sizes=\"auto, (max-width: 400px) 100vw, 400px\" \/><\/a><\/p>\n<p class=\"MsoNormal\">\n<p class=\"MsoNormal\">\n<p class=\"MsoNormal\">\n<p class=\"MsoNormal\">\n<p class=\"MsoNormal\">\n<p class=\"MsoNormal\">\n<p class=\"MsoNormal\"><a href=\"https:\/\/fiaf.net\/sicilia\/wp-content\/uploads\/sites\/20\/2014\/01\/Bartoloni-Roberto-Si-parte.jpg\"><img loading=\"lazy\" decoding=\"async\" class=\"alignleft size-full wp-image-760\" alt=\"Bartoloni-Roberto---Si-parte\" src=\"https:\/\/fiaf.net\/sicilia\/wp-content\/uploads\/sites\/20\/2014\/01\/Bartoloni-Roberto-Si-parte.jpg\" width=\"400\" height=\"266\" srcset=\"https:\/\/fiaf.net\/sicilia\/wp-content\/uploads\/sites\/20\/2014\/01\/Bartoloni-Roberto-Si-parte.jpg 400w, https:\/\/fiaf.net\/sicilia\/wp-content\/uploads\/sites\/20\/2014\/01\/Bartoloni-Roberto-Si-parte-300x200.jpg 300w\" sizes=\"auto, (max-width: 400px) 100vw, 400px\" \/><\/a><\/p>\n<p class=\"MsoNormal\">\n<p class=\"MsoNormal\">\n<p class=\"MsoNormal\">\n<p class=\"MsoNormal\">\n<p class=\"MsoNormal\">\n<p class=\"MsoNormal\">\n<p class=\"MsoNormal\"><a href=\"https:\/\/fiaf.net\/sicilia\/wp-content\/uploads\/sites\/20\/2014\/01\/Garzone-Cristina-La-pastorella.jpg\"><img loading=\"lazy\" decoding=\"async\" class=\"alignleft size-full wp-image-761\" alt=\"Garzone-Cristina---La-pastorella\" src=\"https:\/\/fiaf.net\/sicilia\/wp-content\/uploads\/sites\/20\/2014\/01\/Garzone-Cristina-La-pastorella.jpg\" width=\"400\" height=\"267\" srcset=\"https:\/\/fiaf.net\/sicilia\/wp-content\/uploads\/sites\/20\/2014\/01\/Garzone-Cristina-La-pastorella.jpg 400w, https:\/\/fiaf.net\/sicilia\/wp-content\/uploads\/sites\/20\/2014\/01\/Garzone-Cristina-La-pastorella-300x200.jpg 300w\" sizes=\"auto, (max-width: 400px) 100vw, 400px\" \/><\/a><\/p>\n<p class=\"MsoNormal\">\n<p class=\"MsoNormal\">\n<p class=\"MsoNormal\">\n<p class=\"MsoNormal\">\n<p class=\"MsoNormal\">\n<p class=\"MsoNormal\">\n<p><strong>Dalla recensione di Serena Vasta<\/strong><\/p>\n<p class=\"MsoNormal\"><b>LA FOTO DELL\u2019ANNO 2012<\/b><\/p>\n<p class=\"MsoNormal\">La Galleria FIAF del Gruppo Fotografico Le Gru di Valverde ospita la mostra &#8220;La foto dell&#8217;anno&#8221;, una selezione delle fotografie pi\u00f9 belle che hanno ricevuto premi e riconoscimenti in ambito nazionale. Partecipano alla selezione le opere prime classificate nei concorsi di tutte le Sezioni valide per la Statistica FIAF, il meglio del meglio che l\u2019Italia riesce a produrre in ambito fotografico. Le foto pi\u00f9 belle dei vari concorsi saranno esposte in un\u2019unica mostra itinerante gestita dal &#8220;Dipartimento Grandi Mostre&#8221; che il 26 gennaio 2014 far\u00e0 tappa in Sicilia.<\/p>\n<p class=\"MsoNormal\">Un estratto delle fotografie pi\u00f9 spettacolari e particolari dell\u2019anno che raccontano molto bene la molteplice visione di tanti artisti italiani, consolidati o emergenti, che scattano le fotografie e poi si mettono in gioco cimentandosi nei concorsi.<\/p>\n<p class=\"MsoNormal\">Perch\u00e9 anche se la fotografia non deve essere una gara, i concorsi sono il mezzo pi\u00f9 potente che abbiamo per migliorare, per stimolare la nostra creativit\u00e0 e per ottenere il massimo da noi stessi. La sfida \u00e8 sempre contro noi stessi, non con gli altri. Nella mostra &#8220;La foto dell&#8217;anno&#8221; si alternano spettacolari foto naturalistiche, immagini di reportage, sportive e concettuali, si passa dagli atleti di nuoto, rugby e pugilato alla street photography, dal reportage nell\u2019ambulatorio veterinario alle piogge dei Monsoni.<span>\u00a0 <\/span>La mostra comprende anche l\u2019opera \u201cSi parte\u201d di Roberto BARTOLONI che \u00e8 stata proclamata foto dell\u2019anno 2012.<\/p>\n<p class=\"MsoNormal\"><i>Espongono: <\/i><i><span>Angelo Bani, Roberto Bartoloni, Valter Bernardeschi, Andrea Bientinesi, Carla Boccolari, Giuseppe Caleffi, Franca Del Giudice, Leonardo Fava, Giovanni Frescura, Cristina Garzone, Dino Gibertoni, Andrea Giuntoli, Paolo Loli,Carlo Lupi, Michele Macinai, Marco Magherini, Angiolo Manetti, Gianbattista Mazzuco, Pierluigi Mioli, Giulio Montini,Elisabetta Paolicchi, Vittorio Ricci, Enzo Righeschi, Pierluigi Rizzato, Mario Rosseti, Diego Speri e Mirko Zanetti.<\/span><\/i><\/p>\n<p class=\"MsoNormal\"><span>\u00a0<\/span><\/p>\n\n    <div class=\"xs_social_share_widget xs_share_url after_content \t\tmain_content  wslu-style-1 wslu-share-box-shaped wslu-fill-colored wslu-none wslu-share-horizontal wslu-theme-font-no wslu-main_content\">\n\n\t\t\n        <ul>\n\t\t\t        <\/ul>\n    <\/div> \n","protected":false},"excerpt":{"rendered":"<p>Normal 0 14 false false false MicrosoftInternetExplorer4 st1\\:*{behavior:url(#ieooui) } \/* Style Definitions *\/ table.MsoNormalTable {mso-style-name:&#8221;Tabella normale&#8221;; mso-tstyle-rowband-size:0; mso-tstyle-colband-size:0; mso-style-noshow:yes; mso-style-parent:&#8221;&#8221;; &hellip;<\/p>\n","protected":false},"author":1,"featured_media":761,"comment_status":"closed","ping_status":"closed","sticky":false,"template":"","format":"standard","meta":{"_acf_changed":false,"footnotes":""},"categories":[7,9],"tags":[],"class_list":["post-758","post","type-post","status-publish","format-standard","has-post-thumbnail","hentry","category-gallerie","category-mostre"],"acf":[],"_links":{"self":[{"href":"https:\/\/fiaf.net\/sicilia\/wp-json\/wp\/v2\/posts\/758","targetHints":{"allow":["GET"]}}],"collection":[{"href":"https:\/\/fiaf.net\/sicilia\/wp-json\/wp\/v2\/posts"}],"about":[{"href":"https:\/\/fiaf.net\/sicilia\/wp-json\/wp\/v2\/types\/post"}],"author":[{"embeddable":true,"href":"https:\/\/fiaf.net\/sicilia\/wp-json\/wp\/v2\/users\/1"}],"replies":[{"embeddable":true,"href":"https:\/\/fiaf.net\/sicilia\/wp-json\/wp\/v2\/comments?post=758"}],"version-history":[{"count":0,"href":"https:\/\/fiaf.net\/sicilia\/wp-json\/wp\/v2\/posts\/758\/revisions"}],"wp:featuredmedia":[{"embeddable":true,"href":"https:\/\/fiaf.net\/sicilia\/wp-json\/wp\/v2\/media\/761"}],"wp:attachment":[{"href":"https:\/\/fiaf.net\/sicilia\/wp-json\/wp\/v2\/media?parent=758"}],"wp:term":[{"taxonomy":"category","embeddable":true,"href":"https:\/\/fiaf.net\/sicilia\/wp-json\/wp\/v2\/categories?post=758"},{"taxonomy":"post_tag","embeddable":true,"href":"https:\/\/fiaf.net\/sicilia\/wp-json\/wp\/v2\/tags?post=758"}],"curies":[{"name":"wp","href":"https:\/\/api.w.org\/{rel}","templated":true}]}}