{"id":790,"date":"2014-03-06T22:34:49","date_gmt":"2014-03-06T20:34:49","guid":{"rendered":"https:\/\/fiaf.net\/regioni\/sicilia\/?p=790"},"modified":"2014-03-06T22:34:49","modified_gmt":"2014-03-06T20:34:49","slug":"estetica-della-finestra-geometrie-forme-e-colori-valverde-ct","status":"publish","type":"post","link":"https:\/\/fiaf.net\/sicilia\/estetica-della-finestra-geometrie-forme-e-colori-valverde-ct\/","title":{"rendered":"Estetica della finestra: geometrie, forme e colori, Valverde (CT)"},"content":{"rendered":"<p><strong>Estetica della finestra: geometrie, forme e colori <\/strong><br \/>\n<i>Venerd\u00ec 14 marzo 2014 alle ore 20,00 presso la GALLERIA FIAF &#8211; LE GRU di Valverde (Corso Vitt. Emanuele, 214) sar\u00e0 inaugurata, alla presenza dell\u2019autore, la mostra fotografica personale di Giuseppe Fichera dal titolo \u201cEstetica della finestra: geometrie, forme e colori\u201d<b>.<\/b><\/i><br \/>\n<i>La mostra sar\u00e0 presentata da Alessio Drago, presidente del Gruppo Fotografico Le Gru, da Pippo Pappalardo (Critico e Docente di fotografia), da Daniela Sidari (Docente di Fotografia) e da Serena Vasta, Direttore della Galleria FIAF-Le Gru.<\/i><br \/>\n<i>La stessa rimarr\u00e0 aperta tutti i luned\u00ec e venerd\u00ec non festivi fino al 4 aprile 2014 dalle ore 20,00 alle ore 22,00.<\/i><br \/>\n<div id='gallery-1' class='gallery galleryid-790 gallery-columns-2 gallery-size-thumbnail'><figure class='gallery-item'>\n\t\t\t<div class='gallery-icon landscape'>\n\t\t\t\t<a href='https:\/\/fiaf.net\/sicilia\/estetica-della-finestra-geometrie-forme-e-colori-valverde-ct\/bilbao-2013_01\/'><img loading=\"lazy\" decoding=\"async\" width=\"150\" height=\"150\" src=\"https:\/\/fiaf.net\/sicilia\/wp-content\/uploads\/sites\/20\/2014\/03\/Bilbao-2013_01-150x150.jpg\" class=\"attachment-thumbnail size-thumbnail\" alt=\"\" \/><\/a>\n\t\t\t<\/div><\/figure><figure class='gallery-item'>\n\t\t\t<div class='gallery-icon landscape'>\n\t\t\t\t<a href='https:\/\/fiaf.net\/sicilia\/estetica-della-finestra-geometrie-forme-e-colori-valverde-ct\/sapri-2012\/'><img loading=\"lazy\" decoding=\"async\" width=\"150\" height=\"150\" src=\"https:\/\/fiaf.net\/sicilia\/wp-content\/uploads\/sites\/20\/2014\/03\/Sapri-2012-150x150.jpg\" class=\"attachment-thumbnail size-thumbnail\" alt=\"\" \/><\/a>\n\t\t\t<\/div><\/figure><figure class='gallery-item'>\n\t\t\t<div class='gallery-icon landscape'>\n\t\t\t\t<a href='https:\/\/fiaf.net\/sicilia\/estetica-della-finestra-geometrie-forme-e-colori-valverde-ct\/gruvier-2011\/'><img loading=\"lazy\" decoding=\"async\" width=\"150\" height=\"150\" src=\"https:\/\/fiaf.net\/sicilia\/wp-content\/uploads\/sites\/20\/2014\/03\/Gruvier-2011-150x150.jpg\" class=\"attachment-thumbnail size-thumbnail\" alt=\"\" \/><\/a>\n\t\t\t<\/div><\/figure><figure class='gallery-item'>\n\t\t\t<div class='gallery-icon landscape'>\n\t\t\t\t<a href='https:\/\/fiaf.net\/sicilia\/estetica-della-finestra-geometrie-forme-e-colori-valverde-ct\/malta-2012_02\/'><img loading=\"lazy\" decoding=\"async\" width=\"150\" height=\"150\" src=\"https:\/\/fiaf.net\/sicilia\/wp-content\/uploads\/sites\/20\/2014\/03\/Malta-2012_02-150x150.jpg\" class=\"attachment-thumbnail size-thumbnail\" alt=\"\" \/><\/a>\n\t\t\t<\/div><\/figure>\n\t\t<\/div>\n\n<strong>Dalla recensione dell\u2019arch. Daniela Sidari<\/strong><br \/>\nIl lavoro fotografico si addentra nelle continue variazioni dello schema geometrico di facciata, luogo in cui coesistono proporzioni e ritmi, funzioni ed estetica, continuit\u00e0 e discontinuit\u00e0, densit\u00e0 e inconsistenza ed ancora, geometrie, texture e trasparenze. \u00c8 un\u2019esplorazione fotografica di sintesi, non una ricerca sistematica, non un voler costruire una tassonomia ma un ricercare nel viaggio spunti di riflessione con argomento analogo. Un \u201cmondo\u201d di finestre racconta i luoghi in cui l\u2019autore \u00e8 stato, espressioni stilistiche di progettisti ed epoche storiche diverse.<br \/>\nIl punto di vista, quasi sempre perpendicolare alla facciata, propone una contemplazione delle caratteristiche di superficie come elementi e texture lisci e piatti, se ne evidenzia la simmetria, la asimmetria o la massima libert\u00e0 di composizione.<br \/>\nA volte un punto di vista pi\u00f9 laterale innesca sensazioni tattili<i> <\/i>evidenziando forme incassate o sporgenti, volumi in<i> <\/i>un movimento visivo tridimensionale. La qualit\u00e0 molteplice della luce contribuisce a variazioni sostanziali sull\u2019immagine: quando molto intensa e laterale traccia ombre profonde che compartecipano, da elementi, alle geometrie di facciata; quando invece diffusa, porta appiattimento per l\u2019assenza di ombre evidenziando formalismi e colori. Quando il materiale \u00e8 lucido o specchiante, i riflessi mescolano la propria immaterialit\u00e0 alla materia reale circostante ed ecco si moltiplicano le percezioni, tante quante le frammentazioni della realt\u00e0, tali da rendere labile il confine tra reale ed immaginario.<br \/>\nInfo su <a href=\"http:\/\/www.fotoclublegru.it\" target=\"_blank\" rel=\"noopener\">www.fotoclublegru.it<\/a><\/p>\n\n    <div class=\"xs_social_share_widget xs_share_url after_content \t\tmain_content  wslu-style-1 wslu-share-box-shaped wslu-fill-colored wslu-none wslu-share-horizontal wslu-theme-font-no wslu-main_content\">\n\n\t\t\n        <ul>\n\t\t\t        <\/ul>\n    <\/div> \n","protected":false},"excerpt":{"rendered":"<p>Estetica della finestra: geometrie, forme e colori Venerd\u00ec 14 marzo 2014 alle ore 20,00 presso la GALLERIA FIAF &#8211; LE &hellip;<\/p>\n","protected":false},"author":1,"featured_media":792,"comment_status":"closed","ping_status":"closed","sticky":false,"template":"","format":"standard","meta":{"_acf_changed":false,"footnotes":""},"categories":[9],"tags":[88,113,211,265],"class_list":["post-790","post","type-post","status-publish","format-standard","has-post-thumbnail","hentry","category-mostre","tag-estetica-della-finestra","tag-galleria-fiaf-le-gru","tag-pippo-fichera","tag-valverde"],"acf":[],"_links":{"self":[{"href":"https:\/\/fiaf.net\/sicilia\/wp-json\/wp\/v2\/posts\/790","targetHints":{"allow":["GET"]}}],"collection":[{"href":"https:\/\/fiaf.net\/sicilia\/wp-json\/wp\/v2\/posts"}],"about":[{"href":"https:\/\/fiaf.net\/sicilia\/wp-json\/wp\/v2\/types\/post"}],"author":[{"embeddable":true,"href":"https:\/\/fiaf.net\/sicilia\/wp-json\/wp\/v2\/users\/1"}],"replies":[{"embeddable":true,"href":"https:\/\/fiaf.net\/sicilia\/wp-json\/wp\/v2\/comments?post=790"}],"version-history":[{"count":0,"href":"https:\/\/fiaf.net\/sicilia\/wp-json\/wp\/v2\/posts\/790\/revisions"}],"wp:featuredmedia":[{"embeddable":true,"href":"https:\/\/fiaf.net\/sicilia\/wp-json\/wp\/v2\/media\/792"}],"wp:attachment":[{"href":"https:\/\/fiaf.net\/sicilia\/wp-json\/wp\/v2\/media?parent=790"}],"wp:term":[{"taxonomy":"category","embeddable":true,"href":"https:\/\/fiaf.net\/sicilia\/wp-json\/wp\/v2\/categories?post=790"},{"taxonomy":"post_tag","embeddable":true,"href":"https:\/\/fiaf.net\/sicilia\/wp-json\/wp\/v2\/tags?post=790"}],"curies":[{"name":"wp","href":"https:\/\/api.w.org\/{rel}","templated":true}]}}