{"id":1344,"date":"2021-10-02T11:31:55","date_gmt":"2021-10-02T09:31:55","guid":{"rendered":"https:\/\/fiaf.net\/social\/?p=1234"},"modified":"2021-10-26T18:03:36","modified_gmt":"2021-10-26T16:03:36","slug":"cera-una-volta-il-primo-ottobre","status":"publish","type":"post","link":"https:\/\/fiaf.net\/social\/2021\/10\/02\/cera-una-volta-il-primo-ottobre\/","title":{"rendered":"C&#8217;era una volta il primo ottobre"},"content":{"rendered":"<div class=\"\" dir=\"auto\">\n<div id=\"jsc_c_lf\" class=\"ecm0bbzt hv4rvrfc ihqw7lf3 dati1w0a\" data-ad-comet-preview=\"message\" data-ad-preview=\"message\">\n<div class=\"j83agx80 cbu4d94t ew0dbk1b irj2b8pg\">\n<div class=\"qzhwtbm6 knvmm38d\">\n<div class=\"kvgmc6g5 cxmmr5t8 oygrvhab hcukyx3x c1et5uql ii04i59q\">\n<div dir=\"auto\">Primo ottobre, per quelli della mia generazione il capolinea delle vacanze, il primo fatidico giorno di scuola!<\/div>\n<div dir=\"auto\">E mi torna in mente una foto di Tino Petrelli che ha fatto il giro del mondo: ritrae una scuola di Africo, qui in Calabria, dove tra i banchi di legno sono sedute sei bambine. Due delle bambine hanno i piedi scalzi, che tentano di riscaldare con i due bracieri ai lati del banco, mentre un\u2019altra ha un copricapo di lana. Appesa alla parete in fondo, la carta geografica strappata della Calabria, che inevitabilmente rimanda alla copertina ghirriana del viaggio in Italia. Quando scatt\u00f2 questa foto, Petrelli aveva appena 25 anni, e come era consuetudine ai tempi d\u2019oro del fotogiornalismo, viaggiava insieme ad un giornalista, Tommaso Besozzi, al quale L\u2019Europeo \u2013 diretto da Arrigo Benedetti \u2013 aveva affidato un reportage di grande respiro: un&#8217;inchiesta sulle condizioni del Mezzogiorno, documentata da fotografie definite \u201coriginali\u201d per la loro carica di denuncia, e che finiranno per fissarne impietosamente le condizioni di abbandono e di marginalit\u00e0. Sono cinque le foto di Petrelli che escono a corredo dell\u2019articolo di Besozzi nel marzo 1948, mentre l\u2019intero reportage consta di una quarantina di foto. Besozzi e Petrelli trovano un paese fermo al tempo di Zanotti Bianco, dove \u201cil grano e la vite non crescono. Non c\u2019\u00e8 acqua n\u00e9 luce elettrica; non ci sono botteghe, n\u00e9 locande; la gente mangia un pane color cioccolata, fatto di farina di lenticchie selvatiche; le abitazioni, tolte pochissime, sono di un locale solo e l\u00e0 vivono assieme uomini e bestie. Ad Africo esistono solo tre case provviste di latrina e ci sono solo tre persone che posseggono un ombrello. Ma, essendo le strade del paese troppo strette perch\u00e9 ci si possa aprire un ombrello, se ne debbono servire unicamente quando vanno a Bova o a Motticelle. (\u2026) Ma la causa prima della miseria di Africo \u00e8 la mancanza di una strada che lo congiunga al resto del mondo.\u201d<\/div>\n<div dir=\"auto\">Una fotografia che si inserisce a pieno titolo in quel genere documentario di carattere sociale inaugurato da Jacob Riis e Lewis Hine.<\/div>\n<div dir=\"auto\">(qui l&#8217;articolo di Besozzi <a href=\"https:\/\/www.africo.net\/index.php?option=com_attachments&amp;task=download&amp;id=24&amp;fbclid\" target=\"_blank\" rel=\"noopener\">https:\/\/www.africo.net\/index.php?option=com_attachments&#8230;)<\/a><\/div>\n<div dir=\"auto\">(in basso a sx, dedica di Tino Petrelli a Lanfranco Colombo)<\/div>\n<div dir=\"auto\"><\/div>\n<div dir=\"auto\"><em>Attilio Lauria<\/em><\/div>\n<div dir=\"auto\"><\/div>\n<div dir=\"auto\"><\/div>\n<div dir=\"auto\"><\/div>\n<\/div>\n<\/div>\n<div dir=\"auto\"><\/div>\n<div dir=\"auto\"><a href=\"https:\/\/fiaf.net\/social\/wp-content\/uploads\/sites\/25\/2021\/10\/Tino-Petrelli-Africo1948.-\u00a9Archivio-PublifotoIntesa-San-Paolo.jpg\"><img loading=\"lazy\" decoding=\"async\" class=\"size-medium wp-image-1235 aligncenter\" src=\"https:\/\/fiaf.net\/social\/wp-content\/uploads\/sites\/25\/2021\/10\/Tino-Petrelli-Africo1948.-\u00a9Archivio-PublifotoIntesa-San-Paolo-226x300.jpg\" alt=\"\" width=\"226\" height=\"300\" \/><\/a><\/div>\n<\/div>\n<div dir=\"auto\"><\/div>\n<div class=\"j83agx80 cbu4d94t ew0dbk1b irj2b8pg\">\n<div dir=\"auto\"><\/div>\n<\/div>\n<\/div>\n<\/div>\n<div dir=\"auto\"><\/div>\n<div dir=\"auto\"><\/div>\n<div dir=\"auto\"><\/div>\n\n    <div class=\"xs_social_share_widget xs_share_url after_content \t\tmain_content  wslu-style-1 wslu-share-box-shaped wslu-fill-colored wslu-none wslu-share-horizontal wslu-theme-font-no wslu-main_content\">\n\n\t\t\n        <ul>\n\t\t\t        <\/ul>\n    <\/div> \n","protected":false},"excerpt":{"rendered":"<p>Primo ottobre, per quelli della mia generazione il capolinea delle vacanze, il primo fatidico giorno di scuola! E mi torna &hellip;<\/p>\n","protected":false},"author":64,"featured_media":1297,"comment_status":"open","ping_status":"open","sticky":false,"template":"","format":"standard","meta":{"_acf_changed":false,"footnotes":""},"categories":[7,13,14],"tags":[],"class_list":["post-1344","post","type-post","status-publish","format-standard","has-post-thumbnail","hentry","category-news","category-home","category-archivio-riflessioni"],"acf":[],"_links":{"self":[{"href":"https:\/\/fiaf.net\/social\/wp-json\/wp\/v2\/posts\/1344","targetHints":{"allow":["GET"]}}],"collection":[{"href":"https:\/\/fiaf.net\/social\/wp-json\/wp\/v2\/posts"}],"about":[{"href":"https:\/\/fiaf.net\/social\/wp-json\/wp\/v2\/types\/post"}],"author":[{"embeddable":true,"href":"https:\/\/fiaf.net\/social\/wp-json\/wp\/v2\/users\/64"}],"replies":[{"embeddable":true,"href":"https:\/\/fiaf.net\/social\/wp-json\/wp\/v2\/comments?post=1344"}],"version-history":[{"count":3,"href":"https:\/\/fiaf.net\/social\/wp-json\/wp\/v2\/posts\/1344\/revisions"}],"predecessor-version":[{"id":1366,"href":"https:\/\/fiaf.net\/social\/wp-json\/wp\/v2\/posts\/1344\/revisions\/1366"}],"wp:featuredmedia":[{"embeddable":true,"href":"https:\/\/fiaf.net\/social\/wp-json\/wp\/v2\/media\/1297"}],"wp:attachment":[{"href":"https:\/\/fiaf.net\/social\/wp-json\/wp\/v2\/media?parent=1344"}],"wp:term":[{"taxonomy":"category","embeddable":true,"href":"https:\/\/fiaf.net\/social\/wp-json\/wp\/v2\/categories?post=1344"},{"taxonomy":"post_tag","embeddable":true,"href":"https:\/\/fiaf.net\/social\/wp-json\/wp\/v2\/tags?post=1344"}],"curies":[{"name":"wp","href":"https:\/\/api.w.org\/{rel}","templated":true}]}}