{"id":1424,"date":"2021-12-28T14:55:38","date_gmt":"2021-12-28T13:55:38","guid":{"rendered":"https:\/\/fiaf.net\/social\/?p=1424"},"modified":"2021-12-28T14:58:02","modified_gmt":"2021-12-28T13:58:02","slug":"buone-feste-dal-dis","status":"publish","type":"post","link":"https:\/\/fiaf.net\/social\/2021\/12\/28\/buone-feste-dal-dis\/","title":{"rendered":"Buone Feste dal DIS"},"content":{"rendered":"<div dir=\"auto\">IL NATALE DEI PASTORI SPEZZATI &#8211; Possono cadere e, fragili come sono, si fanno in mille pezzi. Perch\u00e9 sono fatti di umile terracotta che si spezza in un niente. Modellati e dipinti con pazienza, cominciano a nascere gi\u00e0 in estate nelle bottegucce dei \u201cpastorai\u201d di San Gregorio Armeno a Napoli, ma ce ne sono altri che vengono da chiss\u00e0 dove. Qualcuno esce gi\u00e0 rotto dalla carta di giornale in cui \u00e8 stato avvolto per un anno intero, da Natale a Natale, riposto in una scatola di cartone. Le manine sono le pi\u00f9 delicate, sii spezzano solo a guardarle. I pastori possono cadere di mano, oppure un bambino tocca, maldestro, quelli gi\u00e0 al loro posto sul presepe, come le comparse disposte sulla scena da un regista; altre volte si rompono perch\u00e9 il gatto non trova di meglio che acciambellarsi tra le pecore di Benino. Si raccolgono soltanto i pezzi pi\u00f9 grandi sperando di poterli incollare in qualche modo. Impresa che non riesce mai.<img loading=\"lazy\" decoding=\"async\" class=\"size-medium wp-image-1429 alignleft\" src=\"https:\/\/fiaf.net\/social\/wp-content\/uploads\/sites\/25\/2021\/12\/270262545_1060403961359835_8658168551069389274_n-300x206.jpg\" alt=\"\" width=\"300\" height=\"206\" srcset=\"https:\/\/fiaf.net\/social\/wp-content\/uploads\/sites\/25\/2021\/12\/270262545_1060403961359835_8658168551069389274_n-300x206.jpg 300w, https:\/\/fiaf.net\/social\/wp-content\/uploads\/sites\/25\/2021\/12\/270262545_1060403961359835_8658168551069389274_n-1024x705.jpg 1024w, https:\/\/fiaf.net\/social\/wp-content\/uploads\/sites\/25\/2021\/12\/270262545_1060403961359835_8658168551069389274_n-768x528.jpg 768w, https:\/\/fiaf.net\/social\/wp-content\/uploads\/sites\/25\/2021\/12\/270262545_1060403961359835_8658168551069389274_n-220x150.jpg 220w, https:\/\/fiaf.net\/social\/wp-content\/uploads\/sites\/25\/2021\/12\/270262545_1060403961359835_8658168551069389274_n.jpg 1366w\" sizes=\"auto, (max-width: 300px) 100vw, 300px\" \/><\/div>\n<div dir=\"auto\">Ci sono poi le scaglie pi\u00f9 piccole, come unghie di colore, che non potrebbero tornare mai al loro posto, ed allora tocca rinunciarci. La Madonna senza un braccio, monco pure il suo sposo Giuseppe; invalido \u00e8 lo zampognaro a cui manca la gamba e ferita \u00e8 la donna che porta acqua in un\u2019anfora alla quale una disastrosa caduta ha sfracellato il volto! I pastori hanno quasi tutto un nome, quello della tradizione per cominciare, come potrebbe essere \u201cBenino\u201d che accudisce le sue pecore e nel sogno vede la nascita del Bene, o \u201cCiccibbacco\u201d a cavalcioni su una botte, versione partenopea del dionisiaco Bacco avvinazzato. Quasi tutti hanno poi il nome che viene dato loro una volta che entrano a far parte del presepe di casa. Ho il ricordo di un \u201cLuigino\u201d, forse un fornaio di Betlemme, che recava in dono dei pani in una cesta, e di una \u201cRusinella\u201d che se ne sta tutti gli anni impettita davanti alla grotta, ogni Natale, reggendo una cesta ricolma di alici d\u2019argento. Ci si affeziona, in un certo qual modo, ai pastori. Chi li compr\u00f2 e in che anno? &#8230;Ne ho uno, un Magio, che ricordo da quand\u2019ero bambino. Forse \u00e8 Melchiorre che resta dopo tanti anni ancora cos\u00ec com\u2019era, tale e quale a quando fu preso. Il suo regale manto rosso s\u2019\u00e8 soltanto un poco scolorito, mentre io sono invecchiato. Che fine fanno i pastori ciechi o menomati che non si reggono pi\u00f9 in piedi e quelli che per un banale incidente si ritrovano con un moncherino al posto della mano? La sventura non li esclude dalla vita, dalla gioia di questo piccolo mondo che \u00e8 il presepe.<\/div>\n<div dir=\"auto\"><img loading=\"lazy\" decoding=\"async\" class=\"size-medium wp-image-1431 alignleft\" src=\"https:\/\/fiaf.net\/social\/wp-content\/uploads\/sites\/25\/2021\/12\/270355930_1060404544693110_7772938712652882580_n-300x206.jpg\" alt=\"\" width=\"300\" height=\"206\" srcset=\"https:\/\/fiaf.net\/social\/wp-content\/uploads\/sites\/25\/2021\/12\/270355930_1060404544693110_7772938712652882580_n-300x206.jpg 300w, https:\/\/fiaf.net\/social\/wp-content\/uploads\/sites\/25\/2021\/12\/270355930_1060404544693110_7772938712652882580_n-1024x705.jpg 1024w, https:\/\/fiaf.net\/social\/wp-content\/uploads\/sites\/25\/2021\/12\/270355930_1060404544693110_7772938712652882580_n-768x528.jpg 768w, https:\/\/fiaf.net\/social\/wp-content\/uploads\/sites\/25\/2021\/12\/270355930_1060404544693110_7772938712652882580_n-220x150.jpg 220w, https:\/\/fiaf.net\/social\/wp-content\/uploads\/sites\/25\/2021\/12\/270355930_1060404544693110_7772938712652882580_n.jpg 1366w\" sizes=\"auto, (max-width: 300px) 100vw, 300px\" \/><\/div>\n<div dir=\"auto\"><\/div>\n<div dir=\"auto\"><img loading=\"lazy\" decoding=\"async\" class=\"size-medium wp-image-1430 alignleft\" src=\"https:\/\/fiaf.net\/social\/wp-content\/uploads\/sites\/25\/2021\/12\/270286913_1060404398026458_6934768036167864358_n-300x206.jpg\" alt=\"\" width=\"300\" height=\"206\" srcset=\"https:\/\/fiaf.net\/social\/wp-content\/uploads\/sites\/25\/2021\/12\/270286913_1060404398026458_6934768036167864358_n-300x206.jpg 300w, https:\/\/fiaf.net\/social\/wp-content\/uploads\/sites\/25\/2021\/12\/270286913_1060404398026458_6934768036167864358_n-1024x705.jpg 1024w, https:\/\/fiaf.net\/social\/wp-content\/uploads\/sites\/25\/2021\/12\/270286913_1060404398026458_6934768036167864358_n-768x528.jpg 768w, https:\/\/fiaf.net\/social\/wp-content\/uploads\/sites\/25\/2021\/12\/270286913_1060404398026458_6934768036167864358_n-220x150.jpg 220w, https:\/\/fiaf.net\/social\/wp-content\/uploads\/sites\/25\/2021\/12\/270286913_1060404398026458_6934768036167864358_n.jpg 1366w\" sizes=\"auto, (max-width: 300px) 100vw, 300px\" \/><img loading=\"lazy\" decoding=\"async\" class=\"size-medium wp-image-1432 alignleft\" src=\"https:\/\/fiaf.net\/social\/wp-content\/uploads\/sites\/25\/2021\/12\/270187060_1060404438026454_2139576313146211711_n-300x206.jpg\" alt=\"\" width=\"300\" height=\"206\" srcset=\"https:\/\/fiaf.net\/social\/wp-content\/uploads\/sites\/25\/2021\/12\/270187060_1060404438026454_2139576313146211711_n-300x206.jpg 300w, https:\/\/fiaf.net\/social\/wp-content\/uploads\/sites\/25\/2021\/12\/270187060_1060404438026454_2139576313146211711_n-1024x705.jpg 1024w, https:\/\/fiaf.net\/social\/wp-content\/uploads\/sites\/25\/2021\/12\/270187060_1060404438026454_2139576313146211711_n-768x528.jpg 768w, https:\/\/fiaf.net\/social\/wp-content\/uploads\/sites\/25\/2021\/12\/270187060_1060404438026454_2139576313146211711_n-220x150.jpg 220w, https:\/\/fiaf.net\/social\/wp-content\/uploads\/sites\/25\/2021\/12\/270187060_1060404438026454_2139576313146211711_n.jpg 1366w\" sizes=\"auto, (max-width: 300px) 100vw, 300px\" \/>IL PRESEPE E&#8217; INCLUSIVO, mi ricorda Napoli, ma sarebbe bello se presepe fosse tutto il mondo, in cui ciascuno possa far nascere il proprio dio. Il presepe \u00e8 Partenope: \u00e8 vociante, caotico e colorato. Un piccolo mondo in cui l\u2019incongruo \u00e8 possibile e reale. Il cacciatore, ad esempio, che punta il fucile in cielo, un\u2019arma che tutti i re Erode del futuro dovranno aspettare un bel po\u2019 per averla. E poi l\u2019avranno. Il presepe Partenope ha SEMPRE ACCOLTO TUTTI, s\u00ec \u00e8 abituato nei secoli all\u2019altro. Qualche volta lo ha atteso. Si \u00e8 fatto conquistare, ma poi ha conquistato lui. L\u2019accoglienza lo ha reso tollerante; tolleranza che non \u00e8 sopportazione, ma accettazione del diverso da noi. Senza una mano, un braccio o una gamba? Fa nulla! Il pastore menomato, per accidenti o per malasorte, entra nel presepe come tutti gli altri, accanto ai sani, ai belli e a quelli ricchi, come certamente \u00e8 quel macellaio che allinea fuori la sua bottega tanto ben di dio. Sono, anzi, aiutati a sostare nel presepe. <img loading=\"lazy\" decoding=\"async\" class=\"size-medium wp-image-1433 alignleft\" src=\"https:\/\/fiaf.net\/social\/wp-content\/uploads\/sites\/25\/2021\/12\/270137270_1060404741359757_1499417667590668880_n-300x206.jpg\" alt=\"\" width=\"300\" height=\"206\" srcset=\"https:\/\/fiaf.net\/social\/wp-content\/uploads\/sites\/25\/2021\/12\/270137270_1060404741359757_1499417667590668880_n-300x206.jpg 300w, https:\/\/fiaf.net\/social\/wp-content\/uploads\/sites\/25\/2021\/12\/270137270_1060404741359757_1499417667590668880_n-1024x705.jpg 1024w, https:\/\/fiaf.net\/social\/wp-content\/uploads\/sites\/25\/2021\/12\/270137270_1060404741359757_1499417667590668880_n-768x528.jpg 768w, https:\/\/fiaf.net\/social\/wp-content\/uploads\/sites\/25\/2021\/12\/270137270_1060404741359757_1499417667590668880_n-220x150.jpg 220w, https:\/\/fiaf.net\/social\/wp-content\/uploads\/sites\/25\/2021\/12\/270137270_1060404741359757_1499417667590668880_n.jpg 1366w\" sizes=\"auto, (max-width: 300px) 100vw, 300px\" \/>Chi traballa, perch\u00e9 non ha pi\u00f9 una gamba, \u00e8 messo poggiato a un muro o sostenuto con una pietruzza per tenerlo in equilibrio. E c\u2019\u00e8 sempre la colla, buona per tenerli in piedi. Collante per stare insieme perch\u00e9 Il Natale \u00e8 di tutti quanti. Cos\u00ec, anche chi ha meno degli altri, \u00e8 l\u00ec ad attendere con speranza in questo presepe, nella notte pi\u00f9 fatata e misteriosa dell\u2019anno, fatta di buio, di stelle e di mal\u00eca.<\/div>\n<div dir=\"auto\"><em>Un sentito grazie a Giovanni Ruggiero, per averci donato questa riflessione su una diversa visione dell&#8217;iconografia della nativit\u00e0. <a href=\"https:\/\/www.ruggierogiovanni.com\" target=\"_blank\" rel=\"noopener\">https:\/\/www.ruggierogiovanni.com<\/a><\/em><a class=\"oajrlxb2 g5ia77u1 qu0x051f esr5mh6w e9989ue4 r7d6kgcz rq0escxv nhd2j8a9 nc684nl6 p7hjln8o kvgmc6g5 cxmmr5t8 oygrvhab hcukyx3x jb3vyjys rz4wbd8a qt6c0cv9 a8nywdso i1ao9s8h esuyzwwr f1sip0of lzcic4wl gpro0wi8 py34i1dx\" role=\"link\" href=\"https:\/\/www.ruggierogiovanni.com\/?fbclid=IwAR2dkUHsoPghmPJFXS9deEL3JoDBFaqK_KTe4Dc8BLRaLtE6W0TQYDEjp_U\" target=\"_blank\" rel=\"nofollow noopener\"><br \/>\n<img loading=\"lazy\" decoding=\"async\" class=\"size-medium wp-image-1428 alignleft\" src=\"https:\/\/fiaf.net\/social\/wp-content\/uploads\/sites\/25\/2021\/12\/270127255_1060404124693152_5044819733220523254_n-300x206.jpg\" alt=\"\" width=\"300\" height=\"206\" srcset=\"https:\/\/fiaf.net\/social\/wp-content\/uploads\/sites\/25\/2021\/12\/270127255_1060404124693152_5044819733220523254_n-300x206.jpg 300w, https:\/\/fiaf.net\/social\/wp-content\/uploads\/sites\/25\/2021\/12\/270127255_1060404124693152_5044819733220523254_n-1024x705.jpg 1024w, https:\/\/fiaf.net\/social\/wp-content\/uploads\/sites\/25\/2021\/12\/270127255_1060404124693152_5044819733220523254_n-768x528.jpg 768w, https:\/\/fiaf.net\/social\/wp-content\/uploads\/sites\/25\/2021\/12\/270127255_1060404124693152_5044819733220523254_n-220x150.jpg 220w, https:\/\/fiaf.net\/social\/wp-content\/uploads\/sites\/25\/2021\/12\/270127255_1060404124693152_5044819733220523254_n.jpg 1366w\" sizes=\"auto, (max-width: 300px) 100vw, 300px\" \/><img loading=\"lazy\" decoding=\"async\" class=\"size-medium wp-image-1427 alignleft\" src=\"https:\/\/fiaf.net\/social\/wp-content\/uploads\/sites\/25\/2021\/12\/270155144_1060404008026497_4019971179345957383_n-300x206.jpg\" alt=\"\" width=\"300\" height=\"206\" srcset=\"https:\/\/fiaf.net\/social\/wp-content\/uploads\/sites\/25\/2021\/12\/270155144_1060404008026497_4019971179345957383_n-300x206.jpg 300w, https:\/\/fiaf.net\/social\/wp-content\/uploads\/sites\/25\/2021\/12\/270155144_1060404008026497_4019971179345957383_n-1024x705.jpg 1024w, https:\/\/fiaf.net\/social\/wp-content\/uploads\/sites\/25\/2021\/12\/270155144_1060404008026497_4019971179345957383_n-768x528.jpg 768w, https:\/\/fiaf.net\/social\/wp-content\/uploads\/sites\/25\/2021\/12\/270155144_1060404008026497_4019971179345957383_n-220x150.jpg 220w, https:\/\/fiaf.net\/social\/wp-content\/uploads\/sites\/25\/2021\/12\/270155144_1060404008026497_4019971179345957383_n.jpg 1366w\" sizes=\"auto, (max-width: 300px) 100vw, 300px\" \/><img loading=\"lazy\" decoding=\"async\" class=\"size-medium wp-image-1426 alignleft\" src=\"https:\/\/fiaf.net\/social\/wp-content\/uploads\/sites\/25\/2021\/12\/270106989_1060404054693159_23335534423956489_n-300x206.jpg\" alt=\"\" width=\"300\" height=\"206\" srcset=\"https:\/\/fiaf.net\/social\/wp-content\/uploads\/sites\/25\/2021\/12\/270106989_1060404054693159_23335534423956489_n-300x206.jpg 300w, https:\/\/fiaf.net\/social\/wp-content\/uploads\/sites\/25\/2021\/12\/270106989_1060404054693159_23335534423956489_n-1024x705.jpg 1024w, https:\/\/fiaf.net\/social\/wp-content\/uploads\/sites\/25\/2021\/12\/270106989_1060404054693159_23335534423956489_n-768x528.jpg 768w, https:\/\/fiaf.net\/social\/wp-content\/uploads\/sites\/25\/2021\/12\/270106989_1060404054693159_23335534423956489_n-220x150.jpg 220w, https:\/\/fiaf.net\/social\/wp-content\/uploads\/sites\/25\/2021\/12\/270106989_1060404054693159_23335534423956489_n.jpg 1366w\" sizes=\"auto, (max-width: 300px) 100vw, 300px\" \/><\/a><\/div>\n\n    <div class=\"xs_social_share_widget xs_share_url after_content \t\tmain_content  wslu-style-1 wslu-share-box-shaped wslu-fill-colored wslu-none wslu-share-horizontal wslu-theme-font-no wslu-main_content\">\n\n\t\t\n        <ul>\n\t\t\t        <\/ul>\n    <\/div> \n","protected":false},"excerpt":{"rendered":"<p>IL NATALE DEI PASTORI SPEZZATI &#8211; Possono cadere e, fragili come sono, si fanno in mille pezzi. Perch\u00e9 sono fatti &hellip;<\/p>\n","protected":false},"author":78,"featured_media":1425,"comment_status":"open","ping_status":"open","sticky":false,"template":"","format":"standard","meta":{"_acf_changed":false,"footnotes":""},"categories":[6],"tags":[29,30,31,32,33,34,35],"class_list":["post-1424","post","type-post","status-publish","format-standard","has-post-thumbnail","hentry","category-autori","tag-presepe","tag-nativita","tag-disabilita","tag-inclusione","tag-memoria","tag-partenope","tag-pastori"],"acf":[],"_links":{"self":[{"href":"https:\/\/fiaf.net\/social\/wp-json\/wp\/v2\/posts\/1424","targetHints":{"allow":["GET"]}}],"collection":[{"href":"https:\/\/fiaf.net\/social\/wp-json\/wp\/v2\/posts"}],"about":[{"href":"https:\/\/fiaf.net\/social\/wp-json\/wp\/v2\/types\/post"}],"author":[{"embeddable":true,"href":"https:\/\/fiaf.net\/social\/wp-json\/wp\/v2\/users\/78"}],"replies":[{"embeddable":true,"href":"https:\/\/fiaf.net\/social\/wp-json\/wp\/v2\/comments?post=1424"}],"version-history":[{"count":3,"href":"https:\/\/fiaf.net\/social\/wp-json\/wp\/v2\/posts\/1424\/revisions"}],"predecessor-version":[{"id":1436,"href":"https:\/\/fiaf.net\/social\/wp-json\/wp\/v2\/posts\/1424\/revisions\/1436"}],"wp:featuredmedia":[{"embeddable":true,"href":"https:\/\/fiaf.net\/social\/wp-json\/wp\/v2\/media\/1425"}],"wp:attachment":[{"href":"https:\/\/fiaf.net\/social\/wp-json\/wp\/v2\/media?parent=1424"}],"wp:term":[{"taxonomy":"category","embeddable":true,"href":"https:\/\/fiaf.net\/social\/wp-json\/wp\/v2\/categories?post=1424"},{"taxonomy":"post_tag","embeddable":true,"href":"https:\/\/fiaf.net\/social\/wp-json\/wp\/v2\/tags?post=1424"}],"curies":[{"name":"wp","href":"https:\/\/api.w.org\/{rel}","templated":true}]}}