{"id":2195,"date":"2023-02-03T10:14:04","date_gmt":"2023-02-03T09:14:04","guid":{"rendered":"https:\/\/fiaf.net\/social\/?p=2195"},"modified":"2023-02-03T10:27:53","modified_gmt":"2023-02-03T09:27:53","slug":"a-fine-aprile-torna-litalian-street-photo-festival-grandi-nomi-vi-sveliamo-qualcosa","status":"publish","type":"post","link":"https:\/\/fiaf.net\/social\/2023\/02\/03\/a-fine-aprile-torna-litalian-street-photo-festival-grandi-nomi-vi-sveliamo-qualcosa\/","title":{"rendered":"A fine aprile torna l&#8217;Italian Street Photo Festival: grandi nomi. Vi sveliamo qualcosa"},"content":{"rendered":"<p><span class=\"s1\">Torna a Roma il 28-29-30 aprile a ROMA presso Officine Fotografiche il <a href=\"https:\/\/2023.italianstreetphotofestival.com\" target=\"_blank\" rel=\"noopener\"><strong>Primo Festival Internazionale di Fotografia di strada in Italia<\/strong>,<\/a> dove appassionati, fotografi professionisti ma anche curiosi potranno davvero sperimentare e vivere a 360 gradi la fotografia di strada contemporanea. <\/span><\/p>\n<figure id=\"attachment_2197\" aria-describedby=\"caption-attachment-2197\" style=\"width: 859px\" class=\"wp-caption aligncenter\"><img loading=\"lazy\" decoding=\"async\" class=\" wp-image-2197\" src=\"https:\/\/fiaf.net\/social\/wp-content\/uploads\/sites\/25\/2023\/02\/02MattStuart-300x199.jpg\" alt=\"\" width=\"859\" height=\"570\" srcset=\"https:\/\/fiaf.net\/social\/wp-content\/uploads\/sites\/25\/2023\/02\/02MattStuart-300x199.jpg 300w, https:\/\/fiaf.net\/social\/wp-content\/uploads\/sites\/25\/2023\/02\/02MattStuart-1024x679.jpg 1024w, https:\/\/fiaf.net\/social\/wp-content\/uploads\/sites\/25\/2023\/02\/02MattStuart-768x510.jpg 768w, https:\/\/fiaf.net\/social\/wp-content\/uploads\/sites\/25\/2023\/02\/02MattStuart-1536x1019.jpg 1536w, https:\/\/fiaf.net\/social\/wp-content\/uploads\/sites\/25\/2023\/02\/02MattStuart.jpg 2000w\" sizes=\"auto, (max-width: 859px) 100vw, 859px\" \/><figcaption id=\"caption-attachment-2197\" class=\"wp-caption-text\">Matt Stuart<\/figcaption><\/figure>\n<p><span class=\"s1\"><br \/>\nSaranno<strong> tre giorni pieni di appuntamenti,<\/strong> che inizieranno venerd\u00ec pm con l&#8217;inaugurazione della mostra, imperdibile, di MATT STUART (il fotografo dei paradossi visivi o solo un po&#8217; ficcanaso?) e dei selezionati ai concorsi; poi sabato 29 aprile il clou della manifestazione con le premiazioni delle 4 sezioni del concorso, con giurati di fama internazionale (le <a href=\"https:\/\/2023.italianstreetphotofestival.com\/contest\/\" target=\"_blank\" rel=\"noopener\">iscrizioni sono gi\u00e0 aperte<\/a> da alcuni giorni e si chiudono il 5 marzo) offerte dal main Sponsor\u00a0Fujifilm, le talk di PAOLO PELLEGRIN, fotografo Magnum, e dell&#8217;ospite 2023 Matt Stuat, che terr\u00e0 anche una due giorni di workshop andata subito esaurita in pochi giorni, FRANCESCO FARACI, e tanti altri ancora.\u00a0<\/span><\/p>\n<figure id=\"attachment_2203\" aria-describedby=\"caption-attachment-2203\" style=\"width: 810px\" class=\"wp-caption aligncenter\"><img loading=\"lazy\" decoding=\"async\" class=\" wp-image-2203\" src=\"https:\/\/fiaf.net\/social\/wp-content\/uploads\/sites\/25\/2023\/02\/par296607-teaser-story-big-300x199.jpg\" alt=\"\" width=\"810\" height=\"537\" srcset=\"https:\/\/fiaf.net\/social\/wp-content\/uploads\/sites\/25\/2023\/02\/par296607-teaser-story-big-300x199.jpg 300w, https:\/\/fiaf.net\/social\/wp-content\/uploads\/sites\/25\/2023\/02\/par296607-teaser-story-big-1024x678.jpg 1024w, https:\/\/fiaf.net\/social\/wp-content\/uploads\/sites\/25\/2023\/02\/par296607-teaser-story-big-768x509.jpg 768w, https:\/\/fiaf.net\/social\/wp-content\/uploads\/sites\/25\/2023\/02\/par296607-teaser-story-big.jpg 1280w\" sizes=\"auto, (max-width: 810px) 100vw, 810px\" \/><figcaption id=\"caption-attachment-2203\" class=\"wp-caption-text\">ISRAEL. 2002.<br \/>Mother of a child killed during the IDF&#8217;s incursion<br \/>into Jenin. Paolo Pellegrin<\/figcaption><\/figure>\n<p><span class=\"s1\"><br \/>\n<\/span><span class=\"s1\">Non mancheranno i PHOTOWALK con affermati street photographer, le LETTURE PORTFOLIO a cura FIAF, partner sin dalla prima edizione, e altri TALK e presentazioni. Uno spazio sar\u00e0 dedicato all&#8217;approfondimento sulla vitalit\u00e0, come non mai, ora, della fotografia di strada in Italia, e lo faremo insieme ad amici e soci FIAF, che hanno raggiunto traguardi e riconoscimenti importanti, anche internazionali, che si racconteranno davanti ad una platea di curiosi.<br \/>\n<\/span>Il programma pi\u00f9 dettagliato di tutti gli eventi, a breve, cos\u00ec come anticipazioni sulla mostra di Matt Stuart.<\/p>\n<figure id=\"attachment_2198\" aria-describedby=\"caption-attachment-2198\" style=\"width: 774px\" class=\"wp-caption aligncenter\"><img loading=\"lazy\" decoding=\"async\" class=\" wp-image-2198\" src=\"https:\/\/fiaf.net\/social\/wp-content\/uploads\/sites\/25\/2023\/02\/stuart-8-300x200.jpg\" alt=\"\" width=\"774\" height=\"516\" srcset=\"https:\/\/fiaf.net\/social\/wp-content\/uploads\/sites\/25\/2023\/02\/stuart-8-300x200.jpg 300w, https:\/\/fiaf.net\/social\/wp-content\/uploads\/sites\/25\/2023\/02\/stuart-8-1024x684.jpg 1024w, https:\/\/fiaf.net\/social\/wp-content\/uploads\/sites\/25\/2023\/02\/stuart-8-768x513.jpg 768w, https:\/\/fiaf.net\/social\/wp-content\/uploads\/sites\/25\/2023\/02\/stuart-8-1536x1025.jpg 1536w, https:\/\/fiaf.net\/social\/wp-content\/uploads\/sites\/25\/2023\/02\/stuart-8.jpg 2000w\" sizes=\"auto, (max-width: 774px) 100vw, 774px\" \/><figcaption id=\"caption-attachment-2198\" class=\"wp-caption-text\">Matt Stuart<\/figcaption><\/figure>\n<p>Intanto segnatevi le date e ci sono ancora posti per partecipare al workshop con Francesco Faraci.<br \/>\n<span class=\"s1\">Per i soci FIAF, anche quest&#8217;anno l&#8217;opportunit\u00e0 di accedere ad una convenzione, con costo ridotto a 150 invece di 180 euro. I<a href=\"https:\/\/2023it.italianstreetphotofestival.com\/workshop-con-francesco-faraci\/\" target=\"_blank\" rel=\"noopener\">nfo qui su\u00a0 <\/a><\/span><b>UN\u2019INFINITA COMPRESSIONE PRECEDE <\/b><b>\u00a0<\/b><b>LO SCOPPIO \u2013 Esercizi di nutrimento <\/b><b>\u00a0dello sguardo \u00a0di Francesco Faraci, \u00a0<\/b>perch\u00e8 &#8220;La fotografia di per s\u00e8 non ha alcun significato, \u00e8, al contrario, un \u00a0significante. Una moltitudine di segni linguistici che, attraverso l\u2019atto \u00a0del fotografare, permette di superare i \u201cclassici\u201d problemi quali \u00a0inquadratura e tecnica, ad esempio, e fa giungere dritti al primo, assoluto, fondamento della fotografia: lo sguardo.\u00a0\u00a0Non importa quale macchina fotografica usiamo, quale focale \u00a0abbiamo a nostra disposizione, ci\u00f2 che veramente importa in \u00a0fotografia \u00e8 la capacit\u00e0 di \u201csentire\u201d gli odori, i suoni e gli umori del \u00a0territorio che solchiamo, qualunque esso sia.\u00a0Uno scatto che possiamo definire \u201cbuono\u201d ha luogo nel gesto, ma \u00a0prima, attraverso una serie di esercizi di immaginazione e \u00a0immedesimazione&#8230;\u00a0Lo sguardo ha necessit\u00e0 di essere nutrito.\u00a0Lo sguardo va disintossicato.\u00a0Lo sguardo va sensibilizzato.<br \/>\nLo sguardo deve essere riconosciuto e coltivato quotidianamente&#8230;&#8221;.<\/p>\n<figure id=\"attachment_2199\" aria-describedby=\"caption-attachment-2199\" style=\"width: 786px\" class=\"wp-caption aligncenter\"><img loading=\"lazy\" decoding=\"async\" class=\" wp-image-2199\" src=\"https:\/\/fiaf.net\/social\/wp-content\/uploads\/sites\/25\/2023\/02\/faraci-300x200.jpg\" alt=\"\" width=\"786\" height=\"524\" srcset=\"https:\/\/fiaf.net\/social\/wp-content\/uploads\/sites\/25\/2023\/02\/faraci-300x200.jpg 300w, https:\/\/fiaf.net\/social\/wp-content\/uploads\/sites\/25\/2023\/02\/faraci-768x512.jpg 768w, https:\/\/fiaf.net\/social\/wp-content\/uploads\/sites\/25\/2023\/02\/faraci.jpg 986w\" sizes=\"auto, (max-width: 786px) 100vw, 786px\" \/><figcaption id=\"caption-attachment-2199\" class=\"wp-caption-text\">Francesco Faraci<\/figcaption><\/figure>\n<p>&nbsp;<\/p>\n<p>&nbsp;<\/p>\n<p>&nbsp;<\/p>\n\n    <div class=\"xs_social_share_widget xs_share_url after_content \t\tmain_content  wslu-style-1 wslu-share-box-shaped wslu-fill-colored wslu-none wslu-share-horizontal wslu-theme-font-no wslu-main_content\">\n\n\t\t\n        <ul>\n\t\t\t        <\/ul>\n    <\/div> \n","protected":false},"excerpt":{"rendered":"<p>Torna a Roma il 28-29-30 aprile a ROMA presso Officine Fotografiche il Primo Festival Internazionale di Fotografia di strada in &hellip;<\/p>\n","protected":false},"author":78,"featured_media":2196,"comment_status":"open","ping_status":"open","sticky":false,"template":"","format":"standard","meta":{"_acf_changed":false,"footnotes":""},"categories":[7],"tags":[17,48,54,55,110,157,282,283,284,285,286,287,288,289],"class_list":["post-2195","post","type-post","status-publish","format-standard","has-post-thumbnail","hentry","category-news","tag-contest","tag-roma-officine","tag-ospiti","tag-streetphotography","tag-mostra","tag-photowalk","tag-festivaldistrada","tag-mattstuart","tag-francescofaraci","tag-paolopellegrin","tag-esercizinutrimentodellosguardo","tag-tregiorni","tag-talk","tag-lettureportfoliofiaf"],"acf":[],"_links":{"self":[{"href":"https:\/\/fiaf.net\/social\/wp-json\/wp\/v2\/posts\/2195","targetHints":{"allow":["GET"]}}],"collection":[{"href":"https:\/\/fiaf.net\/social\/wp-json\/wp\/v2\/posts"}],"about":[{"href":"https:\/\/fiaf.net\/social\/wp-json\/wp\/v2\/types\/post"}],"author":[{"embeddable":true,"href":"https:\/\/fiaf.net\/social\/wp-json\/wp\/v2\/users\/78"}],"replies":[{"embeddable":true,"href":"https:\/\/fiaf.net\/social\/wp-json\/wp\/v2\/comments?post=2195"}],"version-history":[{"count":7,"href":"https:\/\/fiaf.net\/social\/wp-json\/wp\/v2\/posts\/2195\/revisions"}],"predecessor-version":[{"id":2207,"href":"https:\/\/fiaf.net\/social\/wp-json\/wp\/v2\/posts\/2195\/revisions\/2207"}],"wp:featuredmedia":[{"embeddable":true,"href":"https:\/\/fiaf.net\/social\/wp-json\/wp\/v2\/media\/2196"}],"wp:attachment":[{"href":"https:\/\/fiaf.net\/social\/wp-json\/wp\/v2\/media?parent=2195"}],"wp:term":[{"taxonomy":"category","embeddable":true,"href":"https:\/\/fiaf.net\/social\/wp-json\/wp\/v2\/categories?post=2195"},{"taxonomy":"post_tag","embeddable":true,"href":"https:\/\/fiaf.net\/social\/wp-json\/wp\/v2\/tags?post=2195"}],"curies":[{"name":"wp","href":"https:\/\/api.w.org\/{rel}","templated":true}]}}