{"id":2254,"date":"2023-02-22T10:04:22","date_gmt":"2023-02-22T09:04:22","guid":{"rendered":"https:\/\/fiaf.net\/social\/?p=2254"},"modified":"2023-02-22T10:04:22","modified_gmt":"2023-02-22T09:04:22","slug":"francesco-faraci-ospite-allitalian-street-photo-festival","status":"publish","type":"post","link":"https:\/\/fiaf.net\/social\/2023\/02\/22\/francesco-faraci-ospite-allitalian-street-photo-festival\/","title":{"rendered":"Francesco Faraci ospite all&#8217;Italian Street Photo Festival"},"content":{"rendered":"<p>Altro nome importante nella kermesse romana di fine aprile, che si prospetta anche quest&#8217;anno davvero scoppiettante, \u00e8 <a href=\"https:\/\/2023it.italianstreetphotofestival.com\/francesco-faraci\/\" target=\"_blank\" rel=\"noopener\">Francesco Faraci.<\/a><\/p>\n<p>Francesco Faraci nasce nel 1983 a Palermo, in Sicilia. Dopo gli studi in Sociologia e Antropologia scopre da autodidatta l<strong>a fotografia come mezzo di espressione, affascinato dalla possibilit\u00e0 di tradurre i suoi pensieri in immagini.<\/strong> Il suo sguardo si rivolge alla sua terra, <strong>alla sua Sicilia, il Mediterraneo<\/strong>, in primis, e inizia a girare l\u2019isola alla ricerca di storie da raccontare.<strong> Storie di incontri, di scambi di culture, di minoranze.<\/strong> Storie di vita. Affascinato dal\u00a0paradosso del vivere quotidiano, dolore e gioia, nascita e morte, solitudine e condivisione&#8230;<strong>Soggetti predilegiati i bambini, gli adolescenti.<\/strong><\/p>\n<figure id=\"attachment_2256\" aria-describedby=\"caption-attachment-2256\" style=\"width: 796px\" class=\"wp-caption aligncenter\"><img loading=\"lazy\" decoding=\"async\" class=\" wp-image-2256\" src=\"https:\/\/fiaf.net\/social\/wp-content\/uploads\/sites\/25\/2023\/02\/3-1-300x200.jpg\" alt=\"\" width=\"796\" height=\"530\" srcset=\"https:\/\/fiaf.net\/social\/wp-content\/uploads\/sites\/25\/2023\/02\/3-1-300x200.jpg 300w, https:\/\/fiaf.net\/social\/wp-content\/uploads\/sites\/25\/2023\/02\/3-1-1024x683.jpg 1024w, https:\/\/fiaf.net\/social\/wp-content\/uploads\/sites\/25\/2023\/02\/3-1-768x512.jpg 768w, https:\/\/fiaf.net\/social\/wp-content\/uploads\/sites\/25\/2023\/02\/3-1.jpg 1200w\" sizes=\"auto, (max-width: 796px) 100vw, 796px\" \/><figcaption id=\"caption-attachment-2256\" class=\"wp-caption-text\">FRANCESCO FARACI<\/figcaption><\/figure>\n<figure id=\"attachment_2257\" aria-describedby=\"caption-attachment-2257\" style=\"width: 821px\" class=\"wp-caption aligncenter\"><img loading=\"lazy\" decoding=\"async\" class=\" wp-image-2257\" src=\"https:\/\/fiaf.net\/social\/wp-content\/uploads\/sites\/25\/2023\/02\/4-1-300x200.jpg\" alt=\"\" width=\"821\" height=\"547\" srcset=\"https:\/\/fiaf.net\/social\/wp-content\/uploads\/sites\/25\/2023\/02\/4-1-300x200.jpg 300w, https:\/\/fiaf.net\/social\/wp-content\/uploads\/sites\/25\/2023\/02\/4-1-1024x682.jpg 1024w, https:\/\/fiaf.net\/social\/wp-content\/uploads\/sites\/25\/2023\/02\/4-1-768x511.jpg 768w, https:\/\/fiaf.net\/social\/wp-content\/uploads\/sites\/25\/2023\/02\/4-1.jpg 1200w\" sizes=\"auto, (max-width: 821px) 100vw, 821px\" \/><figcaption id=\"caption-attachment-2257\" class=\"wp-caption-text\">FRANCESCO FARACI<\/figcaption><\/figure>\n<figure id=\"attachment_2258\" aria-describedby=\"caption-attachment-2258\" style=\"width: 870px\" class=\"wp-caption aligncenter\"><img loading=\"lazy\" decoding=\"async\" class=\" wp-image-2258\" src=\"https:\/\/fiaf.net\/social\/wp-content\/uploads\/sites\/25\/2023\/02\/5-1-300x200.jpg\" alt=\"\" width=\"870\" height=\"580\" srcset=\"https:\/\/fiaf.net\/social\/wp-content\/uploads\/sites\/25\/2023\/02\/5-1-300x200.jpg 300w, https:\/\/fiaf.net\/social\/wp-content\/uploads\/sites\/25\/2023\/02\/5-1-1024x683.jpg 1024w, https:\/\/fiaf.net\/social\/wp-content\/uploads\/sites\/25\/2023\/02\/5-1-768x512.jpg 768w, https:\/\/fiaf.net\/social\/wp-content\/uploads\/sites\/25\/2023\/02\/5-1.jpg 1200w\" sizes=\"auto, (max-width: 870px) 100vw, 870px\" \/><figcaption id=\"caption-attachment-2258\" class=\"wp-caption-text\">FRANCESCO FARACI<\/figcaption><\/figure>\n<figure id=\"attachment_2259\" aria-describedby=\"caption-attachment-2259\" style=\"width: 839px\" class=\"wp-caption aligncenter\"><img loading=\"lazy\" decoding=\"async\" class=\" wp-image-2259\" src=\"https:\/\/fiaf.net\/social\/wp-content\/uploads\/sites\/25\/2023\/02\/7-1-300x200.jpg\" alt=\"\" width=\"839\" height=\"559\" srcset=\"https:\/\/fiaf.net\/social\/wp-content\/uploads\/sites\/25\/2023\/02\/7-1-300x200.jpg 300w, https:\/\/fiaf.net\/social\/wp-content\/uploads\/sites\/25\/2023\/02\/7-1-1024x683.jpg 1024w, https:\/\/fiaf.net\/social\/wp-content\/uploads\/sites\/25\/2023\/02\/7-1-768x512.jpg 768w, https:\/\/fiaf.net\/social\/wp-content\/uploads\/sites\/25\/2023\/02\/7-1.jpg 1200w\" sizes=\"auto, (max-width: 839px) 100vw, 839px\" \/><figcaption id=\"caption-attachment-2259\" class=\"wp-caption-text\">FRANCESCO FARACI<\/figcaption><\/figure>\n<p>Calzante per Francesco la frase &#8220;<strong><em>Osservare gli estranei come se fossero conoscenti, ma i conoscenti come fossero estranei<\/em><\/strong> \u201d (B. Brecth). Perch\u00e8 nelle sue foto ritrovi sempra l&#8217;empatia, quella del fotografo e del soggetto che viene trasmessa a noi osservatori, in un nuovo legame empatico verso il soggetto fotografato.<\/p>\n<p>Ha pubblicato con tante riviste e magazine, solo per citarne alcuni \u201cThe Guardian\u201d, \u201cTime Magazine\u201d, \u201cThe Globe and Mail\u201d, \u201cLa Repubblica\u201d, \u201cL\u2019Espresso\u201d, \u201cLe Monde\u201d, \u201cLib\u00e9ration\u201d, VICE, \u201cVanity Fair\u201d, \u201cCorriere della Sera\u201d, \u201cInternazionale\u201d.<br \/>\nNel 2016, dopo tre anni di lavoro, pubblica il suo primo libro \u201c<strong>Malacarne- Kids come first<\/strong>\u201d, a cura di Benedetta Donato, edito da Crowdbooks, un viaggio dentro le estreme periferie della citt\u00e0 viste attraverso i bambini. Riceve il secondo premio nella sezione libri fotografici al PX3 di Parigi e al MIFA di Mosca.\u00a0Nel 2017 pubblica il suo primo romanzo \u201c<strong>Nella pelle sbagliata<\/strong>\u201d edito da Leima Edizioni. pubblicazione, e tiene workshop in giro per l\u2019Italia, collaborando con varie realt\u00e0.\u00a0Nel 2019 parte in tour con Jovanotti e con il suo \u201cJova Beach Tour\u201d per un libro sul viaggio in Italia a partire dai concerti dal titolo \u201c<strong>Jova Beach Party: Cronache da una nuova era<\/strong>\u201d pubblicato da Rizzoli.<\/p>\n<figure id=\"attachment_2260\" aria-describedby=\"caption-attachment-2260\" style=\"width: 795px\" class=\"wp-caption aligncenter\"><img loading=\"lazy\" decoding=\"async\" class=\" wp-image-2260\" src=\"https:\/\/fiaf.net\/social\/wp-content\/uploads\/sites\/25\/2023\/02\/8-1-300x200.jpg\" alt=\"\" width=\"795\" height=\"530\" srcset=\"https:\/\/fiaf.net\/social\/wp-content\/uploads\/sites\/25\/2023\/02\/8-1-300x200.jpg 300w, https:\/\/fiaf.net\/social\/wp-content\/uploads\/sites\/25\/2023\/02\/8-1-1024x683.jpg 1024w, https:\/\/fiaf.net\/social\/wp-content\/uploads\/sites\/25\/2023\/02\/8-1-768x512.jpg 768w, https:\/\/fiaf.net\/social\/wp-content\/uploads\/sites\/25\/2023\/02\/8-1.jpg 1200w\" sizes=\"auto, (max-width: 795px) 100vw, 795px\" \/><figcaption id=\"caption-attachment-2260\" class=\"wp-caption-text\">FRANCESCO FARACI<\/figcaption><\/figure>\n<figure id=\"attachment_2261\" aria-describedby=\"caption-attachment-2261\" style=\"width: 797px\" class=\"wp-caption aligncenter\"><img loading=\"lazy\" decoding=\"async\" class=\" wp-image-2261\" src=\"https:\/\/fiaf.net\/social\/wp-content\/uploads\/sites\/25\/2023\/02\/10-1-300x200.jpg\" alt=\"\" width=\"797\" height=\"531\" srcset=\"https:\/\/fiaf.net\/social\/wp-content\/uploads\/sites\/25\/2023\/02\/10-1-300x200.jpg 300w, https:\/\/fiaf.net\/social\/wp-content\/uploads\/sites\/25\/2023\/02\/10-1-1024x683.jpg 1024w, https:\/\/fiaf.net\/social\/wp-content\/uploads\/sites\/25\/2023\/02\/10-1-768x512.jpg 768w, https:\/\/fiaf.net\/social\/wp-content\/uploads\/sites\/25\/2023\/02\/10-1.jpg 1200w\" sizes=\"auto, (max-width: 797px) 100vw, 797px\" \/><figcaption id=\"caption-attachment-2261\" class=\"wp-caption-text\">FRANCESCO FARACI<\/figcaption><\/figure>\n<figure id=\"attachment_2262\" aria-describedby=\"caption-attachment-2262\" style=\"width: 798px\" class=\"wp-caption aligncenter\"><img loading=\"lazy\" decoding=\"async\" class=\" wp-image-2262\" src=\"https:\/\/fiaf.net\/social\/wp-content\/uploads\/sites\/25\/2023\/02\/11-1-300x200.jpg\" alt=\"\" width=\"798\" height=\"532\" srcset=\"https:\/\/fiaf.net\/social\/wp-content\/uploads\/sites\/25\/2023\/02\/11-1-300x200.jpg 300w, https:\/\/fiaf.net\/social\/wp-content\/uploads\/sites\/25\/2023\/02\/11-1-1024x683.jpg 1024w, https:\/\/fiaf.net\/social\/wp-content\/uploads\/sites\/25\/2023\/02\/11-1-768x512.jpg 768w, https:\/\/fiaf.net\/social\/wp-content\/uploads\/sites\/25\/2023\/02\/11-1.jpg 1200w\" sizes=\"auto, (max-width: 798px) 100vw, 798px\" \/><figcaption id=\"caption-attachment-2262\" class=\"wp-caption-text\">FRANCESCO FARACI<\/figcaption><\/figure>\n<p>Nel 2020 arriva il suo progetto \u201c<strong>Atlante Umano Siciliano<\/strong>\u201d, \u00a0libro edito da EMUSE.\u00a0Durante il lockdown documenta gli effetti della pandemia da Covid19 a Palermo pubblicando reportage sui quotidiani nazionali ed internazionali.\u00a0Nel 2021 collabora con Achille Lauro per il singolo \u201c<strong>Solo Noi\u201d<\/strong>, per descrivere insieme al cantante le periferie romane. Collabora con Netflix alla serie Tv \u201c<strong>Una semplice domanda<\/strong>\u201d condotta da Alessandro Cattelan, curandone la parte fotografica.\u00a0Nel 2022 pubblica con Mimesis Edizioni il saggio \u201c<strong>Anima Nomade: Da Pasolini a una fotografia povera<\/strong>\u201d.\u00a0Collabora nuovamente con Jovanotti alla regia\u00a0del videoclip del singolo \u201c<strong>Mediterraneo<\/strong>\u201d, girato nei vicoli e nei quartieri periferici di Palermo.\u00a0Nel 2022 parte per la Polonia per documentare la condizione dei rifugiati ucraini, in particolare di etnia Rom, al confine con L\u2019Ucraina. I reportage vengono pubblicati su \u201cLa Repubblica\u201d, \u201cArtribune\u201d e \u201cTorcha\u201d, quest\u2019ultimo a cura di Chiara Piotto, giornalista di Skytg24.<\/p>\n<p><img loading=\"lazy\" decoding=\"async\" class=\" wp-image-2265 aligncenter\" src=\"https:\/\/fiaf.net\/social\/wp-content\/uploads\/sites\/25\/2023\/02\/1-1-300x200.jpg\" alt=\"\" width=\"805\" height=\"536\" srcset=\"https:\/\/fiaf.net\/social\/wp-content\/uploads\/sites\/25\/2023\/02\/1-1-300x200.jpg 300w, https:\/\/fiaf.net\/social\/wp-content\/uploads\/sites\/25\/2023\/02\/1-1-1024x683.jpg 1024w, https:\/\/fiaf.net\/social\/wp-content\/uploads\/sites\/25\/2023\/02\/1-1-768x512.jpg 768w, https:\/\/fiaf.net\/social\/wp-content\/uploads\/sites\/25\/2023\/02\/1-1.jpg 1200w\" sizes=\"auto, (max-width: 805px) 100vw, 805px\" \/><\/p>\n<figure id=\"attachment_2263\" aria-describedby=\"caption-attachment-2263\" style=\"width: 836px\" class=\"wp-caption aligncenter\"><img loading=\"lazy\" decoding=\"async\" class=\" wp-image-2263\" src=\"https:\/\/fiaf.net\/social\/wp-content\/uploads\/sites\/25\/2023\/02\/12-1-300x200.jpg\" alt=\"\" width=\"836\" height=\"557\" srcset=\"https:\/\/fiaf.net\/social\/wp-content\/uploads\/sites\/25\/2023\/02\/12-1-300x200.jpg 300w, https:\/\/fiaf.net\/social\/wp-content\/uploads\/sites\/25\/2023\/02\/12-1-1024x683.jpg 1024w, https:\/\/fiaf.net\/social\/wp-content\/uploads\/sites\/25\/2023\/02\/12-1-768x512.jpg 768w, https:\/\/fiaf.net\/social\/wp-content\/uploads\/sites\/25\/2023\/02\/12-1.jpg 1200w\" sizes=\"auto, (max-width: 836px) 100vw, 836px\" \/><figcaption id=\"caption-attachment-2263\" class=\"wp-caption-text\">FRANCESCO FARACI<\/figcaption><\/figure>\n<p>&nbsp;<\/p>\n<p><a href=\"https:\/\/2023it.italianstreetphotofestival.com\/workshop-con-francesco-faraci\/\" target=\"_blank\" rel=\"noopener\">INFO<\/a> SU WORKSHOP \u00a0(sconto per i soci FIAF: 150 invece di 180 euro)<br \/>\n&#8220;<b>UN\u2019INFINITA COMPRESSIONE PRECEDE <\/b><b>\u00a0<\/b><b>LO SCOPPIO \u2013 Esercizi di nutrimento <\/b><b>\u00a0dello sguardo<\/b><\/p>\n<p><img loading=\"lazy\" decoding=\"async\" class=\" wp-image-2264 aligncenter\" src=\"https:\/\/fiaf.net\/social\/wp-content\/uploads\/sites\/25\/2023\/02\/Schermata-2023-02-22-alle-09.19.33-270x300.png\" alt=\"\" width=\"581\" height=\"645\" srcset=\"https:\/\/fiaf.net\/social\/wp-content\/uploads\/sites\/25\/2023\/02\/Schermata-2023-02-22-alle-09.19.33-270x300.png 270w, https:\/\/fiaf.net\/social\/wp-content\/uploads\/sites\/25\/2023\/02\/Schermata-2023-02-22-alle-09.19.33.png 675w\" sizes=\"auto, (max-width: 581px) 100vw, 581px\" \/><\/p>\n<p>SABATO 29 APRILE 2023 \u2013 10:00-17:00<br \/>\nDOMENICA 30 APRILE 2023 \u2013 10:00-17:00<\/p>\n<p>La fotografia di per s\u00e8 non ha alcun significato, \u00e8, al contrario, un \u00a0significante. Una moltitudine di segni linguistici che, attraverso l\u2019atto \u00a0del fotografare, permette di superare i \u201cclassici\u201d problemi quali \u00a0inquadratura e tecnica, ad esempio, e fa giungere dritti al primo, \u00a0assoluto, fondamento della fotografia: lo sguardo.\u00a0\u00a0Non importa quale macchina fotografica usiamo, quale focale abbiamo a nostra disposizione, ci\u00f2 che veramente importa in \u00a0fotografia \u00e8 la capacit\u00e0 di \u201csentire\u201d gli odori, i suoni e gli umori del \u00a0territorio che solchiamo, qualunque esso sia.\u00a0Uno scatto che possiamo definire \u201cbuono\u201d ha luogo nel gesto, ma prima, attraverso una serie di esercizi di immaginazione e \u00a0immedesimazione. Il fotografo difficilmente \u00e8 obiettivo poich\u00e8 la sua forma mentis fotografica \u00e8 diretta conseguenza della sua alimentazione che ha \u00a0origine dalle sensazioni legate alla letteratura, alla musica, al \u00a0territorio che viviamo, alle idee e persino alle utopie. Quindi, se non \u00a0per questioni puramente tecniche ed estetiche, la fotografia non \u00a0proviene dalla fotografia.<\/p>\n<p>Lo sguardo ha necessit\u00e0 di essere nutrito.<br \/>\nLo sguardo va disintossicato.<br \/>\nLo sguardo va sensibilizzato.<\/p>\n<p>Lo sguardo deve essere riconosciuto e coltivato quotidianamente.Immaginiamo dunque di avere in mano della dinamite e non avere i \u00a0mezzi per farla detonare. Alimentando, attraverso una molteplicit\u00e0 \u00a0di stimoli, il nostro personale \u201csentire\u201d giorno dopo giorno, avremo \u00a0fra le mani un calore tale da permettere allo scatto di venir fuori per \u00a0puro istinto, per un impulso che permette al fotografo di \u00a0immedesimarsi talmente tanto da essere invisibile, in un gioco \u00a0costante fra il fuori e il dentro la scena che si intende ritrarre, \u00a0sempre ricordando che una buona fotografia, quella che permette \u00a0alla nostra anima di vibrare, non \u00e8 frutto del nostro gesto, bens\u00ec ci \u00e8\u00a0stata regalata e l\u2019unico merito che possiamo attribuirci \u00e8 quello di \u00a0averla RICONOSCIUTA<\/p>\n\n    <div class=\"xs_social_share_widget xs_share_url after_content \t\tmain_content  wslu-style-1 wslu-share-box-shaped wslu-fill-colored wslu-none wslu-share-horizontal wslu-theme-font-no wslu-main_content\">\n\n\t\t\n        <ul>\n\t\t\t        <\/ul>\n    <\/div> \n","protected":false},"excerpt":{"rendered":"<p>Altro nome importante nella kermesse romana di fine aprile, che si prospetta anche quest&#8217;anno davvero scoppiettante, \u00e8 Francesco Faraci. Francesco &hellip;<\/p>\n","protected":false},"author":78,"featured_media":2255,"comment_status":"open","ping_status":"open","sticky":false,"template":"","format":"standard","meta":{"_acf_changed":false,"footnotes":""},"categories":[7,13],"tags":[101,116,179,286,308,309,310,311,312,313,314,315,316,317],"class_list":["post-2254","post","type-post","status-publish","format-standard","has-post-thumbnail","hentry","category-news","category-home","tag-sicilia","tag-palermo","tag-storie","tag-esercizinutrimentodellosguardo","tag-mediterraneo","tag-scambi-culture","tag-incontri","tag-sensibilizzarelosguardo","tag-atlanteumano","tag-animanomade","tag-solonoi","tag-malacarne","tag-paradossodelviverequotidiano","tag-estraneiconoscenti"],"acf":[],"_links":{"self":[{"href":"https:\/\/fiaf.net\/social\/wp-json\/wp\/v2\/posts\/2254","targetHints":{"allow":["GET"]}}],"collection":[{"href":"https:\/\/fiaf.net\/social\/wp-json\/wp\/v2\/posts"}],"about":[{"href":"https:\/\/fiaf.net\/social\/wp-json\/wp\/v2\/types\/post"}],"author":[{"embeddable":true,"href":"https:\/\/fiaf.net\/social\/wp-json\/wp\/v2\/users\/78"}],"replies":[{"embeddable":true,"href":"https:\/\/fiaf.net\/social\/wp-json\/wp\/v2\/comments?post=2254"}],"version-history":[{"count":3,"href":"https:\/\/fiaf.net\/social\/wp-json\/wp\/v2\/posts\/2254\/revisions"}],"predecessor-version":[{"id":2268,"href":"https:\/\/fiaf.net\/social\/wp-json\/wp\/v2\/posts\/2254\/revisions\/2268"}],"wp:featuredmedia":[{"embeddable":true,"href":"https:\/\/fiaf.net\/social\/wp-json\/wp\/v2\/media\/2255"}],"wp:attachment":[{"href":"https:\/\/fiaf.net\/social\/wp-json\/wp\/v2\/media?parent=2254"}],"wp:term":[{"taxonomy":"category","embeddable":true,"href":"https:\/\/fiaf.net\/social\/wp-json\/wp\/v2\/categories?post=2254"},{"taxonomy":"post_tag","embeddable":true,"href":"https:\/\/fiaf.net\/social\/wp-json\/wp\/v2\/tags?post=2254"}],"curies":[{"name":"wp","href":"https:\/\/api.w.org\/{rel}","templated":true}]}}