{"id":3047,"date":"2024-02-07T10:25:14","date_gmt":"2024-02-07T09:25:14","guid":{"rendered":"https:\/\/fiaf.net\/social\/?p=3047"},"modified":"2024-02-09T14:42:19","modified_gmt":"2024-02-09T13:42:19","slug":"settima-edizione-dell-italian-street-photo-festival","status":"publish","type":"post","link":"https:\/\/fiaf.net\/social\/2024\/02\/07\/settima-edizione-dell-italian-street-photo-festival\/","title":{"rendered":"SETTIMA EDIZIONE DELL&#8217; ITALIAN STREET PHOTO FESTIVAL"},"content":{"rendered":"<div class=\"vc_separator vc_separator_align_center vc_sep_pos_align_center vc_sep_width_100 \">\n<h2><span class=\"s1\" style=\"font-size: 16px;font-weight: 400\">Il primo Festival di strada in Italia, che tutti gli appasssionati di questo modo di essere e di esprimersi hanno conosciuto e aspettano ogni anno con trepidazione, sta tornando.<br \/>\nSegnate le date: <strong>26-27-28 aprile<\/strong> sempre a Roma presso Officine Fotografiche, in zona Ostiense.<br \/>\nSi sono gi\u00e0 aperti i consueti concorsi fotografici all&#8217;<a href=\"https:\/\/2024it.italianstreetphotofestival.com\" target=\"_blank\" rel=\"noopener\"><strong>ITALIAN STREET PHOTO FESTIVAL<\/strong><\/a> grazie allo sponsor Fujifilm, destinati alla fotografia street, ovvero <strong>foto singola, serie, photo realizzate con phone\u00a0<\/strong><\/span><span class=\"s1\" style=\"font-size: 16px;font-weight: 400\">che ci daranno, come sempre, anche il polso di dove sta andando questo linguaggio tanto amato e praticato, soprattutto dai giovani, e saranno per noi tutti spunti di riflessione. Non mancher\u00e0, come nelle ultime edizioni, lo spazio per lo <strong>storytelling<\/strong>. I\u00a0Giudici di ciascun categoria sono tra gli street photographers contemporanei pi\u00f9 rappresentativi al mondo. Tra loro lo stesso ospite eccezionale di questa settima edizione, di cui FIAF \u00e8 partner, <strong><a href=\"https:\/\/www.martinparr.com\" target=\"_blank\" rel=\"noopener\">MARTIN PARR <\/a><\/strong>che sar\u00e0 il giudice finale sezioni vincitori per la foto singola. <\/span><\/h2>\n<figure id=\"attachment_3053\" aria-describedby=\"caption-attachment-3053\" style=\"width: 952px\" class=\"wp-caption aligncenter\"><img loading=\"lazy\" decoding=\"async\" class=\" wp-image-3053\" src=\"https:\/\/fiaf.net\/social\/wp-content\/uploads\/sites\/25\/2024\/02\/LON154544-300x200.jpg\" alt=\"\" width=\"952\" height=\"634\" srcset=\"https:\/\/fiaf.net\/social\/wp-content\/uploads\/sites\/25\/2024\/02\/LON154544-300x200.jpg 300w, https:\/\/fiaf.net\/social\/wp-content\/uploads\/sites\/25\/2024\/02\/LON154544-768x512.jpg 768w, https:\/\/fiaf.net\/social\/wp-content\/uploads\/sites\/25\/2024\/02\/LON154544.jpg 980w\" sizes=\"auto, (max-width: 952px) 100vw, 952px\" \/><figcaption id=\"caption-attachment-3053\" class=\"wp-caption-text\">Martin PARR &#8211; ITALY. Positano. 2013.<\/figcaption><\/figure>\n<figure id=\"attachment_3054\" aria-describedby=\"caption-attachment-3054\" style=\"width: 1000px\" class=\"wp-caption aligncenter\"><img loading=\"lazy\" decoding=\"async\" class=\" wp-image-3054\" src=\"https:\/\/fiaf.net\/social\/wp-content\/uploads\/sites\/25\/2024\/02\/lon8701-teaser-story-big-300x200.jpg\" alt=\"\" width=\"1000\" height=\"666\" srcset=\"https:\/\/fiaf.net\/social\/wp-content\/uploads\/sites\/25\/2024\/02\/lon8701-teaser-story-big-300x200.jpg 300w, https:\/\/fiaf.net\/social\/wp-content\/uploads\/sites\/25\/2024\/02\/lon8701-teaser-story-big-1024x682.jpg 1024w, https:\/\/fiaf.net\/social\/wp-content\/uploads\/sites\/25\/2024\/02\/lon8701-teaser-story-big-768x512.jpg 768w, https:\/\/fiaf.net\/social\/wp-content\/uploads\/sites\/25\/2024\/02\/lon8701-teaser-story-big.jpg 1280w\" sizes=\"auto, (max-width: 1000px) 100vw, 1000px\" \/><figcaption id=\"caption-attachment-3054\" class=\"wp-caption-text\">SPAIN. Benidorm. 1997. \u00a9 Martin Parr\/MAGNUM PHOTOS<\/figcaption><\/figure>\n<figure id=\"attachment_3056\" aria-describedby=\"caption-attachment-3056\" style=\"width: 1045px\" class=\"wp-caption aligncenter\"><img loading=\"lazy\" decoding=\"async\" class=\" wp-image-3056\" src=\"https:\/\/fiaf.net\/social\/wp-content\/uploads\/sites\/25\/2024\/02\/LON14581-300x244.jpeg\" alt=\"\" width=\"1045\" height=\"849\" srcset=\"https:\/\/fiaf.net\/social\/wp-content\/uploads\/sites\/25\/2024\/02\/LON14581-300x244.jpeg 300w, https:\/\/fiaf.net\/social\/wp-content\/uploads\/sites\/25\/2024\/02\/LON14581-1024x833.jpeg 1024w, https:\/\/fiaf.net\/social\/wp-content\/uploads\/sites\/25\/2024\/02\/LON14581-768x625.jpeg 768w, https:\/\/fiaf.net\/social\/wp-content\/uploads\/sites\/25\/2024\/02\/LON14581.jpeg 1200w\" sizes=\"auto, (max-width: 1045px) 100vw, 1045px\" \/><figcaption id=\"caption-attachment-3056\" class=\"wp-caption-text\">Japan. Miyazaki. The Artificial beach inside the Ocean Dome. 1996. \u00a9 Martin Parr \/ Magnum Photos<\/figcaption><\/figure>\n<figure id=\"attachment_3057\" aria-describedby=\"caption-attachment-3057\" style=\"width: 1172px\" class=\"wp-caption aligncenter\"><img loading=\"lazy\" decoding=\"async\" class=\" wp-image-3057\" src=\"https:\/\/fiaf.net\/social\/wp-content\/uploads\/sites\/25\/2024\/02\/LON19537-300x201.jpeg\" alt=\"\" width=\"1172\" height=\"785\" srcset=\"https:\/\/fiaf.net\/social\/wp-content\/uploads\/sites\/25\/2024\/02\/LON19537-300x201.jpeg 300w, https:\/\/fiaf.net\/social\/wp-content\/uploads\/sites\/25\/2024\/02\/LON19537-1024x686.jpeg 1024w, https:\/\/fiaf.net\/social\/wp-content\/uploads\/sites\/25\/2024\/02\/LON19537-768x515.jpeg 768w, https:\/\/fiaf.net\/social\/wp-content\/uploads\/sites\/25\/2024\/02\/LON19537.jpeg 1200w\" sizes=\"auto, (max-width: 1172px) 100vw, 1172px\" \/><figcaption id=\"caption-attachment-3057\" class=\"wp-caption-text\">GB. England. Bristol. Playing bowls. 1995-1999. \u00a9 Martin Parr \/ Magnum Photos<\/figcaption><\/figure>\n<figure id=\"attachment_3058\" aria-describedby=\"caption-attachment-3058\" style=\"width: 1225px\" class=\"wp-caption aligncenter\"><img loading=\"lazy\" decoding=\"async\" class=\" wp-image-3058\" src=\"https:\/\/fiaf.net\/social\/wp-content\/uploads\/sites\/25\/2024\/02\/LON6977-300x244.jpeg\" alt=\"\" width=\"1225\" height=\"996\" srcset=\"https:\/\/fiaf.net\/social\/wp-content\/uploads\/sites\/25\/2024\/02\/LON6977-300x244.jpeg 300w, https:\/\/fiaf.net\/social\/wp-content\/uploads\/sites\/25\/2024\/02\/LON6977-1024x832.jpeg 1024w, https:\/\/fiaf.net\/social\/wp-content\/uploads\/sites\/25\/2024\/02\/LON6977-768x624.jpeg 768w, https:\/\/fiaf.net\/social\/wp-content\/uploads\/sites\/25\/2024\/02\/LON6977.jpeg 1200w\" sizes=\"auto, (max-width: 1225px) 100vw, 1225px\" \/><figcaption id=\"caption-attachment-3058\" class=\"wp-caption-text\">GB. England. New Brighton. From &#8216;The Last Resort&#8217;. 1983-85. \u00a9 Martin Parr \/ Magnum Photos<\/figcaption><\/figure>\n<figure id=\"attachment_3059\" aria-describedby=\"caption-attachment-3059\" style=\"width: 990px\" class=\"wp-caption aligncenter\"><img loading=\"lazy\" decoding=\"async\" class=\" wp-image-3059\" src=\"https:\/\/fiaf.net\/social\/wp-content\/uploads\/sites\/25\/2024\/02\/LON6994-300x248.jpeg\" alt=\"\" width=\"990\" height=\"818\" srcset=\"https:\/\/fiaf.net\/social\/wp-content\/uploads\/sites\/25\/2024\/02\/LON6994-300x248.jpeg 300w, https:\/\/fiaf.net\/social\/wp-content\/uploads\/sites\/25\/2024\/02\/LON6994-1024x847.jpeg 1024w, https:\/\/fiaf.net\/social\/wp-content\/uploads\/sites\/25\/2024\/02\/LON6994-768x635.jpeg 768w, https:\/\/fiaf.net\/social\/wp-content\/uploads\/sites\/25\/2024\/02\/LON6994.jpeg 1200w\" sizes=\"auto, (max-width: 990px) 100vw, 990px\" \/><figcaption id=\"caption-attachment-3059\" class=\"wp-caption-text\">GB. England. New Brighton. 1983-85. \u00a9 Martin Parr \/ Magnum Photos<\/figcaption><\/figure>\n<h2><span class=\"s1\" style=\"font-size: 16px;font-weight: 400\">Ancora top secret, invece, le immagini del &#8220;fotografo-sociologo&#8221; che saranno in mostra quei tre giorni, ma di certo saremo tutti l\u00ec sabato sera alle ore 19.00 ad ascoltarlo, per conoscere aneddoti, novit\u00e0, dalle parole del fotografo Magnum (lo \u00e8 dal 1984) che da 50 anni impersonifica la fotografia documentaristica, che ha realizzato <a href=\"https:\/\/www.martinparr.com\/books\/\" target=\"_blank\" rel=\"noopener\">120 libri<\/a>, curati altre decine, e le cui foto sono conservate in molti musei del mondo. &#8220;Martin Parr \u00e8 un cronista della nostra epoca. Di fronte al flusso sempre crescente di immagini diffuse dai media, le sue fotografie ci offrono l&#8217;opportunit\u00e0 di vedere il mondo dalla sua prospettiva unica.&#8221; ci ricorda lo scrittore e curatore Thomas Weski.<br \/>\n<\/span><\/h2>\n<h2><span class=\"s1\" style=\"font-size: 16px;font-weight: 400\">Nel corso del Festival si succederenno <a href=\"https:\/\/2024it.italianstreetphotofestival.com\/photowalks-2024\/\" target=\"_blank\" rel=\"noopener\"><strong>Photowalk <\/strong><\/a>con<strong> Lorenzo Catena <\/strong>e<strong> Barbara di Maio, Talk<\/strong>, entrambi eventi gratuiti senza prenotazione, tra cui l&#8217;immancabile a cura FIAF, dedicata al rapporto tra fotografia ed IA, e l<strong>e letture Portfolio FIAF<\/strong> aperte a tutti alla domenica mattina. Ricordiamo che per i soci FIAF \u00e8 attiva la convenzione a cura del Dip. Convenzioni, per partecipare a prezzo agevolato ai due <strong>workshop<\/strong> organizzati quest&#8217;anno e che vedono coinvolti due autori a noi cari: <a href=\"https:\/\/2024it.italianstreetphotofestival.com\/workshop-con-sara-munari\/\" target=\"_blank\" rel=\"noopener\">SARA MUNAR<\/a>I e <a href=\"https:\/\/2024it.italianstreetphotofestival.com\/workshop-con-salvatore-matarazzo\/\" target=\"_blank\" rel=\"noopener\">SALVATORE MATARAZZO<\/a>. Il fotografo toscano membro del collettivo \u201cFull Frontal Flash\u201d si racconter\u00e0 in una talk sabato 27 aprile alle ore 18.00.<\/span><\/h2>\n<figure id=\"attachment_3060\" aria-describedby=\"caption-attachment-3060\" style=\"width: 725px\" class=\"wp-caption alignnone\"><img loading=\"lazy\" decoding=\"async\" class=\" wp-image-3060\" src=\"https:\/\/fiaf.net\/social\/wp-content\/uploads\/sites\/25\/2024\/02\/SALVATORE_MATARAZZO_STREET_7-199x300.jpg\" alt=\"\" width=\"725\" height=\"1093\" \/><figcaption id=\"caption-attachment-3060\" class=\"wp-caption-text\">SALVATORE_MATARAZZO_STREET_7<\/figcaption><\/figure>\n<figure id=\"attachment_3061\" aria-describedby=\"caption-attachment-3061\" style=\"width: 1081px\" class=\"wp-caption alignnone\"><img loading=\"lazy\" decoding=\"async\" class=\" wp-image-3061\" src=\"https:\/\/fiaf.net\/social\/wp-content\/uploads\/sites\/25\/2024\/02\/Image00036-300x200.jpg\" alt=\"\" width=\"1081\" height=\"720\" srcset=\"https:\/\/fiaf.net\/social\/wp-content\/uploads\/sites\/25\/2024\/02\/Image00036-300x200.jpg 300w, https:\/\/fiaf.net\/social\/wp-content\/uploads\/sites\/25\/2024\/02\/Image00036-1024x683.jpg 1024w, https:\/\/fiaf.net\/social\/wp-content\/uploads\/sites\/25\/2024\/02\/Image00036-768x512.jpg 768w, https:\/\/fiaf.net\/social\/wp-content\/uploads\/sites\/25\/2024\/02\/Image00036.jpg 1200w\" sizes=\"auto, (max-width: 1081px) 100vw, 1081px\" \/><figcaption id=\"caption-attachment-3061\" class=\"wp-caption-text\">Sara Munari<\/figcaption><\/figure>\n<h2><span class=\"s1\" style=\"font-size: 16px;font-weight: 400\">Altra talk imperdibile, on line questa volta, quella con il fotografo americano<a href=\"https:\/\/2024it.italianstreetphotofestival.com\/matt-black\/\" target=\"_blank\" rel=\"noopener\"><strong> MATT BLACK<\/strong><\/a>, giudice nella sezione storytelling, domenica alle ore 15.00 che parler\u00e0 del suo mondo fotografico. Chi ha avuto la fortuna di visitare Narni Immaginaria sa gi\u00e0 cosa aspettarsi dal fotografo Magnum che nella sua\u00a0<strong>American Geography<\/strong> \u00a0ha esplorato la cruda realt\u00e0 americana, a partire dalla Central Valley californiana, fino a coprire in 5 viaggi ben 46 stati diversi.<\/span><\/h2>\n<\/div>\n<p>In questo tempo di avvicinamento al Festival, come nostra consuetudine, Il Dipartimento Social, referente FIAF al Festival, vi far\u00e0 conoscere meglio, qui e sulla pagina facebook gli ospiti, i giudici &#8230;e che nomi ragazzi!! Ne vedremo delle belle, anzi bellissime immagini.<\/p>\n<p>Intanto potete trovare maggiori info dal sito dell&#8217;evento cliccando <a href=\"https:\/\/2024it.italianstreetphotofestival.com\/ospiti-e-giudici-2024\/#\" target=\"_blank\" rel=\"noopener\">qui \u00a0 \u00a0<\/a>E per partecipare ai concorsi fotografici, con chiusura il 3 marzo, invece qui\u00a0<a href=\"https:\/\/2024it.italianstreetphotofestival.com\/contest\/\" target=\"_blank\" rel=\"noopener\">clicca<\/a><\/p>\n<figure id=\"attachment_3049\" aria-describedby=\"caption-attachment-3049\" style=\"width: 595px\" class=\"wp-caption aligncenter\"><img loading=\"lazy\" decoding=\"async\" class=\" wp-image-3049\" src=\"https:\/\/fiaf.net\/social\/wp-content\/uploads\/sites\/25\/2024\/02\/425379214_943942687305332_7207898127106435747_n-300x300.jpg\" alt=\"\" width=\"595\" height=\"595\" srcset=\"https:\/\/fiaf.net\/social\/wp-content\/uploads\/sites\/25\/2024\/02\/425379214_943942687305332_7207898127106435747_n-300x300.jpg 300w, https:\/\/fiaf.net\/social\/wp-content\/uploads\/sites\/25\/2024\/02\/425379214_943942687305332_7207898127106435747_n-150x150.jpg 150w, https:\/\/fiaf.net\/social\/wp-content\/uploads\/sites\/25\/2024\/02\/425379214_943942687305332_7207898127106435747_n.jpg 526w\" sizes=\"auto, (max-width: 595px) 100vw, 595px\" \/><figcaption id=\"caption-attachment-3049\" class=\"wp-caption-text\">\u00a9 Giuseppe Gricia, ISPF 2023 finalist photo<\/figcaption><\/figure>\n<figure id=\"attachment_3051\" aria-describedby=\"caption-attachment-3051\" style=\"width: 622px\" class=\"wp-caption aligncenter\"><img loading=\"lazy\" decoding=\"async\" class=\" wp-image-3051\" src=\"https:\/\/fiaf.net\/social\/wp-content\/uploads\/sites\/25\/2024\/02\/425505590_944243033941964_5008749407122358752_n-300x300.jpg\" alt=\"\" width=\"622\" height=\"622\" srcset=\"https:\/\/fiaf.net\/social\/wp-content\/uploads\/sites\/25\/2024\/02\/425505590_944243033941964_5008749407122358752_n-300x300.jpg 300w, https:\/\/fiaf.net\/social\/wp-content\/uploads\/sites\/25\/2024\/02\/425505590_944243033941964_5008749407122358752_n-1024x1024.jpg 1024w, https:\/\/fiaf.net\/social\/wp-content\/uploads\/sites\/25\/2024\/02\/425505590_944243033941964_5008749407122358752_n-150x150.jpg 150w, https:\/\/fiaf.net\/social\/wp-content\/uploads\/sites\/25\/2024\/02\/425505590_944243033941964_5008749407122358752_n-768x768.jpg 768w, https:\/\/fiaf.net\/social\/wp-content\/uploads\/sites\/25\/2024\/02\/425505590_944243033941964_5008749407122358752_n-1536x1536.jpg 1536w, https:\/\/fiaf.net\/social\/wp-content\/uploads\/sites\/25\/2024\/02\/425505590_944243033941964_5008749407122358752_n.jpg 2048w\" sizes=\"auto, (max-width: 622px) 100vw, 622px\" \/><figcaption id=\"caption-attachment-3051\" class=\"wp-caption-text\">\u00a9 Tavepong Pratoomwong serie finalista ISPF 2023<\/figcaption><\/figure>\n<figure id=\"attachment_3050\" aria-describedby=\"caption-attachment-3050\" style=\"width: 632px\" class=\"wp-caption aligncenter\"><img loading=\"lazy\" decoding=\"async\" class=\" wp-image-3050\" src=\"https:\/\/fiaf.net\/social\/wp-content\/uploads\/sites\/25\/2024\/02\/425567336_944892337210367_5799438802333525250_n-300x300.jpg\" alt=\"\" width=\"632\" height=\"632\" srcset=\"https:\/\/fiaf.net\/social\/wp-content\/uploads\/sites\/25\/2024\/02\/425567336_944892337210367_5799438802333525250_n-300x300.jpg 300w, https:\/\/fiaf.net\/social\/wp-content\/uploads\/sites\/25\/2024\/02\/425567336_944892337210367_5799438802333525250_n-150x150.jpg 150w, https:\/\/fiaf.net\/social\/wp-content\/uploads\/sites\/25\/2024\/02\/425567336_944892337210367_5799438802333525250_n.jpg 526w\" sizes=\"auto, (max-width: 632px) 100vw, 632px\" \/><figcaption id=\"caption-attachment-3050\" class=\"wp-caption-text\">\u00a9 Massimo Pellone, narrazione finalista ISPF 2023<\/figcaption><\/figure>\n<figure id=\"attachment_3052\" aria-describedby=\"caption-attachment-3052\" style=\"width: 627px\" class=\"wp-caption aligncenter\"><img loading=\"lazy\" decoding=\"async\" class=\" wp-image-3052\" src=\"https:\/\/fiaf.net\/social\/wp-content\/uploads\/sites\/25\/2024\/02\/425566047_944844797215121_5475736922309178859_n-300x300.jpg\" alt=\"\" width=\"627\" height=\"627\" srcset=\"https:\/\/fiaf.net\/social\/wp-content\/uploads\/sites\/25\/2024\/02\/425566047_944844797215121_5475736922309178859_n-300x300.jpg 300w, https:\/\/fiaf.net\/social\/wp-content\/uploads\/sites\/25\/2024\/02\/425566047_944844797215121_5475736922309178859_n-1024x1024.jpg 1024w, https:\/\/fiaf.net\/social\/wp-content\/uploads\/sites\/25\/2024\/02\/425566047_944844797215121_5475736922309178859_n-150x150.jpg 150w, https:\/\/fiaf.net\/social\/wp-content\/uploads\/sites\/25\/2024\/02\/425566047_944844797215121_5475736922309178859_n-768x768.jpg 768w, https:\/\/fiaf.net\/social\/wp-content\/uploads\/sites\/25\/2024\/02\/425566047_944844797215121_5475736922309178859_n-1536x1536.jpg 1536w, https:\/\/fiaf.net\/social\/wp-content\/uploads\/sites\/25\/2024\/02\/425566047_944844797215121_5475736922309178859_n.jpg 2048w\" sizes=\"auto, (max-width: 627px) 100vw, 627px\" \/><figcaption id=\"caption-attachment-3052\" class=\"wp-caption-text\">\u00a9 Sukhjeet Singh, ISPF 2023 finalist by phone<\/figcaption><\/figure>\n<p>STAY TUNED<\/p>\n<p>Debora Valentini (Direttrice Dip. Social della FIAF)<\/p>\n<div class=\"wpb_text_column wpb_content_element \">\n<div class=\"wpb_wrapper\">\n<p>&nbsp;<\/p>\n<\/div>\n<\/div>\n\n    <div class=\"xs_social_share_widget xs_share_url after_content \t\tmain_content  wslu-style-1 wslu-share-box-shaped wslu-fill-colored wslu-none wslu-share-horizontal wslu-theme-font-no wslu-main_content\">\n\n\t\t\n        <ul>\n\t\t\t        <\/ul>\n    <\/div> \n","protected":false},"excerpt":{"rendered":"<p>Il primo Festival di strada in Italia, che tutti gli appasssionati di questo modo di essere e di esprimersi hanno &hellip;<\/p>\n","protected":false},"author":78,"featured_media":3048,"comment_status":"open","ping_status":"open","sticky":false,"template":"","format":"standard","meta":{"_acf_changed":false,"footnotes":""},"categories":[7,13],"tags":[557,53,558,58,559,70,560,95,561,142,562,154,563,155,564,157,565,288,566,289,330,388,479,482,556],"class_list":["post-3047","post","type-post","status-publish","format-standard","has-post-thumbnail","hentry","category-news","category-home","tag-autoriinternazionali","tag-ispf","tag-martinparr","tag-fiaferslazio","tag-mattblack","tag-letture-portfolio","tag-salvatorematarazzo","tag-workshop","tag-saramunari","tag-relazioni","tag-lorenzocatena","tag-fotografia-street","tag-saradimaio","tag-festival","tag-lilianaranalletta","tag-photowalk","tag-fotografomagnum","tag-talk","tag-linguaggiofotografico","tag-lettureportfoliofiaf","tag-roma","tag-autoriitaliani","tag-fiafpartner","tag-riflessioni","tag-officinefotografriche"],"acf":[],"_links":{"self":[{"href":"https:\/\/fiaf.net\/social\/wp-json\/wp\/v2\/posts\/3047","targetHints":{"allow":["GET"]}}],"collection":[{"href":"https:\/\/fiaf.net\/social\/wp-json\/wp\/v2\/posts"}],"about":[{"href":"https:\/\/fiaf.net\/social\/wp-json\/wp\/v2\/types\/post"}],"author":[{"embeddable":true,"href":"https:\/\/fiaf.net\/social\/wp-json\/wp\/v2\/users\/78"}],"replies":[{"embeddable":true,"href":"https:\/\/fiaf.net\/social\/wp-json\/wp\/v2\/comments?post=3047"}],"version-history":[{"count":6,"href":"https:\/\/fiaf.net\/social\/wp-json\/wp\/v2\/posts\/3047\/revisions"}],"predecessor-version":[{"id":3069,"href":"https:\/\/fiaf.net\/social\/wp-json\/wp\/v2\/posts\/3047\/revisions\/3069"}],"wp:featuredmedia":[{"embeddable":true,"href":"https:\/\/fiaf.net\/social\/wp-json\/wp\/v2\/media\/3048"}],"wp:attachment":[{"href":"https:\/\/fiaf.net\/social\/wp-json\/wp\/v2\/media?parent=3047"}],"wp:term":[{"taxonomy":"category","embeddable":true,"href":"https:\/\/fiaf.net\/social\/wp-json\/wp\/v2\/categories?post=3047"},{"taxonomy":"post_tag","embeddable":true,"href":"https:\/\/fiaf.net\/social\/wp-json\/wp\/v2\/tags?post=3047"}],"curies":[{"name":"wp","href":"https:\/\/api.w.org\/{rel}","templated":true}]}}