{"id":3098,"date":"2024-02-20T09:35:58","date_gmt":"2024-02-20T08:35:58","guid":{"rendered":"https:\/\/fiaf.net\/social\/?p=3098"},"modified":"2024-02-20T09:42:00","modified_gmt":"2024-02-20T08:42:00","slug":"le-due-anime-di-sonia-granata","status":"publish","type":"post","link":"https:\/\/fiaf.net\/social\/2024\/02\/20\/le-due-anime-di-sonia-granata\/","title":{"rendered":"LE DUE ANIME DI SONIA GRANATA"},"content":{"rendered":"<p style=\"font-weight: 400\">All\u2019Italian Street Photo Festival 2023, a Roma, incontro Sonia Granata. Facciamo due chiacchiere, guardiamo un po\u2019 la mostra, poi durante la giornata ci perdiamo di vista. La sera c\u2019\u00e8 l\u2019annuncio dei vincitori e al primo posto della categoria \u201cfoto singole\u201d il display mostra la sua foto. Aspetto di vederla andare a ritirare il premio ma non appare\u2026 Eppure c\u2019era\u2026 Niente, non si vede. Le mando per messaggio la foto del display con la sua foto, il suo nome, la scritta \u201cprima classificata\u201d e la mia domanda: \u201cMa dove sei???\u201d. Aveva un\u2019impegno per cena da una sua amica. \u201cMa proprio ora?\u201d, le chiedo. \u201cMa chi se lo aspettava\u2026\u201d risponde lei.<\/p>\n<figure id=\"attachment_3100\" aria-describedby=\"caption-attachment-3100\" style=\"width: 1257px\" class=\"wp-caption aligncenter\"><img loading=\"lazy\" decoding=\"async\" class=\" wp-image-3100\" src=\"https:\/\/fiaf.net\/social\/wp-content\/uploads\/sites\/25\/2024\/02\/SG_05-300x200.jpg\" alt=\"\" width=\"1257\" height=\"838\" srcset=\"https:\/\/fiaf.net\/social\/wp-content\/uploads\/sites\/25\/2024\/02\/SG_05-300x200.jpg 300w, https:\/\/fiaf.net\/social\/wp-content\/uploads\/sites\/25\/2024\/02\/SG_05-1024x683.jpg 1024w, https:\/\/fiaf.net\/social\/wp-content\/uploads\/sites\/25\/2024\/02\/SG_05-768x512.jpg 768w, https:\/\/fiaf.net\/social\/wp-content\/uploads\/sites\/25\/2024\/02\/SG_05.jpg 1200w\" sizes=\"auto, (max-width: 1257px) 100vw, 1257px\" \/><figcaption id=\"caption-attachment-3100\" class=\"wp-caption-text\">SONIA GRANATA<\/figcaption><\/figure>\n<figure id=\"attachment_3101\" aria-describedby=\"caption-attachment-3101\" style=\"width: 839px\" class=\"wp-caption aligncenter\"><img loading=\"lazy\" decoding=\"async\" class=\" wp-image-3101\" src=\"https:\/\/fiaf.net\/social\/wp-content\/uploads\/sites\/25\/2024\/02\/SG_07-300x200.jpg\" alt=\"\" width=\"839\" height=\"559\" srcset=\"https:\/\/fiaf.net\/social\/wp-content\/uploads\/sites\/25\/2024\/02\/SG_07-300x200.jpg 300w, https:\/\/fiaf.net\/social\/wp-content\/uploads\/sites\/25\/2024\/02\/SG_07-1024x683.jpg 1024w, https:\/\/fiaf.net\/social\/wp-content\/uploads\/sites\/25\/2024\/02\/SG_07-768x512.jpg 768w, https:\/\/fiaf.net\/social\/wp-content\/uploads\/sites\/25\/2024\/02\/SG_07.jpg 1200w\" sizes=\"auto, (max-width: 839px) 100vw, 839px\" \/><figcaption id=\"caption-attachment-3101\" class=\"wp-caption-text\">SONIA GRANATA Foto vincitrice all&#8217;ISPF 2023 categoria foto singola<\/figcaption><\/figure>\n<p style=\"font-weight: 400\">Ci si meraviglia sempre quando in una persona che ha del talento si vede un\u2019umilt\u00e0 superiore al talento stesso.Non che fino a quel momento le mancassero i risultati: gi\u00e0 finalista a Roma, Miami, Los Angeles, Sydney, Bruxelles, e poi anche un terzo posto in Australia.\u00a0Un paio di mesi dopo il successo di Roma (dove in questo 2024 torner\u00e0 fra i giudici) ci siamo ritrovati pure a Bruxelles, dove lei era anche esposta in una mostra di donne street photographers. La qualit\u00e0 delle sue immagini meritava anche quella.<\/p>\n<figure id=\"attachment_3113\" aria-describedby=\"caption-attachment-3113\" style=\"width: 886px\" class=\"wp-caption aligncenter\"><img loading=\"lazy\" decoding=\"async\" class=\" wp-image-3113\" src=\"https:\/\/fiaf.net\/social\/wp-content\/uploads\/sites\/25\/2024\/02\/IMG_2713-223x300.jpg\" alt=\"\" width=\"886\" height=\"1192\" srcset=\"https:\/\/fiaf.net\/social\/wp-content\/uploads\/sites\/25\/2024\/02\/IMG_2713-223x300.jpg 223w, https:\/\/fiaf.net\/social\/wp-content\/uploads\/sites\/25\/2024\/02\/IMG_2713-761x1024.jpg 761w, https:\/\/fiaf.net\/social\/wp-content\/uploads\/sites\/25\/2024\/02\/IMG_2713-768x1033.jpg 768w, https:\/\/fiaf.net\/social\/wp-content\/uploads\/sites\/25\/2024\/02\/IMG_2713-1142x1536.jpg 1142w, https:\/\/fiaf.net\/social\/wp-content\/uploads\/sites\/25\/2024\/02\/IMG_2713.jpg 1187w\" sizes=\"auto, (max-width: 886px) 100vw, 886px\" \/><figcaption id=\"caption-attachment-3113\" class=\"wp-caption-text\">SONIA GRANATA- DITTICI<\/figcaption><\/figure>\n<figure id=\"attachment_3112\" aria-describedby=\"caption-attachment-3112\" style=\"width: 871px\" class=\"wp-caption aligncenter\"><img loading=\"lazy\" decoding=\"async\" class=\" wp-image-3112\" src=\"https:\/\/fiaf.net\/social\/wp-content\/uploads\/sites\/25\/2024\/02\/IMG_1655-200x300.jpg\" alt=\"\" width=\"871\" height=\"1307\" srcset=\"https:\/\/fiaf.net\/social\/wp-content\/uploads\/sites\/25\/2024\/02\/IMG_1655-200x300.jpg 200w, https:\/\/fiaf.net\/social\/wp-content\/uploads\/sites\/25\/2024\/02\/IMG_1655-682x1024.jpg 682w, https:\/\/fiaf.net\/social\/wp-content\/uploads\/sites\/25\/2024\/02\/IMG_1655-768x1152.jpg 768w, https:\/\/fiaf.net\/social\/wp-content\/uploads\/sites\/25\/2024\/02\/IMG_1655-1024x1536.jpg 1024w, https:\/\/fiaf.net\/social\/wp-content\/uploads\/sites\/25\/2024\/02\/IMG_1655.jpg 1143w\" sizes=\"auto, (max-width: 871px) 100vw, 871px\" \/><figcaption id=\"caption-attachment-3112\" class=\"wp-caption-text\">SONIA GRANATA- DITTICI<\/figcaption><\/figure>\n<p style=\"font-weight: 400\">La fotografia di Sonia colpisce per la sua capacit\u00e0 di trovare assonanze fra soggetti, oggetti, colori e forme che pochi riuscirebbero a cogliere ma che appaiono evidenti una volta che ci si trova davanti all\u2019immagine finale.<br \/>\nUna delle sue qualit\u00e0, che si comprende osservando le sue foto, \u00e8 di riuscire a percepire e rappresentare in due dimensioni quello che nella realt\u00e0 \u00e8 in 3D, inserendo nello stesso frame piani fra loro lontani che giocano insieme a formare un tutt\u2019uno. \u201cUltimamente mi sto divertendo a fare i dittici, mi piace ricercare elementi in comune in situazioni differenti e allenare l\u2019occhio nelle analogie e nelle geometrie\u201d.<\/p>\n<figure id=\"attachment_3102\" aria-describedby=\"caption-attachment-3102\" style=\"width: 912px\" class=\"wp-caption aligncenter\"><img loading=\"lazy\" decoding=\"async\" class=\" wp-image-3102\" src=\"https:\/\/fiaf.net\/social\/wp-content\/uploads\/sites\/25\/2024\/02\/SG_01-300x200.jpg\" alt=\"\" width=\"912\" height=\"608\" srcset=\"https:\/\/fiaf.net\/social\/wp-content\/uploads\/sites\/25\/2024\/02\/SG_01-300x200.jpg 300w, https:\/\/fiaf.net\/social\/wp-content\/uploads\/sites\/25\/2024\/02\/SG_01-1024x683.jpg 1024w, https:\/\/fiaf.net\/social\/wp-content\/uploads\/sites\/25\/2024\/02\/SG_01-768x512.jpg 768w, https:\/\/fiaf.net\/social\/wp-content\/uploads\/sites\/25\/2024\/02\/SG_01.jpg 1500w\" sizes=\"auto, (max-width: 912px) 100vw, 912px\" \/><figcaption id=\"caption-attachment-3102\" class=\"wp-caption-text\">SONIA GRANATA<\/figcaption><\/figure>\n<figure id=\"attachment_3103\" aria-describedby=\"caption-attachment-3103\" style=\"width: 1128px\" class=\"wp-caption aligncenter\"><img loading=\"lazy\" decoding=\"async\" class=\" wp-image-3103\" src=\"https:\/\/fiaf.net\/social\/wp-content\/uploads\/sites\/25\/2024\/02\/SG_02-300x200.jpg\" alt=\"\" width=\"1128\" height=\"752\" srcset=\"https:\/\/fiaf.net\/social\/wp-content\/uploads\/sites\/25\/2024\/02\/SG_02-300x200.jpg 300w, https:\/\/fiaf.net\/social\/wp-content\/uploads\/sites\/25\/2024\/02\/SG_02-1024x682.jpg 1024w, https:\/\/fiaf.net\/social\/wp-content\/uploads\/sites\/25\/2024\/02\/SG_02-768x512.jpg 768w, https:\/\/fiaf.net\/social\/wp-content\/uploads\/sites\/25\/2024\/02\/SG_02-1536x1024.jpg 1536w, https:\/\/fiaf.net\/social\/wp-content\/uploads\/sites\/25\/2024\/02\/SG_02-2048x1365.jpg 2048w\" sizes=\"auto, (max-width: 1128px) 100vw, 1128px\" \/><figcaption id=\"caption-attachment-3103\" class=\"wp-caption-text\">SONIA GRANATA<\/figcaption><\/figure>\n<figure id=\"attachment_3104\" aria-describedby=\"caption-attachment-3104\" style=\"width: 1019px\" class=\"wp-caption aligncenter\"><img loading=\"lazy\" decoding=\"async\" class=\" wp-image-3104\" src=\"https:\/\/fiaf.net\/social\/wp-content\/uploads\/sites\/25\/2024\/02\/SG_03-300x200.jpg\" alt=\"\" width=\"1019\" height=\"679\" srcset=\"https:\/\/fiaf.net\/social\/wp-content\/uploads\/sites\/25\/2024\/02\/SG_03-300x200.jpg 300w, https:\/\/fiaf.net\/social\/wp-content\/uploads\/sites\/25\/2024\/02\/SG_03-1024x683.jpg 1024w, https:\/\/fiaf.net\/social\/wp-content\/uploads\/sites\/25\/2024\/02\/SG_03-768x512.jpg 768w, https:\/\/fiaf.net\/social\/wp-content\/uploads\/sites\/25\/2024\/02\/SG_03.jpg 1500w\" sizes=\"auto, (max-width: 1019px) 100vw, 1019px\" \/><figcaption id=\"caption-attachment-3104\" class=\"wp-caption-text\">SONIA GRANATA<\/figcaption><\/figure>\n<figure id=\"attachment_3105\" aria-describedby=\"caption-attachment-3105\" style=\"width: 1178px\" class=\"wp-caption aligncenter\"><img loading=\"lazy\" decoding=\"async\" class=\" wp-image-3105\" src=\"https:\/\/fiaf.net\/social\/wp-content\/uploads\/sites\/25\/2024\/02\/SG_06-300x200.jpg\" alt=\"\" width=\"1178\" height=\"785\" srcset=\"https:\/\/fiaf.net\/social\/wp-content\/uploads\/sites\/25\/2024\/02\/SG_06-300x200.jpg 300w, https:\/\/fiaf.net\/social\/wp-content\/uploads\/sites\/25\/2024\/02\/SG_06-1024x683.jpg 1024w, https:\/\/fiaf.net\/social\/wp-content\/uploads\/sites\/25\/2024\/02\/SG_06-768x512.jpg 768w, https:\/\/fiaf.net\/social\/wp-content\/uploads\/sites\/25\/2024\/02\/SG_06.jpg 1200w\" sizes=\"auto, (max-width: 1178px) 100vw, 1178px\" \/><figcaption id=\"caption-attachment-3105\" class=\"wp-caption-text\">SONIA GRANATA<\/figcaption><\/figure>\n<p style=\"font-weight: 400\">Appassionata di tutte le arti visive, nel 2016 inizia a frequentare corsi di fotografia in una scuola dove poi diventa docente. \u201cLa scuola mi ha insegnato ad amare tutti i generi di fotografia, dal ritratto ambientato, al food, alla fotografia astronomica e paesaggistica. Non ho mai inteso la street solo come un genere, ma come l\u2019unione di tutte le esperienze fatte e riportate per strada. La street arriva da sola, \u00e8 come il calcio, lo possono giocare tutti, anche con un pallone di cartone.\u201d<\/p>\n<p style=\"font-weight: 400\">La Street Photography \u00e8 il genere che affronta pi\u00f9 frequentemente, per lei fotografare sempre e ovunque diventa quasi un automatismo, \u201cin mancanza d\u2019altro posso fotografare anche solo con gli occhi\u201d.<br \/>\nAnche la ricerca grafica e l\u2019aspetto ironico convivono o si alternano nelle sue immagini, e non ci si meraviglia che fra i suoi autori preferiti ci siano Elliott Erwitt e Helen Lewitt, \u201cmi hanno ispirata tantissimo per la ricerca di situazioni divertenti e particolari\u201d.<\/p>\n<figure id=\"attachment_3106\" aria-describedby=\"caption-attachment-3106\" style=\"width: 1143px\" class=\"wp-caption aligncenter\"><img loading=\"lazy\" decoding=\"async\" class=\" wp-image-3106\" src=\"https:\/\/fiaf.net\/social\/wp-content\/uploads\/sites\/25\/2024\/02\/SG_08-300x200.jpg\" alt=\"\" width=\"1143\" height=\"762\" srcset=\"https:\/\/fiaf.net\/social\/wp-content\/uploads\/sites\/25\/2024\/02\/SG_08-300x200.jpg 300w, https:\/\/fiaf.net\/social\/wp-content\/uploads\/sites\/25\/2024\/02\/SG_08-1024x683.jpg 1024w, https:\/\/fiaf.net\/social\/wp-content\/uploads\/sites\/25\/2024\/02\/SG_08-768x512.jpg 768w, https:\/\/fiaf.net\/social\/wp-content\/uploads\/sites\/25\/2024\/02\/SG_08.jpg 1200w\" sizes=\"auto, (max-width: 1143px) 100vw, 1143px\" \/><figcaption id=\"caption-attachment-3106\" class=\"wp-caption-text\">SONIA GRANATA<\/figcaption><\/figure>\n<p><img loading=\"lazy\" decoding=\"async\" class=\" wp-image-3107 aligncenter\" src=\"https:\/\/fiaf.net\/social\/wp-content\/uploads\/sites\/25\/2024\/02\/SG_09-300x200.jpg\" alt=\"\" width=\"1268\" height=\"845\" srcset=\"https:\/\/fiaf.net\/social\/wp-content\/uploads\/sites\/25\/2024\/02\/SG_09-300x200.jpg 300w, https:\/\/fiaf.net\/social\/wp-content\/uploads\/sites\/25\/2024\/02\/SG_09-1024x683.jpg 1024w, https:\/\/fiaf.net\/social\/wp-content\/uploads\/sites\/25\/2024\/02\/SG_09-768x512.jpg 768w, https:\/\/fiaf.net\/social\/wp-content\/uploads\/sites\/25\/2024\/02\/SG_09.jpg 1200w\" sizes=\"auto, (max-width: 1268px) 100vw, 1268px\" \/><\/p>\n<figure id=\"attachment_3108\" aria-describedby=\"caption-attachment-3108\" style=\"width: 1467px\" class=\"wp-caption aligncenter\"><img loading=\"lazy\" decoding=\"async\" class=\" wp-image-3108\" src=\"https:\/\/fiaf.net\/social\/wp-content\/uploads\/sites\/25\/2024\/02\/SG_12-300x200.jpg\" alt=\"\" width=\"1467\" height=\"978\" srcset=\"https:\/\/fiaf.net\/social\/wp-content\/uploads\/sites\/25\/2024\/02\/SG_12-300x200.jpg 300w, https:\/\/fiaf.net\/social\/wp-content\/uploads\/sites\/25\/2024\/02\/SG_12-1024x683.jpg 1024w, https:\/\/fiaf.net\/social\/wp-content\/uploads\/sites\/25\/2024\/02\/SG_12-768x512.jpg 768w, https:\/\/fiaf.net\/social\/wp-content\/uploads\/sites\/25\/2024\/02\/SG_12.jpg 1200w\" sizes=\"auto, (max-width: 1467px) 100vw, 1467px\" \/><figcaption id=\"caption-attachment-3108\" class=\"wp-caption-text\">SONIA GRANATA<\/figcaption><\/figure>\n<figure id=\"attachment_3117\" aria-describedby=\"caption-attachment-3117\" style=\"width: 894px\" class=\"wp-caption aligncenter\"><img loading=\"lazy\" decoding=\"async\" class=\" wp-image-3117\" src=\"https:\/\/fiaf.net\/social\/wp-content\/uploads\/sites\/25\/2024\/02\/SG_11-300x200.jpg\" alt=\"\" width=\"894\" height=\"596\" srcset=\"https:\/\/fiaf.net\/social\/wp-content\/uploads\/sites\/25\/2024\/02\/SG_11-300x200.jpg 300w, https:\/\/fiaf.net\/social\/wp-content\/uploads\/sites\/25\/2024\/02\/SG_11-1024x683.jpg 1024w, https:\/\/fiaf.net\/social\/wp-content\/uploads\/sites\/25\/2024\/02\/SG_11-768x512.jpg 768w, https:\/\/fiaf.net\/social\/wp-content\/uploads\/sites\/25\/2024\/02\/SG_11.jpg 1200w\" sizes=\"auto, (max-width: 894px) 100vw, 894px\" \/><figcaption id=\"caption-attachment-3117\" class=\"wp-caption-text\">SONIA GRANATA<\/figcaption><\/figure>\n<p style=\"font-weight: 400\">Sembra di percepire due anime in Sonia: talento e umilt\u00e0, razionalit\u00e0 e ironia\u2026<br \/>\nContinua a raccontare: \u201csono nata e vivo tuttora a Casorate Primo, un paese tra Milano e Pavia, infatti mi sento di appartenere a due citt\u00e0. Figlia della nebbia e del grigiore, dei campi di riso e dell\u2019afa estiva, se l\u2019una mi ha ispirato le geometrie di una metropoli, l\u2019altra mi ha permesso di allungare lo sguardo verso l\u2019orizzonte.\u201d<br \/>\nOltre dalla street photography \u00e8 profondamente colpita anche dal fotogiornalismo americano, \u201cTom Brenner, Carlos Barria, Jabin Botsford e altri, li trovo incredibili e nonostante stiano facendo foto giornalistiche la street vision \u00e8 spettacolare\u201d.<\/p>\n<p style=\"font-weight: 400\">Ecco che le due anime sembrano ancora pi\u00f9 evidenti: quella talentuosa e quella umile, quella della nebbia e quella dell\u2019afa, quella che passa dall\u2019occhio ironico a quello attento alla composizione, quella della Street Photography o del reportage.\u00a0Non ci si meraviglia che queste due anime vengano attratte anche dai dittici: le assonanze, e in qualche caso gli opposti, sono delle evidenze in tutti i suoi lavori. Attinenze formali, gestuali, tonali o compositive, mai banali, in grado di colpire l\u2019osservatore per la profondit\u00e0 del suo sguardo e per l\u2019originalit\u00e0 della visione.<br \/>\nEvidentemente la capacit\u00e0 di approcci diversi moltiplica le sue possibilit\u00e0 espressive, e sicuramente una capacit\u00e0 di osservare cos\u00ec acuta e intelligente la porta pi\u00f9 facilmente a risultati brillanti.<br \/>\n\u201cUn pensiero che faccio spesso? Sentirsi un passo indietro agli altri cos\u00ec si impara, ma sempre un\u00a0passo avanti a tutti cos\u00ec non li ritrovi nello scatto.\u201d Ecco: sia indietro che avanti, con due anime ci si pu\u00f2 riuscire pi\u00f9 facilmente!<\/p>\n<figure id=\"attachment_3109\" aria-describedby=\"caption-attachment-3109\" style=\"width: 868px\" class=\"wp-caption aligncenter\"><img loading=\"lazy\" decoding=\"async\" class=\" wp-image-3109\" src=\"https:\/\/fiaf.net\/social\/wp-content\/uploads\/sites\/25\/2024\/02\/IMG_0211-220x300.jpg\" alt=\"\" width=\"868\" height=\"1184\" \/><figcaption id=\"caption-attachment-3109\" class=\"wp-caption-text\">SONIA GRANATA- DITTICI<\/figcaption><\/figure>\n<figure id=\"attachment_3110\" aria-describedby=\"caption-attachment-3110\" style=\"width: 981px\" class=\"wp-caption aligncenter\"><img loading=\"lazy\" decoding=\"async\" class=\" wp-image-3110\" src=\"https:\/\/fiaf.net\/social\/wp-content\/uploads\/sites\/25\/2024\/02\/IMG_0241-221x300.jpg\" alt=\"\" width=\"981\" height=\"1332\" srcset=\"https:\/\/fiaf.net\/social\/wp-content\/uploads\/sites\/25\/2024\/02\/IMG_0241-221x300.jpg 221w, https:\/\/fiaf.net\/social\/wp-content\/uploads\/sites\/25\/2024\/02\/IMG_0241-755x1024.jpg 755w, https:\/\/fiaf.net\/social\/wp-content\/uploads\/sites\/25\/2024\/02\/IMG_0241-768x1042.jpg 768w, https:\/\/fiaf.net\/social\/wp-content\/uploads\/sites\/25\/2024\/02\/IMG_0241-1132x1536.jpg 1132w, https:\/\/fiaf.net\/social\/wp-content\/uploads\/sites\/25\/2024\/02\/IMG_0241.jpg 1182w\" sizes=\"auto, (max-width: 981px) 100vw, 981px\" \/><figcaption id=\"caption-attachment-3110\" class=\"wp-caption-text\">SONIA GRANATA- DITTICI<\/figcaption><\/figure>\n<figure id=\"attachment_3111\" aria-describedby=\"caption-attachment-3111\" style=\"width: 891px\" class=\"wp-caption aligncenter\"><img loading=\"lazy\" decoding=\"async\" class=\" wp-image-3111\" src=\"https:\/\/fiaf.net\/social\/wp-content\/uploads\/sites\/25\/2024\/02\/IMG_0244-222x300.jpg\" alt=\"\" width=\"891\" height=\"1204\" srcset=\"https:\/\/fiaf.net\/social\/wp-content\/uploads\/sites\/25\/2024\/02\/IMG_0244-222x300.jpg 222w, https:\/\/fiaf.net\/social\/wp-content\/uploads\/sites\/25\/2024\/02\/IMG_0244-758x1024.jpg 758w, https:\/\/fiaf.net\/social\/wp-content\/uploads\/sites\/25\/2024\/02\/IMG_0244-768x1037.jpg 768w, https:\/\/fiaf.net\/social\/wp-content\/uploads\/sites\/25\/2024\/02\/IMG_0244-1137x1536.jpg 1137w, https:\/\/fiaf.net\/social\/wp-content\/uploads\/sites\/25\/2024\/02\/IMG_0244.jpg 1178w\" sizes=\"auto, (max-width: 891px) 100vw, 891px\" \/><figcaption id=\"caption-attachment-3111\" class=\"wp-caption-text\">SONIA GRANATA- DITTICI<\/figcaption><\/figure>\n<figure id=\"attachment_3115\" aria-describedby=\"caption-attachment-3115\" style=\"width: 1067px\" class=\"wp-caption aligncenter\"><img loading=\"lazy\" decoding=\"async\" class=\" wp-image-3115\" src=\"https:\/\/fiaf.net\/social\/wp-content\/uploads\/sites\/25\/2024\/02\/IMG_4534-200x300.jpg\" alt=\"\" width=\"1067\" height=\"1601\" srcset=\"https:\/\/fiaf.net\/social\/wp-content\/uploads\/sites\/25\/2024\/02\/IMG_4534-200x300.jpg 200w, https:\/\/fiaf.net\/social\/wp-content\/uploads\/sites\/25\/2024\/02\/IMG_4534-682x1024.jpg 682w, https:\/\/fiaf.net\/social\/wp-content\/uploads\/sites\/25\/2024\/02\/IMG_4534-768x1152.jpg 768w, https:\/\/fiaf.net\/social\/wp-content\/uploads\/sites\/25\/2024\/02\/IMG_4534-1024x1536.jpg 1024w, https:\/\/fiaf.net\/social\/wp-content\/uploads\/sites\/25\/2024\/02\/IMG_4534.jpg 1113w\" sizes=\"auto, (max-width: 1067px) 100vw, 1067px\" \/><figcaption id=\"caption-attachment-3115\" class=\"wp-caption-text\">SONIA GRANATA- DITTICI<\/figcaption><\/figure>\n<figure id=\"attachment_3114\" aria-describedby=\"caption-attachment-3114\" style=\"width: 949px\" class=\"wp-caption aligncenter\"><img loading=\"lazy\" decoding=\"async\" class=\" wp-image-3114\" src=\"https:\/\/fiaf.net\/social\/wp-content\/uploads\/sites\/25\/2024\/02\/IMG_5403-225x300.jpg\" alt=\"\" width=\"949\" height=\"1265\" srcset=\"https:\/\/fiaf.net\/social\/wp-content\/uploads\/sites\/25\/2024\/02\/IMG_5403-225x300.jpg 225w, https:\/\/fiaf.net\/social\/wp-content\/uploads\/sites\/25\/2024\/02\/IMG_5403-768x1025.jpg 768w, https:\/\/fiaf.net\/social\/wp-content\/uploads\/sites\/25\/2024\/02\/IMG_5403.jpg 1080w\" sizes=\"auto, (max-width: 949px) 100vw, 949px\" \/><figcaption id=\"caption-attachment-3114\" class=\"wp-caption-text\">SONIA GRANATA- DITTICI<\/figcaption><\/figure>\n<figure id=\"attachment_3116\" aria-describedby=\"caption-attachment-3116\" style=\"width: 1056px\" class=\"wp-caption aligncenter\"><img loading=\"lazy\" decoding=\"async\" class=\" wp-image-3116\" src=\"https:\/\/fiaf.net\/social\/wp-content\/uploads\/sites\/25\/2024\/02\/IMG_6437-221x300.jpg\" alt=\"\" width=\"1056\" height=\"1433\" srcset=\"https:\/\/fiaf.net\/social\/wp-content\/uploads\/sites\/25\/2024\/02\/IMG_6437-221x300.jpg 221w, https:\/\/fiaf.net\/social\/wp-content\/uploads\/sites\/25\/2024\/02\/IMG_6437-755x1024.jpg 755w, https:\/\/fiaf.net\/social\/wp-content\/uploads\/sites\/25\/2024\/02\/IMG_6437-768x1042.jpg 768w, https:\/\/fiaf.net\/social\/wp-content\/uploads\/sites\/25\/2024\/02\/IMG_6437-1132x1536.jpg 1132w, https:\/\/fiaf.net\/social\/wp-content\/uploads\/sites\/25\/2024\/02\/IMG_6437.jpg 1150w\" sizes=\"auto, (max-width: 1056px) 100vw, 1056px\" \/><figcaption id=\"caption-attachment-3116\" class=\"wp-caption-text\">SONIA GRANATA- DITTICI<\/figcaption><\/figure>\n<p style=\"font-weight: 400\">testo di MARIO MENCACCI<\/p>\n<p>Se volete conoscere meglio <a href=\"https:\/\/www.instagram.com\/gnoskyblacky\/?hl=it\" target=\"_blank\" rel=\"noopener\">SONIA GRANATA<\/a><\/p>\n<p>C&#8217;\u00e8 tempo fino al 3 MARZO per partecipare ai <a href=\"https:\/\/2024.italianstreetphotofestival.com\/#\" target=\"_blank\" rel=\"noopener\">contest<\/a> dell&#8217;ISPF, di cui FIAF \u00e8 partner. Grande vetrina per la street internazionale.<br \/>\nVI diamo una notizia in anteprima: ai tavoli di Lettura di Portoflio a cura della FIAF, del DiS, domenica mattina 28 aprile troverete MARIO MENCACCI. Ma non sar\u00e0 da solo, seguiteci e vi sveleremo i nomi degli altri lettori.<\/p>\n\n    <div class=\"xs_social_share_widget xs_share_url after_content \t\tmain_content  wslu-style-1 wslu-share-box-shaped wslu-fill-colored wslu-none wslu-share-horizontal wslu-theme-font-no wslu-main_content\">\n\n\t\t\n        <ul>\n\t\t\t        <\/ul>\n    <\/div> \n","protected":false},"excerpt":{"rendered":"<p>All\u2019Italian Street Photo Festival 2023, a Roma, incontro Sonia Granata. Facciamo due chiacchiere, guardiamo un po\u2019 la mostra, poi durante &hellip;<\/p>\n","protected":false},"author":78,"featured_media":3099,"comment_status":"open","ping_status":"open","sticky":false,"template":"","format":"standard","meta":{"_acf_changed":false,"footnotes":""},"categories":[6,7,13],"tags":[592,108,593,291,594,345,595,485,596,504,597,582,598,583,599,584,585,586,587,588,589,590,591],"class_list":["post-3098","post","type-post","status-publish","format-standard","has-post-thumbnail","hentry","category-autori","category-news","category-home","tag-geometrie","tag-premi","tag-divertirsi","tag-streetphotographer","tag-orizzonte","tag-docente","tag-america","tag-letturafotosingola","tag-fotogiornalismoamericano","tag-mostre","tag-possibilitaespressive","tag-ispf-roma","tag-acutaosservazione","tag-vincitrice-ispf","tag-due-anime","tag-dittici","tag-ironia","tag-talento","tag-umilta","tag-womanstreetphotographer","tag-bruxelles","tag-assonanze","tag-analogie"],"acf":[],"_links":{"self":[{"href":"https:\/\/fiaf.net\/social\/wp-json\/wp\/v2\/posts\/3098","targetHints":{"allow":["GET"]}}],"collection":[{"href":"https:\/\/fiaf.net\/social\/wp-json\/wp\/v2\/posts"}],"about":[{"href":"https:\/\/fiaf.net\/social\/wp-json\/wp\/v2\/types\/post"}],"author":[{"embeddable":true,"href":"https:\/\/fiaf.net\/social\/wp-json\/wp\/v2\/users\/78"}],"replies":[{"embeddable":true,"href":"https:\/\/fiaf.net\/social\/wp-json\/wp\/v2\/comments?post=3098"}],"version-history":[{"count":5,"href":"https:\/\/fiaf.net\/social\/wp-json\/wp\/v2\/posts\/3098\/revisions"}],"predecessor-version":[{"id":3122,"href":"https:\/\/fiaf.net\/social\/wp-json\/wp\/v2\/posts\/3098\/revisions\/3122"}],"wp:featuredmedia":[{"embeddable":true,"href":"https:\/\/fiaf.net\/social\/wp-json\/wp\/v2\/media\/3099"}],"wp:attachment":[{"href":"https:\/\/fiaf.net\/social\/wp-json\/wp\/v2\/media?parent=3098"}],"wp:term":[{"taxonomy":"category","embeddable":true,"href":"https:\/\/fiaf.net\/social\/wp-json\/wp\/v2\/categories?post=3098"},{"taxonomy":"post_tag","embeddable":true,"href":"https:\/\/fiaf.net\/social\/wp-json\/wp\/v2\/tags?post=3098"}],"curies":[{"name":"wp","href":"https:\/\/api.w.org\/{rel}","templated":true}]}}