{"id":3984,"date":"2025-01-27T08:55:24","date_gmt":"2025-01-27T07:55:24","guid":{"rendered":"https:\/\/fiaf.net\/social\/?p=3984"},"modified":"2025-01-27T09:49:06","modified_gmt":"2025-01-27T08:49:06","slug":"francisco-boix-il-fotografo-di-mauthausen","status":"publish","type":"post","link":"https:\/\/fiaf.net\/social\/2025\/01\/27\/francisco-boix-il-fotografo-di-mauthausen\/","title":{"rendered":"Francisco Boix: il &#8220;Fotografo di Mauthausen&#8221;."},"content":{"rendered":"<p style=\"font-weight: 400\">&#8220;Nei lager c&#8217;era anche lui&#8221; e per farvelo conoscere prendo spunto proprio dal titolo del libro di Vincenzo Pappalettera, un &#8220;io c&#8217;ero&#8221; ricco delle testimonianze di chi riusc\u00ec a sopravvivere ai campi di sterminio nazista. Perch\u00e9 non \u00e8 affatto facile un compito simile, specialmente quando le esperienze si vivono sulla propria pelle e poi, addirittura, tocca catalogarle.<\/p>\n<p style=\"font-weight: 400\">Questo incarico riguard\u00f2 anche Francisco Boix, un giovane militante nella Giovent\u00f9 Socialista della Catalogna rifugiatosi in Francia durante la Seconda Guerra, dove venne catturato dai tedeschi nel 1941 e segregato nel Campo di Concentramento di Mauthausen fino alla liberazione dal regime nel 1945. Avendo avuto esperienza con la fotografia durante i combattimenti della Rivoluzione di Spagna, Francisco fu destinato al compito di assistente nel laboratorio fotografico della SS Oberf\u00fchrer Paul Ricken, per identificare, protocollare e archiviare l&#8217;immane quantit\u00e0 di efferate e immonde fotografie che l&#8217;ufficiale nazista produceva per documentare ogni genere di barbarie sui detenuti. Con determinazione e coraggio il giovane fotografo spagnolo riusc\u00ec a nasconderne circa duemila copie, a testimonianza delle condizioni nei campi, delle stragi di massa, della &#8220;scalinata della morte&#8221;. Quei 186 gradini che collegavano il lager con la cava di granito, dove gli internati lavoravano per la sua estrazione e che gli stessi percorrevano con pesanti zavorre sulle spalle a causa delle quali spesso scivolavano, finendo rovinosamente nel dirupo laterale, divorati dai cani o fucilati dalle SS.<\/p>\n<figure id=\"attachment_3989\" aria-describedby=\"caption-attachment-3989\" style=\"width: 744px\" class=\"wp-caption aligncenter\"><img loading=\"lazy\" decoding=\"async\" class=\" wp-image-3989\" src=\"https:\/\/fiaf.net\/social\/wp-content\/uploads\/sites\/25\/2025\/01\/1.-Francisco-Boix-matricola-n\u00b0-5185-300x158.jpg\" alt=\"\" width=\"744\" height=\"392\" srcset=\"https:\/\/fiaf.net\/social\/wp-content\/uploads\/sites\/25\/2025\/01\/1.-Francisco-Boix-matricola-n\u00b0-5185-300x158.jpg 300w, https:\/\/fiaf.net\/social\/wp-content\/uploads\/sites\/25\/2025\/01\/1.-Francisco-Boix-matricola-n\u00b0-5185-768x405.jpg 768w, https:\/\/fiaf.net\/social\/wp-content\/uploads\/sites\/25\/2025\/01\/1.-Francisco-Boix-matricola-n\u00b0-5185.jpg 822w\" sizes=\"auto, (max-width: 744px) 100vw, 744px\" \/><figcaption id=\"caption-attachment-3989\" class=\"wp-caption-text\">Francisco Boix, matricola n\u00b0 5185<\/figcaption><\/figure>\n<figure id=\"attachment_3985\" aria-describedby=\"caption-attachment-3985\" style=\"width: 599px\" class=\"wp-caption aligncenter\"><img loading=\"lazy\" decoding=\"async\" class=\" wp-image-3985\" src=\"https:\/\/fiaf.net\/social\/wp-content\/uploads\/sites\/25\/2025\/01\/5.-\u00a9Francisco-Boix-Costruzione-del-campo-di-concentramento-di-Gusen-300x215.jpg\" alt=\"\" width=\"599\" height=\"429\" srcset=\"https:\/\/fiaf.net\/social\/wp-content\/uploads\/sites\/25\/2025\/01\/5.-\u00a9Francisco-Boix-Costruzione-del-campo-di-concentramento-di-Gusen-300x215.jpg 300w, https:\/\/fiaf.net\/social\/wp-content\/uploads\/sites\/25\/2025\/01\/5.-\u00a9Francisco-Boix-Costruzione-del-campo-di-concentramento-di-Gusen-1024x733.jpg 1024w, https:\/\/fiaf.net\/social\/wp-content\/uploads\/sites\/25\/2025\/01\/5.-\u00a9Francisco-Boix-Costruzione-del-campo-di-concentramento-di-Gusen-768x550.jpg 768w, https:\/\/fiaf.net\/social\/wp-content\/uploads\/sites\/25\/2025\/01\/5.-\u00a9Francisco-Boix-Costruzione-del-campo-di-concentramento-di-Gusen-1536x1100.jpg 1536w, https:\/\/fiaf.net\/social\/wp-content\/uploads\/sites\/25\/2025\/01\/5.-\u00a9Francisco-Boix-Costruzione-del-campo-di-concentramento-di-Gusen.jpg 1676w\" sizes=\"auto, (max-width: 599px) 100vw, 599px\" \/><figcaption id=\"caption-attachment-3985\" class=\"wp-caption-text\">\u00a9Francisco Boix &#8211; Costruzione del campo di concentramento di Gusen<\/figcaption><\/figure>\n<figure id=\"attachment_3987\" aria-describedby=\"caption-attachment-3987\" style=\"width: 477px\" class=\"wp-caption aligncenter\"><img loading=\"lazy\" decoding=\"async\" class=\" wp-image-3987\" src=\"https:\/\/fiaf.net\/social\/wp-content\/uploads\/sites\/25\/2025\/01\/8.-\u00a9Francisco-Boix-La-scala-della-morte-di-Mauthausen-200x300.jpg\" alt=\"\" width=\"477\" height=\"715\" srcset=\"https:\/\/fiaf.net\/social\/wp-content\/uploads\/sites\/25\/2025\/01\/8.-\u00a9Francisco-Boix-La-scala-della-morte-di-Mauthausen-200x300.jpg 200w, https:\/\/fiaf.net\/social\/wp-content\/uploads\/sites\/25\/2025\/01\/8.-\u00a9Francisco-Boix-La-scala-della-morte-di-Mauthausen-683x1024.jpg 683w, https:\/\/fiaf.net\/social\/wp-content\/uploads\/sites\/25\/2025\/01\/8.-\u00a9Francisco-Boix-La-scala-della-morte-di-Mauthausen-768x1152.jpg 768w, https:\/\/fiaf.net\/social\/wp-content\/uploads\/sites\/25\/2025\/01\/8.-\u00a9Francisco-Boix-La-scala-della-morte-di-Mauthausen.jpg 800w\" sizes=\"auto, (max-width: 477px) 100vw, 477px\" \/><figcaption id=\"caption-attachment-3987\" class=\"wp-caption-text\">\u00a9Francisco Boix &#8211; La scala della morte di Mauthausen<\/figcaption><\/figure>\n<figure id=\"attachment_3990\" aria-describedby=\"caption-attachment-3990\" style=\"width: 472px\" class=\"wp-caption aligncenter\"><img loading=\"lazy\" decoding=\"async\" class=\" wp-image-3990\" src=\"https:\/\/fiaf.net\/social\/wp-content\/uploads\/sites\/25\/2025\/01\/3.-\u00a9Paul-Ricken-Cava-di-granito-visita-della-SS-Hauptsturmfuhrer-Georg-Bachmayer-212x300.jpg\" alt=\"\" width=\"472\" height=\"668\" srcset=\"https:\/\/fiaf.net\/social\/wp-content\/uploads\/sites\/25\/2025\/01\/3.-\u00a9Paul-Ricken-Cava-di-granito-visita-della-SS-Hauptsturmfuhrer-Georg-Bachmayer-212x300.jpg 212w, https:\/\/fiaf.net\/social\/wp-content\/uploads\/sites\/25\/2025\/01\/3.-\u00a9Paul-Ricken-Cava-di-granito-visita-della-SS-Hauptsturmfuhrer-Georg-Bachmayer-722x1024.jpg 722w, https:\/\/fiaf.net\/social\/wp-content\/uploads\/sites\/25\/2025\/01\/3.-\u00a9Paul-Ricken-Cava-di-granito-visita-della-SS-Hauptsturmfuhrer-Georg-Bachmayer-768x1089.jpg 768w, https:\/\/fiaf.net\/social\/wp-content\/uploads\/sites\/25\/2025\/01\/3.-\u00a9Paul-Ricken-Cava-di-granito-visita-della-SS-Hauptsturmfuhrer-Georg-Bachmayer.jpg 903w\" sizes=\"auto, (max-width: 472px) 100vw, 472px\" \/><figcaption id=\"caption-attachment-3990\" class=\"wp-caption-text\">\u00a9Paul Ricken &#8211; Cava di granito, visita della SS Hauptsturmf\u00fchrer Georg Bachmayer<\/figcaption><\/figure>\n<figure id=\"attachment_3991\" aria-describedby=\"caption-attachment-3991\" style=\"width: 633px\" class=\"wp-caption aligncenter\"><img loading=\"lazy\" decoding=\"async\" class=\" wp-image-3991\" src=\"https:\/\/fiaf.net\/social\/wp-content\/uploads\/sites\/25\/2025\/01\/4.-\u00a9Paul-Ricken-Il-detenuto-Hans-Bonarewitz-condannato-a-morte-sul-carretto-accompagnato-da-orchestrali-300x164.jpg\" alt=\"\" width=\"633\" height=\"346\" srcset=\"https:\/\/fiaf.net\/social\/wp-content\/uploads\/sites\/25\/2025\/01\/4.-\u00a9Paul-Ricken-Il-detenuto-Hans-Bonarewitz-condannato-a-morte-sul-carretto-accompagnato-da-orchestrali-300x164.jpg 300w, https:\/\/fiaf.net\/social\/wp-content\/uploads\/sites\/25\/2025\/01\/4.-\u00a9Paul-Ricken-Il-detenuto-Hans-Bonarewitz-condannato-a-morte-sul-carretto-accompagnato-da-orchestrali-1024x561.jpg 1024w, https:\/\/fiaf.net\/social\/wp-content\/uploads\/sites\/25\/2025\/01\/4.-\u00a9Paul-Ricken-Il-detenuto-Hans-Bonarewitz-condannato-a-morte-sul-carretto-accompagnato-da-orchestrali-768x421.jpg 768w, https:\/\/fiaf.net\/social\/wp-content\/uploads\/sites\/25\/2025\/01\/4.-\u00a9Paul-Ricken-Il-detenuto-Hans-Bonarewitz-condannato-a-morte-sul-carretto-accompagnato-da-orchestrali.jpg 1280w\" sizes=\"auto, (max-width: 633px) 100vw, 633px\" \/><figcaption id=\"caption-attachment-3991\" class=\"wp-caption-text\">\u00a9Paul Ricken &#8211; Il detenuto Hans Bonarewitz condannato a morte, sul carretto accompagnato da orchestrali<\/figcaption><\/figure>\n<p style=\"font-weight: 400\">Le foto trafugate venivano portate fuori da Mauthausen con uno stratagemma, dopo essere state nascoste e consegnate a persone fidate che per qualche motivo lasciavano brevemente il campo per motivi di lavoro; furono conservate fino alla liberazione da parte degli americani, quando Francisco Boix pot\u00e8 recuperarle e consegnarle durante i Processi di Norimberga e di Dachau nel 1946, permettendo cos\u00ec di incastrare e condannare gli ufficiali nazisti che negavano il loro coinvolgimento nei campi di sterminio.<\/p>\n<figure id=\"attachment_3992\" aria-describedby=\"caption-attachment-3992\" style=\"width: 633px\" class=\"wp-caption aligncenter\"><img loading=\"lazy\" decoding=\"async\" class=\" wp-image-3992\" src=\"https:\/\/fiaf.net\/social\/wp-content\/uploads\/sites\/25\/2025\/01\/9.-\u00a9Donald-R.-Ornitz-Liberazione-del-campo-di-concentramento-di-Mauthausen-300x171.jpg\" alt=\"\" width=\"633\" height=\"361\" srcset=\"https:\/\/fiaf.net\/social\/wp-content\/uploads\/sites\/25\/2025\/01\/9.-\u00a9Donald-R.-Ornitz-Liberazione-del-campo-di-concentramento-di-Mauthausen-300x171.jpg 300w, https:\/\/fiaf.net\/social\/wp-content\/uploads\/sites\/25\/2025\/01\/9.-\u00a9Donald-R.-Ornitz-Liberazione-del-campo-di-concentramento-di-Mauthausen-1024x585.jpg 1024w, https:\/\/fiaf.net\/social\/wp-content\/uploads\/sites\/25\/2025\/01\/9.-\u00a9Donald-R.-Ornitz-Liberazione-del-campo-di-concentramento-di-Mauthausen-768x439.jpg 768w, https:\/\/fiaf.net\/social\/wp-content\/uploads\/sites\/25\/2025\/01\/9.-\u00a9Donald-R.-Ornitz-Liberazione-del-campo-di-concentramento-di-Mauthausen-1536x878.jpg 1536w, https:\/\/fiaf.net\/social\/wp-content\/uploads\/sites\/25\/2025\/01\/9.-\u00a9Donald-R.-Ornitz-Liberazione-del-campo-di-concentramento-di-Mauthausen.jpg 1731w\" sizes=\"auto, (max-width: 633px) 100vw, 633px\" \/><figcaption id=\"caption-attachment-3992\" class=\"wp-caption-text\">\u00a9Donald R. Ornitz &#8211; Liberazione del campo di concentramento di Mauthausen<\/figcaption><\/figure>\n<figure id=\"attachment_3988\" aria-describedby=\"caption-attachment-3988\" style=\"width: 621px\" class=\"wp-caption aligncenter\"><img loading=\"lazy\" decoding=\"async\" class=\" wp-image-3988\" src=\"https:\/\/fiaf.net\/social\/wp-content\/uploads\/sites\/25\/2025\/01\/10.-Francisco-Boix-testimone-durante-il-Processo-di-Norimberga-300x200.jpg\" alt=\"\" width=\"621\" height=\"414\" srcset=\"https:\/\/fiaf.net\/social\/wp-content\/uploads\/sites\/25\/2025\/01\/10.-Francisco-Boix-testimone-durante-il-Processo-di-Norimberga-300x200.jpg 300w, https:\/\/fiaf.net\/social\/wp-content\/uploads\/sites\/25\/2025\/01\/10.-Francisco-Boix-testimone-durante-il-Processo-di-Norimberga-768x512.jpg 768w, https:\/\/fiaf.net\/social\/wp-content\/uploads\/sites\/25\/2025\/01\/10.-Francisco-Boix-testimone-durante-il-Processo-di-Norimberga.jpg 771w\" sizes=\"auto, (max-width: 621px) 100vw, 621px\" \/><figcaption id=\"caption-attachment-3988\" class=\"wp-caption-text\">Francisco Boix, testimone durante il Processo di Norimberga<\/figcaption><\/figure>\n<p style=\"font-weight: 400\">Chi lasciava il proprio mondo per entrare in un campo di concentramento, ignaro di ci\u00f2 che lo aspettasse, non lasciava pi\u00f9 nulla di s\u00e9 stesso, nessuna traccia, nessuna storia, come se non fosse mai esistito. Per questo Francisco Boix corse il rischio della sua stessa vita, minacciata quotidianamente assieme a quelle delle migliaia di deportati che invece vi morirono.<\/p>\n<p style=\"font-weight: 400\">Il destino gli concesse in tutti i casi vita breve: la matricola n\u00b0 5185 si spense nel 1951 a Parigi a soli 31 anni a causa di una malattia renale contratta durante la prigionia a Mauthausen. Quel lager, beffardo, che in segno di crudo e buonista discernimento lo ribattezza proprio come il &#8220;Fotografo di Mauthausen&#8221;.<\/p>\n<p style=\"font-weight: 400\">Testo di Irene Vitrano<\/p>\n<p>&nbsp;<\/p>\n<p>Mercoled\u00ec 29 Gennaio alle ore 18.30 a Milano, presso la Casa della Memoria Milano, si svolger\u00e0 l&#8217;incontro con il fotografo Francesco CIto su &#8220;la Storia dietro le immagini: guerra e propaganda&#8221;.<\/p>\n<figure id=\"attachment_3986\" aria-describedby=\"caption-attachment-3986\" style=\"width: 635px\" class=\"wp-caption aligncenter\"><img loading=\"lazy\" decoding=\"async\" class=\" wp-image-3986\" src=\"https:\/\/fiaf.net\/social\/wp-content\/uploads\/sites\/25\/2025\/01\/473412974_1021635926658686_5944900766883338840_n-300x252.jpg\" alt=\"\" width=\"635\" height=\"533\" srcset=\"https:\/\/fiaf.net\/social\/wp-content\/uploads\/sites\/25\/2025\/01\/473412974_1021635926658686_5944900766883338840_n-300x252.jpg 300w, https:\/\/fiaf.net\/social\/wp-content\/uploads\/sites\/25\/2025\/01\/473412974_1021635926658686_5944900766883338840_n-1024x860.jpg 1024w, https:\/\/fiaf.net\/social\/wp-content\/uploads\/sites\/25\/2025\/01\/473412974_1021635926658686_5944900766883338840_n-768x645.jpg 768w, https:\/\/fiaf.net\/social\/wp-content\/uploads\/sites\/25\/2025\/01\/473412974_1021635926658686_5944900766883338840_n-1536x1290.jpg 1536w, https:\/\/fiaf.net\/social\/wp-content\/uploads\/sites\/25\/2025\/01\/473412974_1021635926658686_5944900766883338840_n.jpg 2048w\" sizes=\"auto, (max-width: 635px) 100vw, 635px\" \/><figcaption id=\"caption-attachment-3986\" class=\"wp-caption-text\">Foto \u00a9 Memoriale del Campo di concentramento di Mauthausen \/ Memoriale di Mauthausen \/ Foto in mostra presso la Casa della Memoria MIlano sul campo di Mauthausen, 1942<\/figcaption><\/figure>\n<p><img loading=\"lazy\" decoding=\"async\" class=\" wp-image-3995 aligncenter\" src=\"https:\/\/fiaf.net\/social\/wp-content\/uploads\/sites\/25\/2025\/01\/471780413_603369402284045_1750378596506800638_n-300x300.jpg\" alt=\"\" width=\"631\" height=\"631\" srcset=\"https:\/\/fiaf.net\/social\/wp-content\/uploads\/sites\/25\/2025\/01\/471780413_603369402284045_1750378596506800638_n-300x300.jpg 300w, https:\/\/fiaf.net\/social\/wp-content\/uploads\/sites\/25\/2025\/01\/471780413_603369402284045_1750378596506800638_n-1024x1024.jpg 1024w, https:\/\/fiaf.net\/social\/wp-content\/uploads\/sites\/25\/2025\/01\/471780413_603369402284045_1750378596506800638_n-150x150.jpg 150w, https:\/\/fiaf.net\/social\/wp-content\/uploads\/sites\/25\/2025\/01\/471780413_603369402284045_1750378596506800638_n-768x768.jpg 768w, https:\/\/fiaf.net\/social\/wp-content\/uploads\/sites\/25\/2025\/01\/471780413_603369402284045_1750378596506800638_n.jpg 1080w\" sizes=\"auto, (max-width: 631px) 100vw, 631px\" \/><\/p>\n\n    <div class=\"xs_social_share_widget xs_share_url after_content \t\tmain_content  wslu-style-1 wslu-share-box-shaped wslu-fill-colored wslu-none wslu-share-horizontal wslu-theme-font-no wslu-main_content\">\n\n\t\t\n        <ul>\n\t\t\t        <\/ul>\n    <\/div> \n","protected":false},"excerpt":{"rendered":"<p>&#8220;Nei lager c&#8217;era anche lui&#8221; e per farvelo conoscere prendo spunto proprio dal titolo del libro di Vincenzo Pappalettera, un &hellip;<\/p>\n","protected":false},"author":78,"featured_media":3985,"comment_status":"open","ping_status":"open","sticky":false,"template":"","format":"standard","meta":{"_acf_changed":false,"footnotes":""},"categories":[6,7,13],"tags":[33,859,860,861],"class_list":["post-3984","post","type-post","status-publish","format-standard","has-post-thumbnail","hentry","category-autori","category-news","category-home","tag-memoria","tag-maipiu","tag-franciscoboix","tag-mauthausen"],"acf":[],"_links":{"self":[{"href":"https:\/\/fiaf.net\/social\/wp-json\/wp\/v2\/posts\/3984","targetHints":{"allow":["GET"]}}],"collection":[{"href":"https:\/\/fiaf.net\/social\/wp-json\/wp\/v2\/posts"}],"about":[{"href":"https:\/\/fiaf.net\/social\/wp-json\/wp\/v2\/types\/post"}],"author":[{"embeddable":true,"href":"https:\/\/fiaf.net\/social\/wp-json\/wp\/v2\/users\/78"}],"replies":[{"embeddable":true,"href":"https:\/\/fiaf.net\/social\/wp-json\/wp\/v2\/comments?post=3984"}],"version-history":[{"count":4,"href":"https:\/\/fiaf.net\/social\/wp-json\/wp\/v2\/posts\/3984\/revisions"}],"predecessor-version":[{"id":3997,"href":"https:\/\/fiaf.net\/social\/wp-json\/wp\/v2\/posts\/3984\/revisions\/3997"}],"wp:featuredmedia":[{"embeddable":true,"href":"https:\/\/fiaf.net\/social\/wp-json\/wp\/v2\/media\/3985"}],"wp:attachment":[{"href":"https:\/\/fiaf.net\/social\/wp-json\/wp\/v2\/media?parent=3984"}],"wp:term":[{"taxonomy":"category","embeddable":true,"href":"https:\/\/fiaf.net\/social\/wp-json\/wp\/v2\/categories?post=3984"},{"taxonomy":"post_tag","embeddable":true,"href":"https:\/\/fiaf.net\/social\/wp-json\/wp\/v2\/tags?post=3984"}],"curies":[{"name":"wp","href":"https:\/\/api.w.org\/{rel}","templated":true}]}}