{"id":11578,"date":"2013-07-04T20:10:32","date_gmt":"2013-07-04T18:10:32","guid":{"rendered":"https:\/\/fiaf.net\/regioni\/toscana\/?p=11578"},"modified":"2013-07-04T20:10:32","modified_gmt":"2013-07-04T18:10:32","slug":"vita-di-marmo-mostra-fotografica","status":"publish","type":"post","link":"https:\/\/fiaf.net\/toscana\/2013\/07\/04\/vita-di-marmo-mostra-fotografica\/","title":{"rendered":"&#8220;Vita di marmo&#8221; &#8211; Mostra Fotografica"},"content":{"rendered":"<p><a href=\"https:\/\/fiaf.net\/regioni\/toscana\/wp-content\/uploads\/2013\/06\/vita-di-marmo.jpg\"><img loading=\"lazy\" decoding=\"async\" class=\"aligncenter size-full wp-image-11579\" alt=\"vita di marmo\" src=\"https:\/\/fiaf.net\/regioni\/toscana\/wp-content\/uploads\/2013\/06\/vita-di-marmo.jpg\" width=\"704\" height=\"562\" srcset=\"https:\/\/fiaf.net\/toscana\/wp-content\/uploads\/sites\/10\/2013\/06\/vita-di-marmo.jpg 704w, https:\/\/fiaf.net\/toscana\/wp-content\/uploads\/sites\/10\/2013\/06\/vita-di-marmo-300x239.jpg 300w\" sizes=\"auto, (max-width: 704px) 100vw, 704px\" \/><\/a><\/p>\n<h2 style=\"text-align: center\"><strong>&#8220;Vita di Marmo&#8221; &#8211; Cave Apuane<\/strong><\/h2>\n<h4 style=\"text-align: center\"><em><strong>Fotografie di Paolo Maggiani e Poesie di Roberto Maggiani<\/strong><\/em><\/h4>\n<p style=\"text-align: center\"><strong>facente parte del percorso mostre di &#8220;Carrara Marble Weeks 2013&#8221; <\/strong><\/p>\n<p style=\"text-align: center\"><strong>\u00e8 allestita in una location sita in p.za Alberica &#8211; Carrara, centro storico<\/strong><\/p>\n<h4 style=\"text-align: center\"><em><strong>Apertura dal 12 luglio al 4 agosto<\/strong><\/em><\/h4>\n<h4 style=\"text-align: center\"><em><strong>dal Venerd\u00ec alla Domenica &#8211; ore 18-24<\/strong><\/em><\/h4>\n<p style=\"text-align: center\"><strong>in occasione della mostra sar\u00e0 presentato il libro fotografico &#8220;Vita di Marmo&#8221;<\/strong><\/p>\n<p style=\"text-align: center\"><strong>Lettura delle poesie e proiezione a cura di Carlo Ciappi<\/strong><\/p>\n<p style=\"text-align: center\"><strong>SABATO 6 LUGLIO ALLE ORE 18<\/strong><\/p>\n<p style=\"text-align: center\"><strong>spazio esterno antistante la mostra fotografica<\/strong><\/p>\n<p style=\"text-align: center\">_________________<\/p>\n<p style=\"text-align: left\"><!--[if gte mso 9]&gt;--><\/p>\n<p>1024&#215;768<\/p>\n<p style=\"text-align: left\"><!--[if gte mso 9]&gt;--><\/p>\n<p>Normal<br \/>\n0<\/p>\n<p>14<\/p>\n<p>false<br \/>\nfalse<br \/>\nfalse<\/p>\n<p>IT<br \/>\nX-NONE<br \/>\nX-NONE<\/p>\n<p>MicrosoftInternetExplorer4<\/p>\n<p><!--[if gte mso 9]&gt;--><\/p>\n<p><!--[if gte mso 10]&gt;--><\/p>\n<p> \/* Style Definitions *\/<br \/>\n table.MsoNormalTable<br \/>\n\t{mso-style-name:&#8221;Tabella normale&#8221;;<br \/>\n\tmso-tstyle-rowband-size:0;<br \/>\n\tmso-tstyle-colband-size:0;<br \/>\n\tmso-style-noshow:yes;<br \/>\n\tmso-style-priority:99;<br \/>\n\tmso-style-qformat:yes;<br \/>\n\tmso-style-parent:&#8221;&#8221;;<br \/>\n\tmso-padding-alt:0cm 5.4pt 0cm 5.4pt;<br \/>\n\tmso-para-margin-top:0cm;<br \/>\n\tmso-para-margin-right:0cm;<br \/>\n\tmso-para-margin-bottom:10.0pt;<br \/>\n\tmso-para-margin-left:0cm;<br \/>\n\tline-height:115%;<br \/>\n\tmso-pagination:widow-orphan;<br \/>\n\tfont-size:11.0pt;<br \/>\n\tfont-family:&#8221;Calibri&#8221;,&#8221;sans-serif&#8221;;<br \/>\n\tmso-ascii-font-family:Calibri;<br \/>\n\tmso-ascii-theme-font:minor-latin;<br \/>\n\tmso-fareast-font-family:&#8221;Times New Roman&#8221;;<br \/>\n\tmso-fareast-theme-font:minor-fareast;<br \/>\n\tmso-hansi-font-family:Calibri;<br \/>\n\tmso-hansi-theme-font:minor-latin;}<\/p>\n<p class=\"MsoNormal\" style=\"line-height: normal\"><span style=\"font-size: 12.0pt;font-family: 'Times New Roman','serif'\"><br \/> <\/span><span style=\"font-size: 13.5pt;font-family: 'Times New Roman','serif'\">Immagini realizzate sulle Apuane, nelle cave di marmo, nella citt\u00e0 di Carrara, nei paesi, nonch\u00e9 dalla costa, mostrano paesaggi ed evidenziano particolari del vivere di marmo attuale e di un tempo, generando nel loro insieme un percorso fotografico narrativo che descrive i contrasti del territorio.<\/span><\/p>\n<p class=\"MsoNormal\" style=\"line-height: normal\"><span style=\"font-size: 13.5pt;font-family: 'Times New Roman','serif'\">Le immagini fotografiche sono accompagnate dai testi lirici di Roberto Maggiani, ispirati dalle foto stesse.<\/span><\/p>\n<p class=\"MsoNormal\" style=\"line-height: normal\"><b><span style=\"font-size: 12.0pt;font-family: 'Times New Roman','serif'\">Paolo Maggiani<\/span><\/b><span style=\"font-size: 12.0pt;font-family: 'Times New Roman','serif'\">,\u00a0<i>Carrara<\/i>. La sua fotografia attenta all\u2019analisi dei particolari che sfuggono all\u2019occhio; attraverso personali inquadrature e prospettive, mette in risalto le forme, i colori e i loro contrasti e\/o armonie. Egli \u00e8 attento alle vicende umane che da sempre accompagnano gli uomini apuani in stretta simbiosi con il paesaggio dintorno e le peculiari cave di marmo.\u00a0<a href=\"http:\/\/www.paolomaggiani.it\/\" target=\"_blank\" rel=\"noopener\"><span style=\"color: blue\">www.paolomaggiani.it<\/span><\/a><\/span><\/p>\n<p class=\"MsoNormal\" style=\"line-height: normal\"><b><span style=\"font-size: 12.0pt;font-family: 'Times New Roman','serif'\">Roberto Maggiani<\/span><\/b><span style=\"font-size: 12.0pt;font-family: 'Times New Roman','serif'\">,\u00a0<i>Roma<\/i>. \u201cEgli d\u00e0 forma a una scrittura il pi\u00f9 delle volte rapida, essenziale, quasi prossima all\u2019aforisma e all\u2019essenzialit\u00e0 del concetto. La poetica che muove questi versi \u00e8 costantemente tesa, inoltre, all\u2019espressione spirituale, alla formulazione di un messaggio che sappia mostrare appieno le difficolt\u00e0 e le contraddizioni delle vicende dell\u2019anima.&#8221;\u00a0<a href=\"http:\/\/www.robertomaggiani.it\/\" target=\"_blank\" rel=\"noopener\"><span style=\"color: blue\">www.robertomaggiani.it<\/span><\/a><br \/>\n<\/span><span style=\"font-size: 13.5pt;font-family: 'Times New Roman','serif'\">Fondatore della rivista letteraria libera on-line\u00a0<\/span><span style=\"font-size: 12.0pt;font-family: 'Times New Roman','serif'\"><a href=\"http:\/\/www.larecherche.it\/\" target=\"_blank\" rel=\"noopener\"><span style=\"font-size: 13.5pt;color: blue\">www.larecherche.it<\/span><\/a><\/span><span style=\"font-size: 13.5pt;font-family: 'Times New Roman','serif'\">, e per la quale cura la collana di eBook \u201cLibri liberi\u201d.<\/span><\/p>\n<p class=\"MsoNormal\" style=\"line-height: normal\"><b><span style=\"font-size: 12.0pt;font-family: 'Times New Roman','serif'\">Carlo Ciappi<\/span><\/b><span style=\"font-size: 12.0pt;font-family: 'Times New Roman','serif'\">,\u00a0<i>Firenze<\/i>. Fotografo, organizzatore e presentatore di eventi artistici e culturali, curatore di recital di poesia e docente D.A.C. &#8211; F.I.A.F. (Dipartimento Attivit\u00e0 Culturali &#8211; Federazione Italiana Associazioni Fotografiche)<\/span><\/p>\n<p class=\"MsoNormal\" style=\"line-height: normal\"><span style=\"font-size: 12.0pt;font-family: 'Times New Roman','serif'\">Inoltre all&#8217;interno della mostra sar\u00e0 proiettato in continuo:<\/span><\/p>\n<p class=\"MsoNormal\" style=\"line-height: normal\"><span style=\"font-size: 12.0pt;font-family: 'Times New Roman','serif'\">\u201c<\/span><b><span style=\"font-size: 13.5pt;font-family: 'Times New Roman','serif'\">MADE IN ITALY\u201d<\/span><\/b><span style=\"font-size: 13.5pt;font-family: 'Times New Roman','serif'\">, documentario (28 min.) in cui scopre un vecchio film, girato pi\u00f9 di 100 anni fa a Carrara dagli inventori del cinema, i fratelli Lumi\u00e8re. Fabio decide di portare la pellicola nella citt\u00e0 del marmo dove anche Michelangelo veniva a fare le sue sculture. Con l&#8217;aiuto di un enigmatico proprietario di cinema , alcuni cavatori, un vecchio prete appassionato e di altri personaggi affascinanti, cerca di trovare il luogo mitico dove i fratelli Lumi\u00e8re l&#8217;hanno girato. \u201cMADE IN ITALY\u201d \u00e8 un viaggio italiano pieno di &#8216;commedia dell&#8217;arte&#8217; che porta Fabio a scoprire le sue radici come mai avrebbe potuto immaginare &#8230;<\/span><\/p>\n<p class=\"MsoNormal\" style=\"line-height: normal\"><b><span style=\"font-size: 13.5pt;font-family: 'Times New Roman','serif'\">Fabio Wuytack<\/span><\/b><span style=\"font-size: 13.5pt;font-family: 'Times New Roman','serif'\">,\u00a0<i>Belgio<\/i>. Regista di &#8220;MADE IN ITALY&#8221;. <\/span><span lang=\"EN-US\" style=\"font-size: 13.5pt;font-family: 'Times New Roman','serif'\">Master Degree: master in audiovisual arts (Brussels\/Sint Lukas)<\/span><\/p>\n<p class=\"MsoNormal\" style=\"line-height: normal\"><span lang=\"EN-US\" style=\"font-size: 13.5pt;font-family: 'Times New Roman','serif'\">Specialisation: film direction documentary. Master Degree: MANCHESTER METROPOLITAN UNIVERSITY post degree &#8220;SOCIAL INCLUSION THROUGH ACCESS TO THE MEDIA INDUSTRIES &#8211; programme&#8221;<\/span><\/p>\n<p class=\"MsoNormal\" style=\"line-height: normal\"><span lang=\"EN-US\" style=\"font-size: 13.5pt;font-family: 'Times New Roman','serif'\">Master Degree: pedagogical degree \/ master in audiovisual arts (Gent\/Sint Lucas)<\/span><\/p>\n<p class=\"MsoNormal\" style=\"line-height: normal;text-align: center\"><a href=\"https:\/\/fiaf.net\/regioni\/toscana\/wp-content\/uploads\/2013\/06\/Vita-di-Marmo-copia.jpg\"><img loading=\"lazy\" decoding=\"async\" class=\"aligncenter size-full wp-image-11597\" alt=\"Vita di Marmo copia\" src=\"https:\/\/fiaf.net\/regioni\/toscana\/wp-content\/uploads\/2013\/06\/Vita-di-Marmo-copia.jpg\" width=\"350\" height=\"291\" \/><\/a><\/p>\n\n    <div class=\"xs_social_share_widget xs_share_url after_content \t\tmain_content  wslu-style-1 wslu-share-box-shaped wslu-fill-colored wslu-none wslu-share-horizontal wslu-theme-font-no wslu-main_content\">\n\n\t\t\n        <ul>\n\t\t\t        <\/ul>\n    <\/div> \n","protected":false},"excerpt":{"rendered":"<p>&#8220;Vita di Marmo&#8221; &#8211; Cave Apuane Fotografie di Paolo Maggiani e Poesie di Roberto Maggiani facente parte del percorso mostre &hellip;<\/p>\n","protected":false},"author":64,"featured_media":11580,"comment_status":"closed","ping_status":"closed","sticky":false,"template":"","format":"standard","meta":{"_acf_changed":false,"footnotes":""},"categories":[7],"tags":[],"class_list":["post-11578","post","type-post","status-publish","format-standard","has-post-thumbnail","hentry","category-mostre"],"acf":[],"_links":{"self":[{"href":"https:\/\/fiaf.net\/toscana\/wp-json\/wp\/v2\/posts\/11578","targetHints":{"allow":["GET"]}}],"collection":[{"href":"https:\/\/fiaf.net\/toscana\/wp-json\/wp\/v2\/posts"}],"about":[{"href":"https:\/\/fiaf.net\/toscana\/wp-json\/wp\/v2\/types\/post"}],"author":[{"embeddable":true,"href":"https:\/\/fiaf.net\/toscana\/wp-json\/wp\/v2\/users\/64"}],"replies":[{"embeddable":true,"href":"https:\/\/fiaf.net\/toscana\/wp-json\/wp\/v2\/comments?post=11578"}],"version-history":[{"count":0,"href":"https:\/\/fiaf.net\/toscana\/wp-json\/wp\/v2\/posts\/11578\/revisions"}],"wp:featuredmedia":[{"embeddable":true,"href":"https:\/\/fiaf.net\/toscana\/wp-json\/wp\/v2\/media\/11580"}],"wp:attachment":[{"href":"https:\/\/fiaf.net\/toscana\/wp-json\/wp\/v2\/media?parent=11578"}],"wp:term":[{"taxonomy":"category","embeddable":true,"href":"https:\/\/fiaf.net\/toscana\/wp-json\/wp\/v2\/categories?post=11578"},{"taxonomy":"post_tag","embeddable":true,"href":"https:\/\/fiaf.net\/toscana\/wp-json\/wp\/v2\/tags?post=11578"}],"curies":[{"name":"wp","href":"https:\/\/api.w.org\/{rel}","templated":true}]}}