{"id":14516,"date":"2014-02-13T09:30:16","date_gmt":"2014-02-13T08:30:16","guid":{"rendered":"https:\/\/fiaf.net\/regioni\/toscana\/?p=14516"},"modified":"2014-02-13T09:30:16","modified_gmt":"2014-02-13T08:30:16","slug":"seravezza-fotografia-2014","status":"publish","type":"post","link":"https:\/\/fiaf.net\/toscana\/2014\/02\/13\/seravezza-fotografia-2014\/","title":{"rendered":"Frank Horvat a Firenze"},"content":{"rendered":"<p><a href=\"https:\/\/fiaf.net\/regioni\/toscana\/wp-content\/uploads\/2013\/12\/cover-Horvat_large.jpg\"><img loading=\"lazy\" decoding=\"async\" class=\"aligncenter size-full wp-image-15062\" alt=\"cover-Horvat_large\" src=\"https:\/\/fiaf.net\/regioni\/toscana\/wp-content\/uploads\/2013\/12\/cover-Horvat_large.jpg\" width=\"424\" height=\"550\" srcset=\"https:\/\/fiaf.net\/toscana\/wp-content\/uploads\/sites\/10\/2013\/12\/cover-Horvat_large.jpg 424w, https:\/\/fiaf.net\/toscana\/wp-content\/uploads\/sites\/10\/2013\/12\/cover-Horvat_large-231x300.jpg 231w\" sizes=\"auto, (max-width: 424px) 100vw, 424px\" \/><\/a><\/p>\n<p>&nbsp;<\/p>\n<p class=\"MsoNormal\"><span style=\"font-family: 'Segoe UI          Semibold','sans-serif';color: black\">FOTOGRAFIA: <\/span><span style=\"font-family: 'Segoe UI          Semibold','sans-serif';font-size: 16pt\">Frank Horvat a Firenze <\/span><\/p>\n<p class=\"MsoNormal\"><span style=\"font-family: 'Segoe UI Semibold','sans-serif';font-size: 12pt\">Frank Horvat, uno dei maestri della fotografia contemporanea, incontrer\u00e0 i giornalisti venerd\u00ec 21 febbraio alle ore 12 nella sala stampa Montanelli del Consiglio Regionale della Toscana, via Cavour 4 a Firenze, \u00a0per presentare la mostra &#8220;House With Fifteen Keys&#8221; organizzata nell&#8217;ambito dell&#8217;undicesima edizione di Seravezza Fotografia che si svolger\u00e0 dal 22 febbraio al 21 aprile 2014 a Seravezza in Versilia (LU).<\/span><\/p>\n<p>&nbsp;<\/p>\n<p>___________________________<\/p>\n<p>L&#8217; undicesima edizione di \u201cSeravezza Fotografia\u201d si svolger\u00e0 a Seravezza in Versilia (Lucca) dal 22 febbraio al 21 aprile 2014. Una manifestazione di respiro nazionale e internazionale che ogni anno coniuga con successo i grandi nomi della fotografia\u00a0 con un vasto pubblico e il mondo amatoriale della fotografia, organizzata dalla Fondazione Terre Medicee, dall\u2019Assessorato alla Cultura del Comune di Seravezza e il patrocinio della FIAF (Federazione Italiana Associazioni Fotografiche) con la direzione artistica di Ivo Balderi.<\/p>\n<p>Anche quest\u2019anno Seravezza Fotografia conferma le proprie linee guida presentando un programma ricco di eventi di grande spessore e qualit\u00e0, primo fra tutti la mostra fotografica di <strong>Frank Horvat<\/strong> dal titolo <a href=\"&quot;House with Fifteen Keys&quot; \">&#8220;<strong>House with Fifteen Keys<\/strong>&#8221; <\/a>che si tiene al Palazzo Mediceo nell&#8217;ambito di Seravezza Fotografia 2014, \u00e8 sostanzialmente una retrospettiva che racconta 70 anni di attivit\u00e0 fotografica\u00a0 del grande maestro nato nel 1928 in Italia ad Abbazia, oggi cittadina croata con il nome di Opatija. Fotografie di reportage, moda, ritratto, paesaggio e fotografia di strada sono sapientemente raccolte e riconsiderate dall&#8217;autore in un&#8217;esposizione di duecentonovanta fotografie suddivise in 15 chiavi di lettura\u00a0 non mancano all&#8217;interno di questa raccolta anche estrapolazioni da progetti fotografici personali realizzati dagli anni &#8217;80 ad oggi.<\/p>\n<p>Seravezza Fotografia \u00e8 una rassegna dalla durata di quasi tre mesi e si sviluppa con esposizioni di fotografi riconosciuti a livello internazionale e anche con esposizioni di giovani fotografi emergenti che abbiano dato dimostrazione del loro intento, le mostre sono organizzate nei prestigiosi spazzi del Palazzo Mediceo e nelle Scuderie Granducali dell&#8217;area medicea di Seravezza, l&#8217;intento come nelle edizioni precedenti \u00e8 quello di organizzare una mostra principale di un &#8220;maestro&#8221; riconosciuto a livello internazionale e che la sua esperienza esposta in mostra possa essere anche uno stimolo per i giovani fotografi, per l&#8217;edizione 2014 questo ruolo sar\u00e0 ricoperto da <strong>Frank Horvat<\/strong>, mentre le altre prestigiose mostre saranno dedicate ai giovani emergenti di cui Seravezza Fotografia ne ha verificato l&#8217;affidabilit\u00e0 nella volont\u00e0 di essere fotografo, relazionandosi con loro per quasi un anno. Le giovani proposte, quest&#8217;anno tutte al famminile sono: <strong>Marian Vanzetto<\/strong>,\u00a0<strong>Vincenza de Nigris<\/strong>, \u00a0<strong>Alejandra Mendez<\/strong> ( vincitrice premio migliore portfolio fotografico Seravezza Fotografia 2013).<\/p>\n<p>A conferma dell&#8217;esperienza positiva dell&#8217;edizione precedente del Seravezza Fotografia verr\u00e0 dedicata\u00a0 una mostra anche ai giovanissimi fotografi che \u00e8 il risultato del corso di fotografia tenuto da <strong>Giacomo Donati<\/strong> all&#8217;interno dell&#8217; <strong>Istituto Comprensivo di Seravezza<\/strong>.<br \/>\nIl <strong>circolo fotografico &#8220;Altissimo&#8221; <\/strong>da anni attivo su tutto il teritorio regionale, porter\u00e0 in mostra un lavoro di gruppo a tema, come gi\u00e0 accaduto in maniera egregia nell&#8217;edizione precedente con la mostra intitolata &#8220;<strong>Displacement<\/strong>&#8220;.<\/p>\n<p>In collaborazione con <strong>Labottegalab<\/strong> di Marina di Pietrasanta nei propri spazi espositivi ci sar\u00e0 la mostra\/evento dei fotografi <strong>Silvia Amodio<\/strong> e<strong> Ugo Panella<\/strong> dal titolo: &#8220;<strong>Ritratti di donna<\/strong>&#8221;<br \/>\nIn collaborazione con la Federazione Italiana Associazioni Fotografiche (Fiaf) Seravezza Fotografia a conclusione delle attivit\u00e0\u00a0 educative, formative laboratoriali e seminariali, propone ai partecipanti dei vari corsi e workshop e anche ad un pi\u00f9 vasto pubblico di fotografi, l&#8217;iscrizione alla lettura dei portfolio fotografici, che sar\u00e0 effettuata da esperti del settore nominati dalla Fiaf e l&#8217;autore che avr\u00e0 esibito il miglior portfolio fotografico avr\u00e0 diritto ad esporre nell&#8217;edizione successiva di Seravezza Fotografia, il tutto sara regolamentato e pubblicato sul sito ufficiale della rassegna come \u00e8 avvenuto nell&#8217;edizione precedente.<\/p>\n<p>La mostra fotografica <strong>\u201cHouse with Fifteen Keys\u201d di FRANK HORVAT<\/strong>\u00a0 e le altre mostre presso le Scuderie Granducali \u00a0saranno aperte <strong>dal 22 febbraio al 21 aprile 2014<\/strong>\u00a0con orario <strong>dal gioved\u00ec al sabato 15.00-19.00 e la domenica e festivi 10.00-19.00<\/strong><\/p>\n<p>Il biglietto d\u2019ingresso \u00e8 di 6 euro (intero) e 4 euro (ridotto).<\/p>\n<p style=\"text-align: center\"><a href=\"https:\/\/fiaf.net\/regioni\/toscana\/wp-content\/uploads\/2013\/12\/seravezza-3-copia.jpg\"><img loading=\"lazy\" decoding=\"async\" class=\"aligncenter size-full wp-image-15063\" alt=\"seravezza 3 copia\" src=\"https:\/\/fiaf.net\/regioni\/toscana\/wp-content\/uploads\/2013\/12\/seravezza-3-copia.jpg\" width=\"299\" height=\"269\" \/><\/a><\/p>\n\n    <div class=\"xs_social_share_widget xs_share_url after_content \t\tmain_content  wslu-style-1 wslu-share-box-shaped wslu-fill-colored wslu-none wslu-share-horizontal wslu-theme-font-no wslu-main_content\">\n\n\t\t\n        <ul>\n\t\t\t        <\/ul>\n    <\/div> \n","protected":false},"excerpt":{"rendered":"<p>&nbsp; FOTOGRAFIA: Frank Horvat a Firenze Frank Horvat, uno dei maestri della fotografia contemporanea, incontrer\u00e0 i giornalisti venerd\u00ec 21 febbraio &hellip;<\/p>\n","protected":false},"author":64,"featured_media":15064,"comment_status":"closed","ping_status":"closed","sticky":false,"template":"","format":"standard","meta":{"_acf_changed":false,"footnotes":""},"categories":[6],"tags":[],"class_list":["post-14516","post","type-post","status-publish","format-standard","has-post-thumbnail","hentry","category-manifestazioni"],"acf":[],"_links":{"self":[{"href":"https:\/\/fiaf.net\/toscana\/wp-json\/wp\/v2\/posts\/14516","targetHints":{"allow":["GET"]}}],"collection":[{"href":"https:\/\/fiaf.net\/toscana\/wp-json\/wp\/v2\/posts"}],"about":[{"href":"https:\/\/fiaf.net\/toscana\/wp-json\/wp\/v2\/types\/post"}],"author":[{"embeddable":true,"href":"https:\/\/fiaf.net\/toscana\/wp-json\/wp\/v2\/users\/64"}],"replies":[{"embeddable":true,"href":"https:\/\/fiaf.net\/toscana\/wp-json\/wp\/v2\/comments?post=14516"}],"version-history":[{"count":0,"href":"https:\/\/fiaf.net\/toscana\/wp-json\/wp\/v2\/posts\/14516\/revisions"}],"wp:featuredmedia":[{"embeddable":true,"href":"https:\/\/fiaf.net\/toscana\/wp-json\/wp\/v2\/media\/15064"}],"wp:attachment":[{"href":"https:\/\/fiaf.net\/toscana\/wp-json\/wp\/v2\/media?parent=14516"}],"wp:term":[{"taxonomy":"category","embeddable":true,"href":"https:\/\/fiaf.net\/toscana\/wp-json\/wp\/v2\/categories?post=14516"},{"taxonomy":"post_tag","embeddable":true,"href":"https:\/\/fiaf.net\/toscana\/wp-json\/wp\/v2\/tags?post=14516"}],"curies":[{"name":"wp","href":"https:\/\/api.w.org\/{rel}","templated":true}]}}